{"id":824,"date":"2017-01-11T15:09:00","date_gmt":"2017-01-11T14:09:00","guid":{"rendered":"http:\/\/agora.xtec.cat\/iesrafaelcampalans\/general\/a-punt-pels-treballs-de-recerca\/"},"modified":"2017-09-25T23:35:59","modified_gmt":"2017-09-25T21:35:59","slug":"a-punt-pels-treballs-de-recerca","status":"publish","type":"post","link":"https:\/\/agora.xtec.cat\/iesrafaelcampalans\/general\/a-punt-pels-treballs-de-recerca\/","title":{"rendered":"A punt pels Treballs de Recerca"},"content":{"rendered":"<div style=\"text-align: justify;\"><\/div>\n<div style=\"clear: both; text-align: center;\"><a href=\"https:\/\/3.bp.blogspot.com\/-HOk13y00cxU\/WHYuFQsHmWI\/AAAAAAAACmQ\/qbBDV3eofTIV8qc_frZ-8SKH9T9tZzp4QCEw\/s1600\/re.jpg\" style=\"margin-left: 1em; margin-right: 1em;\"><img loading=\"lazy\" decoding=\"async\" border=\"0\" height=\"177\" src=\"https:\/\/3.bp.blogspot.com\/-HOk13y00cxU\/WHYuFQsHmWI\/AAAAAAAACmQ\/qbBDV3eofTIV8qc_frZ-8SKH9T9tZzp4QCEw\/s400\/re.jpg\" width=\"400\" \/><\/a><\/div>\n<div style=\"text-align: center;\"><\/div>\n<div style=\"text-align: justify;\">Ja est\u00e0 tot a punt perqu\u00e8 a partir de dimarts vinent, dia 17 i l&#8217;altre, el dia 24, els nostres alumnes de segon de batxillerat facin la seva exposici\u00f3 i defensa dels seus treballs de recerca. Ja fa dies van presentar les mem\u00f2ries escrites, que ara s\u00f3n a mans dels tribunals que les avaluaran. Ara, doncs, nom\u00e9s resta l&#8217;acte de presentaci\u00f3 oral i defensa dels treballs. \u00c9s un acte p\u00fablic, obert per a tothom, familiars, amics, professorat i totes les persones que hi estiguin interessades.<br \/><a name='more'><\/a><\/div>\n<div style=\"clear: both; text-align: center;\"><a href=\"https:\/\/3.bp.blogspot.com\/-eCwMnuyOk2M\/WHYuA1E1dmI\/AAAAAAAACmI\/g88b59ehW0ATbuHLcnJtF1xRZFEV1CZZgCEw\/s1600\/recerca.jpg\" style=\"margin-left: 1em; margin-right: 1em;\"><img loading=\"lazy\" decoding=\"async\" border=\"0\" height=\"299\" src=\"https:\/\/3.bp.blogspot.com\/-eCwMnuyOk2M\/WHYuA1E1dmI\/AAAAAAAACmI\/g88b59ehW0ATbuHLcnJtF1xRZFEV1CZZgCEw\/s400\/recerca.jpg\" width=\"400\" \/><\/a><\/div>\n<div style=\"clear: both; text-align: center;\"><\/div>\n<p><span style=\"text-align: justify;\">Es tracta d&#8217;un acte acad\u00e8mic que t\u00e9 un format molt adient perqu\u00e8 tothom es pugui sentir interessat a assistir-hi.<\/span><\/p>\n<div style=\"text-align: right;\"><i>&#8220;Falc\u00f3 de not\u00edciers, 11 de gener 2017<\/i><\/div>\n<div style=\"text-align: justify;\"><\/div>\n","protected":false},"excerpt":{"rendered":"<p>Ja est\u00e0 tot a punt perqu\u00e8 a partir de dimarts vinent, dia 17 i l&#8217;altre, el dia 24, els nostres alumnes de segon de batxillerat facin la seva exposici\u00f3 i defensa dels seus treballs de recerca. Ja fa dies van presentar les mem\u00f2ries escrites, que ara s\u00f3n a mans dels tribunals que les avaluaran. Ara, [&hellip;]<\/p>\n","protected":false},"author":1,"featured_media":0,"comment_status":"closed","ping_status":"closed","sticky":false,"template":"","format":"standard","meta":{"_bbp_topic_count":0,"_bbp_reply_count":0,"_bbp_total_topic_count":0,"_bbp_total_reply_count":0,"_bbp_voice_count":0,"_bbp_anonymous_reply_count":0,"_bbp_topic_count_hidden":0,"_bbp_reply_count_hidden":0,"_bbp_forum_subforum_count":0,"site-sidebar-layout":"default","site-content-layout":"","ast-site-content-layout":"","site-content-style":"default","site-sidebar-style":"default","ast-global-header-display":"","ast-banner-title-visibility":"","ast-main-header-display":"","ast-hfb-above-header-display":"","ast-hfb-below-header-display":"","ast-hfb-mobile-header-display":"","site-post-title":"","ast-breadcrumbs-content":"","ast-featured-img":"","footer-sml-layout":"","theme-transparent-header-meta":"","adv-header-id-meta":"","stick-header-meta":"","header-above-stick-meta":"","header-main-stick-meta":"","header-below-stick-meta":"","astra-migrate-meta-layouts":"default","ast-page-background-enabled":"default","ast-page-background-meta":{"desktop":{"background-color":"var(--ast-global-color-4)","background-image":"","background-repeat":"repeat","background-position":"center center","background-size":"auto","background-attachment":"scroll","background-type":"","background-media":"","overlay-type":"","overlay-color":"","overlay-opacity":"","overlay-gradient":""},"tablet":{"background-color":"","background-image":"","background-repeat":"repeat","background-position":"center center","background-size":"auto","background-attachment":"scroll","background-type":"","background-media":"","overlay-type":"","overlay-color":"","overlay-opacity":"","overlay-gradient":""},"mobile":{"background-color":"","background-image":"","background-repeat":"repeat","background-position":"center center","background-size":"auto","background-attachment":"scroll","background-type":"","background-media":"","overlay-type":"","overlay-color":"","overlay-opacity":"","overlay-gradient":""}},"ast-content-background-meta":{"desktop":{"background-color":"var(--ast-global-color-5)","background-image":"","background-repeat":"repeat","background-position":"center center","background-size":"auto","background-attachment":"scroll","background-type":"","background-media":"","overlay-type":"","overlay-color":"","overlay-opacity":"","overlay-gradient":""},"tablet":{"background-color":"var(--ast-global-color-5)","background-image":"","background-repeat":"repeat","background-position":"center center","background-size":"auto","background-attachment":"scroll","background-type":"","background-media":"","overlay-type":"","overlay-color":"","overlay-opacity":"","overlay-gradient":""},"mobile":{"background-color":"var(--ast-global-color-5)","background-image":"","background-repeat":"repeat","background-position":"center center","background-size":"auto","background-attachment":"scroll","background-type":"","background-media":"","overlay-type":"","overlay-color":"","overlay-opacity":"","overlay-gradient":""}},"footnotes":""},"categories":[1,29],"tags":[],"class_list":["post-824","post","type-post","status-publish","format-standard","hentry","category-general","category-portada"],"post_mailing_queue_ids":[],"_links":{"self":[{"href":"https:\/\/agora.xtec.cat\/iesrafaelcampalans\/wp-json\/wp\/v2\/posts\/824","targetHints":{"allow":["GET"]}}],"collection":[{"href":"https:\/\/agora.xtec.cat\/iesrafaelcampalans\/wp-json\/wp\/v2\/posts"}],"about":[{"href":"https:\/\/agora.xtec.cat\/iesrafaelcampalans\/wp-json\/wp\/v2\/types\/post"}],"author":[{"embeddable":true,"href":"https:\/\/agora.xtec.cat\/iesrafaelcampalans\/wp-json\/wp\/v2\/users\/1"}],"replies":[{"embeddable":true,"href":"https:\/\/agora.xtec.cat\/iesrafaelcampalans\/wp-json\/wp\/v2\/comments?post=824"}],"version-history":[{"count":1,"href":"https:\/\/agora.xtec.cat\/iesrafaelcampalans\/wp-json\/wp\/v2\/posts\/824\/revisions"}],"predecessor-version":[{"id":1494,"href":"https:\/\/agora.xtec.cat\/iesrafaelcampalans\/wp-json\/wp\/v2\/posts\/824\/revisions\/1494"}],"wp:attachment":[{"href":"https:\/\/agora.xtec.cat\/iesrafaelcampalans\/wp-json\/wp\/v2\/media?parent=824"}],"wp:term":[{"taxonomy":"category","embeddable":true,"href":"https:\/\/agora.xtec.cat\/iesrafaelcampalans\/wp-json\/wp\/v2\/categories?post=824"},{"taxonomy":"post_tag","embeddable":true,"href":"https:\/\/agora.xtec.cat\/iesrafaelcampalans\/wp-json\/wp\/v2\/tags?post=824"}],"curies":[{"name":"wp","href":"https:\/\/api.w.org\/{rel}","templated":true}]}}