{"id":820,"date":"2017-01-17T12:21:00","date_gmt":"2017-01-17T11:21:00","guid":{"rendered":"http:\/\/agora.xtec.cat\/iesrafaelcampalans\/general\/taller-de-cuina-jove\/"},"modified":"2017-09-25T23:28:55","modified_gmt":"2017-09-25T21:28:55","slug":"taller-de-cuina-jove","status":"publish","type":"post","link":"https:\/\/agora.xtec.cat\/iesrafaelcampalans\/general\/taller-de-cuina-jove\/","title":{"rendered":"Taller de cuina jove"},"content":{"rendered":"<div style=\"background-color: white; border-left: 1px solid transparent; color: #222222; font-family: arial, sans-serif; padding-bottom: 20px; padding-left: 8px;\">\n<div style=\"margin-left: 44px;\">\n<div style=\"direction: ltr; font-size: 12.8px; margin: 5px 15px 0px 0px; padding-bottom: 5px; position: relative;\">\n<div style=\"overflow: hidden;\">\n<div dir=\"ltr\">\n<div>\n<div dir=\"ltr\">\n<div style=\"font-size: 12.8px; text-align: justify;\"><span style=\"font-size: 12.8px;\">L&#8217;AMPA ha preparat pel mes de febrer quatre sessions de cuina senzilla i econ\u00f2mica pera a estudiants. Tindr\u00e0 lloc a l&#8217;institut i es far\u00e0 durant els quatre dijous del mes de febrer. Si \u00e9s del vostre inter\u00e8s, cal apuntar-se a la consergeria de l&#8217;institut.<\/span><\/div>\n<div style=\"font-size: 12.8px;\"><span style=\"font-size: 12.8px;\"><br \/><\/span><\/div>\n<div style=\"font-size: 12.8px; text-align: center;\">T\u00edtol del taller: &#8220;<b>Cuina jove. 4 tallers de cuina senzilla i econ\u00f2mica per a estudiants&#8221;<\/b><\/div>\n<div style=\"font-size: 12.8px; text-align: center;\"><b><br \/><\/b><\/div>\n<div style=\"font-size: 12.8px; text-align: center;\">Dies: Dijous del mes de febrer del 2017 (dies 2, 9, 16 i 23)<\/div>\n<div style=\"font-size: 12.8px; text-align: center;\"><\/div>\n<div style=\"font-size: 12.8px; text-align: center;\">Horari: De 15:30 h a 17 h<\/div>\n<div style=\"font-size: 12.8px; text-align: center;\"><\/div>\n<div style=\"font-size: 12.8px; text-align: center;\">Lloc: Auditori de l&#8217;institut<\/div>\n<div style=\"font-size: 12.8px; text-align: center;\"><\/div>\n<div style=\"font-size: 12.8px; text-align: center;\">Preu (inclou el material i els ingredients): socis 6,25 eur\/sessi\u00f3 &#8211; pagament \u00fanic 25 eur \/\/ no socis 15 eur\/sessi\u00f3 &#8211; pagament \u00fanic 60 eur<\/div>\n<div style=\"font-size: 12.8px; text-align: center;\"><\/div>\n<div style=\"font-size: 12.8px; text-align: center;\">Grup m\u00ednim de 8 inscrits<\/div>\n<div style=\"font-size: 12.8px; text-align: center;\"><\/div>\n<div style=\"font-size: 12.8px; text-align: center;\">Termini d&#8217;inscripcions: del 16 al 27 de gener del 2017<\/div>\n<div style=\"font-size: 12.8px; text-align: center;\"><\/div>\n<div style=\"font-size: 12.8px; text-align: center;\">M\u00e9s info i fulls d&#8217;inscripci\u00f3&nbsp;<b>a consergeria<\/b><\/div>\n<div style=\"font-size: 12.8px; text-align: center;\"><\/div>\n<div style=\"font-size: 12.8px; text-align: center;\">Contingut de cada taller: arr\u00f2s, pasta, pizza i entrepans saludables<\/div>\n<div style=\"font-size: 12.8px; text-align: center;\"><\/div>\n<div style=\"font-size: 12.8px; text-align: center;\">Ho organitza: AMPA amb la col\u00b7laboraci\u00f3 de l&#8217;INS Rafael Campalans<\/p>\n<div style=\"clear: both; text-align: center;\"><a href=\"https:\/\/3.bp.blogspot.com\/-CsCVRW9Wad4\/WH3v8Bd34HI\/AAAAAAAACng\/loCcezT4V18YYyC8u3j33BBul1LsKqyMACLcB\/s1600\/taller%2Bcuina%2B2017.jpg\" style=\"margin-left: 1em; margin-right: 1em;\"><img loading=\"lazy\" decoding=\"async\" border=\"0\" height=\"400\" src=\"https:\/\/3.bp.blogspot.com\/-CsCVRW9Wad4\/WH3v8Bd34HI\/AAAAAAAACng\/loCcezT4V18YYyC8u3j33BBul1LsKqyMACLcB\/s400\/taller%2Bcuina%2B2017.jpg\" width=\"238\" \/><\/a><\/div>\n<p><\/div>\n<div style=\"font-size: 12.8px; text-align: center;\">\n<div style=\"text-align: right;\"><i>&#8220;Falc\u00f3 de not\u00edcies&#8221;, 17 de gener 2017<\/i><\/div>\n<\/div>\n<\/div>\n<\/div>\n<\/div>\n<\/div>\n<\/div>\n<div style=\"clear: both; font-size: 12.8px; margin: 15px 0px;\">\n<div style=\"height: 1px; left: -10000px; overflow: hidden; position: absolute; top: -10000px; width: 1px;\">Espai per a fitxers adjunt<\/div>\n<\/div>\n<\/div>\n<\/div>\n","protected":false},"excerpt":{"rendered":"<p>L&#8217;AMPA ha preparat pel mes de febrer quatre sessions de cuina senzilla i econ\u00f2mica pera a estudiants. Tindr\u00e0 lloc a l&#8217;institut i es far\u00e0 durant els quatre dijous del mes de febrer. Si \u00e9s del vostre inter\u00e8s, cal apuntar-se a la consergeria de l&#8217;institut. T\u00edtol del taller: &#8220;Cuina jove. 4 tallers de cuina senzilla i [&hellip;]<\/p>\n","protected":false},"author":1,"featured_media":0,"comment_status":"closed","ping_status":"closed","sticky":false,"template":"","format":"standard","meta":{"_bbp_topic_count":0,"_bbp_reply_count":0,"_bbp_total_topic_count":0,"_bbp_total_reply_count":0,"_bbp_voice_count":0,"_bbp_anonymous_reply_count":0,"_bbp_topic_count_hidden":0,"_bbp_reply_count_hidden":0,"_bbp_forum_subforum_count":0,"site-sidebar-layout":"default","site-content-layout":"","ast-site-content-layout":"","site-content-style":"default","site-sidebar-style":"default","ast-global-header-display":"","ast-banner-title-visibility":"","ast-main-header-display":"","ast-hfb-above-header-display":"","ast-hfb-below-header-display":"","ast-hfb-mobile-header-display":"","site-post-title":"","ast-breadcrumbs-content":"","ast-featured-img":"","footer-sml-layout":"","theme-transparent-header-meta":"","adv-header-id-meta":"","stick-header-meta":"","header-above-stick-meta":"","header-main-stick-meta":"","header-below-stick-meta":"","astra-migrate-meta-layouts":"default","ast-page-background-enabled":"default","ast-page-background-meta":{"desktop":{"background-color":"var(--ast-global-color-4)","background-image":"","background-repeat":"repeat","background-position":"center center","background-size":"auto","background-attachment":"scroll","background-type":"","background-media":"","overlay-type":"","overlay-color":"","overlay-opacity":"","overlay-gradient":""},"tablet":{"background-color":"","background-image":"","background-repeat":"repeat","background-position":"center center","background-size":"auto","background-attachment":"scroll","background-type":"","background-media":"","overlay-type":"","overlay-color":"","overlay-opacity":"","overlay-gradient":""},"mobile":{"background-color":"","background-image":"","background-repeat":"repeat","background-position":"center center","background-size":"auto","background-attachment":"scroll","background-type":"","background-media":"","overlay-type":"","overlay-color":"","overlay-opacity":"","overlay-gradient":""}},"ast-content-background-meta":{"desktop":{"background-color":"var(--ast-global-color-5)","background-image":"","background-repeat":"repeat","background-position":"center center","background-size":"auto","background-attachment":"scroll","background-type":"","background-media":"","overlay-type":"","overlay-color":"","overlay-opacity":"","overlay-gradient":""},"tablet":{"background-color":"var(--ast-global-color-5)","background-image":"","background-repeat":"repeat","background-position":"center center","background-size":"auto","background-attachment":"scroll","background-type":"","background-media":"","overlay-type":"","overlay-color":"","overlay-opacity":"","overlay-gradient":""},"mobile":{"background-color":"var(--ast-global-color-5)","background-image":"","background-repeat":"repeat","background-position":"center center","background-size":"auto","background-attachment":"scroll","background-type":"","background-media":"","overlay-type":"","overlay-color":"","overlay-opacity":"","overlay-gradient":""}},"footnotes":""},"categories":[1,29],"tags":[],"class_list":["post-820","post","type-post","status-publish","format-standard","hentry","category-general","category-portada"],"post_mailing_queue_ids":[],"_links":{"self":[{"href":"https:\/\/agora.xtec.cat\/iesrafaelcampalans\/wp-json\/wp\/v2\/posts\/820","targetHints":{"allow":["GET"]}}],"collection":[{"href":"https:\/\/agora.xtec.cat\/iesrafaelcampalans\/wp-json\/wp\/v2\/posts"}],"about":[{"href":"https:\/\/agora.xtec.cat\/iesrafaelcampalans\/wp-json\/wp\/v2\/types\/post"}],"author":[{"embeddable":true,"href":"https:\/\/agora.xtec.cat\/iesrafaelcampalans\/wp-json\/wp\/v2\/users\/1"}],"replies":[{"embeddable":true,"href":"https:\/\/agora.xtec.cat\/iesrafaelcampalans\/wp-json\/wp\/v2\/comments?post=820"}],"version-history":[{"count":1,"href":"https:\/\/agora.xtec.cat\/iesrafaelcampalans\/wp-json\/wp\/v2\/posts\/820\/revisions"}],"predecessor-version":[{"id":1490,"href":"https:\/\/agora.xtec.cat\/iesrafaelcampalans\/wp-json\/wp\/v2\/posts\/820\/revisions\/1490"}],"wp:attachment":[{"href":"https:\/\/agora.xtec.cat\/iesrafaelcampalans\/wp-json\/wp\/v2\/media?parent=820"}],"wp:term":[{"taxonomy":"category","embeddable":true,"href":"https:\/\/agora.xtec.cat\/iesrafaelcampalans\/wp-json\/wp\/v2\/categories?post=820"},{"taxonomy":"post_tag","embeddable":true,"href":"https:\/\/agora.xtec.cat\/iesrafaelcampalans\/wp-json\/wp\/v2\/tags?post=820"}],"curies":[{"name":"wp","href":"https:\/\/api.w.org\/{rel}","templated":true}]}}