{"id":819,"date":"2017-01-17T13:39:00","date_gmt":"2017-01-17T12:39:00","guid":{"rendered":"http:\/\/agora.xtec.cat\/iesrafaelcampalans\/general\/taller-de-musica-amb-ordinador\/"},"modified":"2017-09-25T23:28:55","modified_gmt":"2017-09-25T21:28:55","slug":"taller-de-musica-amb-ordinador","status":"publish","type":"post","link":"https:\/\/agora.xtec.cat\/iesrafaelcampalans\/general\/taller-de-musica-amb-ordinador\/","title":{"rendered":"Taller de M\u00fasica amb ordinador"},"content":{"rendered":"<div style=\"clear: both; text-align: center;\"><a href=\"https:\/\/4.bp.blogspot.com\/-RpTxxQRNFzw\/WH4COLg0fnI\/AAAAAAAACnw\/6Kyzi0FQ7zc37UpmgeArUvdSadzBFI0zACLcB\/s1600\/musica.jpg\" style=\"margin-left: 1em; margin-right: 1em;\"><img loading=\"lazy\" decoding=\"async\" border=\"0\" height=\"400\" src=\"https:\/\/4.bp.blogspot.com\/-RpTxxQRNFzw\/WH4COLg0fnI\/AAAAAAAACnw\/6Kyzi0FQ7zc37UpmgeArUvdSadzBFI0zACLcB\/s400\/musica.jpg\" width=\"296\" \/><\/a><\/div>\n<div style=\"text-align: center;\"><\/div>\n<div style=\"background-color: white; color: #222222; font-family: arial, sans-serif; font-size: 12.8px;\">\n<div style=\"font-size: 12.8px; text-align: center;\"><span style=\"font-size: 12.8px;\">&#8211; T\u00edtol: &#8220;<\/span><b>M\u00fasica amb ordinador<\/b><span style=\"font-size: 12.8px;\">. Taller d&#8217;iniciaci\u00f3 a c\u00e0rrec de Daniel Guijarro&nbsp;(Headbirds)&#8221;<\/span><\/div>\n<div style=\"font-size: 12.8px; text-align: center;\"><\/div>\n<p><span style=\"font-size: 12.8px;\"><\/span><\/p>\n<div style=\"font-size: 12.8px; text-align: center;\"><span style=\"font-size: 12.8px;\">&#8211; Taller de 10 sessions: del 13 de febrer al 15 de maig&nbsp;<\/span><\/div>\n<p><span style=\"font-size: 12.8px;\"><\/span><\/p>\n<div style=\"font-size: 12.8px; text-align: center;\"><span style=\"font-size: 12.8px;\"><br \/><\/span><\/div>\n<p><span style=\"font-size: 12.8px;\"><\/span><\/p>\n<div style=\"font-size: 12.8px; text-align: center;\">&#8211; Horari:<span style=\"color: black;\">&nbsp;Els dilluns,&nbsp;de 15:30 a 17 h<\/span><\/div>\n<div style=\"font-size: 12.8px; text-align: center;\"><\/div>\n<div style=\"font-size: 12.8px; text-align: center;\">&#8211; Lloc: Auditori de l&#8217;institut<\/div>\n<div style=\"font-size: 12.8px; text-align: center;\"><\/div>\n<div style=\"font-size: 12.8px; text-align: center;\">&#8211; Nombre m\u00ednim d&#8217;inscrits: 8 alumnes&nbsp;<\/div>\n<div style=\"font-size: 12.8px; text-align: center;\"><\/div>\n<div style=\"font-size: 12.8px; text-align: center;\">&#8211; Material (opcional):<span style=\"color: #990000;\">&nbsp;<\/span><span style=\"font-size: 12.8px;\">es recomana portar ordinador port\u00e0til i auriculars<\/span><\/div>\n<div style=\"font-size: 12.8px; text-align: center;\"><\/div>\n<div style=\"font-size: 12.8px; text-align: center;\">&#8211; Preu pels alumnes socis: 5 euros\/sessi\u00f3-pagament \u00fanic de 50 euros<\/div>\n<div style=\"font-size: 12.8px; text-align: center;\">&#8211; Preu pels alumnes no socis: 15 euros\/sessi\u00f3 &#8211; pagament \u00fanic de 150 euros&nbsp;<\/div>\n<div style=\"font-size: 12.8px; text-align: center;\"><\/div>\n<div style=\"font-size: 12.8px; text-align: center;\"><span style=\"color: black; font-size: 12.8px;\">&#8211; Termini d&#8217;inscripci\u00f3: del 30 de gener al 8 de febrer&nbsp;<\/span><\/div>\n<div style=\"font-size: 12.8px; text-align: center;\"><span style=\"font-size: 12.8px;\"><br \/><\/span><\/div>\n<div style=\"font-size: 12.8px; text-align: center;\"><span style=\"font-size: 12.8px;\">&#8211; M\u00e9s info i full d&#8217;inscripci\u00f3: a consergeria<\/span><\/div>\n<div style=\"font-size: 12.8px; text-align: center;\"><span style=\"font-size: 12.8px;\"><br \/><\/span><\/div>\n<div style=\"font-size: 12.8px; text-align: center;\"><span style=\"font-size: 12.8px;\">&#8211; Un dia (encara per determinar) hi haur\u00e0 una demostraci\u00f3 a l&#8217;hora del pati (10:15-10:40 h)<\/span><\/div>\n<\/div>\n<div style=\"background-color: white; color: #222222; font-family: arial, sans-serif; font-size: 12.8px; text-align: center;\"><span style=\"font-size: 12.8px;\"><br \/><\/span><\/div>\n<div style=\"background-color: white; color: #222222; font-family: arial, sans-serif; font-size: 12.8px; text-align: center;\"><span style=\"font-size: 12.8px;\">Ho organitza: AMPA amb la col\u00b7laboraci\u00f3 de l&#8217;INS Rafael Campalans i FADE<\/span><\/div>\n<div style=\"background-color: white; color: #222222; font-family: arial, sans-serif; font-size: 12.8px; text-align: center;\"><\/div>\n<div style=\"background-color: white;\">\n<div style=\"text-align: center;\"><span style=\"color: #222222; font-family: &quot;arial&quot; , sans-serif; font-size: 12.8px;\"><br \/><\/span><\/div>\n<div style=\"color: #222222; font-family: arial, sans-serif; font-size: 12.8px;\">\n<div>\n<div dir=\"ltr\">\n<div dir=\"ltr\" style=\"text-align: center;\">\n<div style=\"text-align: center;\"><img loading=\"lazy\" decoding=\"async\" class=\"CToWUd\" height=\"53\" src=\"https:\/\/ci6.googleusercontent.com\/proxy\/j0xrvDVtNwQi65IzqK4CwvfgO8ZYBA7C1fU_KYJsw0WsdsMVLzmBTFROP3QO66Ocj0WOsHtn6tyDwr2vFO8SEEus_rQdgPkA4snfkuV4MxyhjvpjPzg3c-fJ-sBBHWubl8Gxaz-Vx4eJIwhcThVkeSzkMx6yVA4C9lSbGvKv36SC26glmWW18mi7TQgZLX7tX19Unjy84KQednI=s0-d-e1-ft#https:\/\/docs.google.com\/uc?export=download&amp;id=0B8KbCx1liNSob2pBdmIyUEZhUVk&amp;revid=0B8KbCx1liNSoOTB5TVlLWjZod2Z3bURVQXhZV0plYlFCRkRRPQ\" width=\"96\" \/><\/div>\n<div style=\"text-align: center;\"><\/div>\n<div style=\"text-align: right;\"><i>&#8220;Falc\u00f3 de not\u00edcies&#8221;, 17 de gener 2017<\/i><\/div>\n<\/div>\n<\/div>\n<\/div>\n<\/div>\n<\/div>\n","protected":false},"excerpt":{"rendered":"<p>&#8211; T\u00edtol: &#8220;M\u00fasica amb ordinador. Taller d&#8217;iniciaci\u00f3 a c\u00e0rrec de Daniel Guijarro&nbsp;(Headbirds)&#8221; &#8211; Taller de 10 sessions: del 13 de febrer al 15 de maig&nbsp; &#8211; Horari:&nbsp;Els dilluns,&nbsp;de 15:30 a 17 h &#8211; Lloc: Auditori de l&#8217;institut &#8211; Nombre m\u00ednim d&#8217;inscrits: 8 alumnes&nbsp; &#8211; Material (opcional):&nbsp;es recomana portar ordinador port\u00e0til i auriculars &#8211; Preu pels [&hellip;]<\/p>\n","protected":false},"author":1,"featured_media":0,"comment_status":"closed","ping_status":"closed","sticky":false,"template":"","format":"standard","meta":{"_bbp_topic_count":0,"_bbp_reply_count":0,"_bbp_total_topic_count":0,"_bbp_total_reply_count":0,"_bbp_voice_count":0,"_bbp_anonymous_reply_count":0,"_bbp_topic_count_hidden":0,"_bbp_reply_count_hidden":0,"_bbp_forum_subforum_count":0,"site-sidebar-layout":"default","site-content-layout":"","ast-site-content-layout":"","site-content-style":"default","site-sidebar-style":"default","ast-global-header-display":"","ast-banner-title-visibility":"","ast-main-header-display":"","ast-hfb-above-header-display":"","ast-hfb-below-header-display":"","ast-hfb-mobile-header-display":"","site-post-title":"","ast-breadcrumbs-content":"","ast-featured-img":"","footer-sml-layout":"","theme-transparent-header-meta":"","adv-header-id-meta":"","stick-header-meta":"","header-above-stick-meta":"","header-main-stick-meta":"","header-below-stick-meta":"","astra-migrate-meta-layouts":"default","ast-page-background-enabled":"default","ast-page-background-meta":{"desktop":{"background-color":"var(--ast-global-color-4)","background-image":"","background-repeat":"repeat","background-position":"center center","background-size":"auto","background-attachment":"scroll","background-type":"","background-media":"","overlay-type":"","overlay-color":"","overlay-opacity":"","overlay-gradient":""},"tablet":{"background-color":"","background-image":"","background-repeat":"repeat","background-position":"center center","background-size":"auto","background-attachment":"scroll","background-type":"","background-media":"","overlay-type":"","overlay-color":"","overlay-opacity":"","overlay-gradient":""},"mobile":{"background-color":"","background-image":"","background-repeat":"repeat","background-position":"center center","background-size":"auto","background-attachment":"scroll","background-type":"","background-media":"","overlay-type":"","overlay-color":"","overlay-opacity":"","overlay-gradient":""}},"ast-content-background-meta":{"desktop":{"background-color":"var(--ast-global-color-5)","background-image":"","background-repeat":"repeat","background-position":"center center","background-size":"auto","background-attachment":"scroll","background-type":"","background-media":"","overlay-type":"","overlay-color":"","overlay-opacity":"","overlay-gradient":""},"tablet":{"background-color":"var(--ast-global-color-5)","background-image":"","background-repeat":"repeat","background-position":"center center","background-size":"auto","background-attachment":"scroll","background-type":"","background-media":"","overlay-type":"","overlay-color":"","overlay-opacity":"","overlay-gradient":""},"mobile":{"background-color":"var(--ast-global-color-5)","background-image":"","background-repeat":"repeat","background-position":"center center","background-size":"auto","background-attachment":"scroll","background-type":"","background-media":"","overlay-type":"","overlay-color":"","overlay-opacity":"","overlay-gradient":""}},"footnotes":""},"categories":[1,29],"tags":[],"class_list":["post-819","post","type-post","status-publish","format-standard","hentry","category-general","category-portada"],"post_mailing_queue_ids":[],"_links":{"self":[{"href":"https:\/\/agora.xtec.cat\/iesrafaelcampalans\/wp-json\/wp\/v2\/posts\/819","targetHints":{"allow":["GET"]}}],"collection":[{"href":"https:\/\/agora.xtec.cat\/iesrafaelcampalans\/wp-json\/wp\/v2\/posts"}],"about":[{"href":"https:\/\/agora.xtec.cat\/iesrafaelcampalans\/wp-json\/wp\/v2\/types\/post"}],"author":[{"embeddable":true,"href":"https:\/\/agora.xtec.cat\/iesrafaelcampalans\/wp-json\/wp\/v2\/users\/1"}],"replies":[{"embeddable":true,"href":"https:\/\/agora.xtec.cat\/iesrafaelcampalans\/wp-json\/wp\/v2\/comments?post=819"}],"version-history":[{"count":1,"href":"https:\/\/agora.xtec.cat\/iesrafaelcampalans\/wp-json\/wp\/v2\/posts\/819\/revisions"}],"predecessor-version":[{"id":1489,"href":"https:\/\/agora.xtec.cat\/iesrafaelcampalans\/wp-json\/wp\/v2\/posts\/819\/revisions\/1489"}],"wp:attachment":[{"href":"https:\/\/agora.xtec.cat\/iesrafaelcampalans\/wp-json\/wp\/v2\/media?parent=819"}],"wp:term":[{"taxonomy":"category","embeddable":true,"href":"https:\/\/agora.xtec.cat\/iesrafaelcampalans\/wp-json\/wp\/v2\/categories?post=819"},{"taxonomy":"post_tag","embeddable":true,"href":"https:\/\/agora.xtec.cat\/iesrafaelcampalans\/wp-json\/wp\/v2\/tags?post=819"}],"curies":[{"name":"wp","href":"https:\/\/api.w.org\/{rel}","templated":true}]}}