{"id":809,"date":"2017-02-02T12:39:00","date_gmt":"2017-02-02T11:39:00","guid":{"rendered":"http:\/\/agora.xtec.cat\/iesrafaelcampalans\/general\/campanya-casanostracasavostra\/"},"modified":"2017-09-25T23:28:54","modified_gmt":"2017-09-25T21:28:54","slug":"campanya-casanostracasavostra","status":"publish","type":"post","link":"https:\/\/agora.xtec.cat\/iesrafaelcampalans\/general\/campanya-casanostracasavostra\/","title":{"rendered":"Campanya casanostracasavostra"},"content":{"rendered":"<div style=\"line-height: normal; margin-bottom: .0001pt; margin-bottom: 0cm;\"><span style=\"background: white; color: #222222; font-family: &quot;arial&quot; , &quot;sans-serif&quot;; font-size: 9.5pt;\">Benvolgudes fam\u00edlies,<\/span><\/div>\n<div style=\"background: white; line-height: normal; margin-bottom: .0001pt; margin-bottom: 0cm;\"><\/div>\n<div style=\"background: white; line-height: normal; margin-bottom: .0001pt; margin-bottom: 0cm; text-align: justify;\"><span style=\"color: #222222; font-family: &quot;arial&quot; , &quot;sans-serif&quot;; font-size: 9.5pt;\">Segurament ja heu sentit a parlar de la&nbsp;<b>campanya Casa Nostra Casa Vostra,<\/b>&nbsp;a favor de les persones que demanen refugi i es troben encara atrapades a les fronteres d&#8217;Europa.&nbsp;<o:p><\/o:p><\/span><\/div>\n<div style=\"background: white; line-height: normal; margin-bottom: .0001pt; margin-bottom: 0cm;\"><\/div>\n<div style=\"background: white; line-height: normal; margin-bottom: .0001pt; margin-bottom: 0cm; text-align: justify;\"><span style=\"color: #222222; font-family: &quot;arial&quot; , &quot;sans-serif&quot;; font-size: 9.5pt;\">Des de C\u00e0ritas, i a trav\u00e9s de la Plataforma Girona Acull, se&#8217;ns han adre\u00e7at per si, a trav\u00e9s de l\u2019institut i de les fam\u00edlies, hi volem col.laborar d\u2019una forma m\u00e9s activa.&nbsp;<o:p><\/o:p><\/span><\/div>\n<div style=\"background: white; line-height: normal; margin-bottom: .0001pt; margin-bottom: 0cm;\"><\/div>\n<div style=\"background: white; line-height: normal; margin-bottom: .0001pt; margin-bottom: 0cm;\"><span style=\"color: #222222; font-family: &quot;arial&quot; , &quot;sans-serif&quot;; font-size: 9.5pt;\">Ens suggereixen prendre-hi part de diferents maneres, a les quals ens podem sumar:<o:p><\/o:p><\/span><\/div>\n<div style=\"background: white; line-height: normal; margin-bottom: .0001pt; margin-bottom: 0cm;\"><\/div>\n<div style=\"background: white; line-height: normal; margin-bottom: .0001pt; margin-bottom: 0cm;\"><span style=\"color: #222222; font-family: &quot;arial&quot; , &quot;sans-serif&quot;; font-size: 9.5pt;\">&#8211;&nbsp;<b>donar visibilitat a la campanya<\/b>, i al missatge d&#8217;acollida que vol transmetre, penjant a la fa\u00e7ana de l&#8217;escola, al pati o en un altre espai, una&nbsp;<b>banderola<\/b>&nbsp;amb el logo i el lema (#volemacollir).<\/span><br \/><a name='more'><\/a><span style=\"color: #222222; font-family: &quot;arial&quot; , &quot;sans-serif&quot;; font-size: 9.5pt;\"> <o:p><\/o:p><\/span><\/div>\n<div style=\"background: white; line-height: normal; margin-bottom: .0001pt; margin-bottom: 0cm;\"><\/div>\n<div style=\"background: white; line-height: normal; margin-bottom: .0001pt; margin-bottom: 0cm; text-align: justify;\"><span style=\"color: #222222; font-family: &quot;arial&quot; , &quot;sans-serif&quot;; font-size: 9.5pt;\">&#8211;&nbsp;<b>signar el Manifest<\/b>&nbsp;que es lliurar\u00e0 a les administracions catalanes demanant-los que compleixin els seus compromisos de ser un pa\u00eds i unes ciutats acollidores. Trobareu el manifest a la web de la campanya (<\/span><a href=\"http:\/\/www.casanostracasavostra.cat\/\" target=\"_blank\"><b><span style=\"color: #1155cc; font-family: &quot;arial&quot; , &quot;sans-serif&quot;; font-size: 9.5pt;\">www.casanostracasavostra.cat<\/span><\/b><\/a><span style=\"color: #222222; font-family: &quot;arial&quot; , &quot;sans-serif&quot;; font-size: 9.5pt;\">), on es pot signar on-line de manera individual.<o:p><\/o:p><\/span><\/div>\n<div style=\"background: white; line-height: normal; margin-bottom: .0001pt; margin-bottom: 0cm; text-align: justify;\"><span style=\"color: #222222; font-family: &quot;arial&quot; , &quot;sans-serif&quot;; font-size: 9.5pt;\">Tamb\u00e9 s\u2019<b>adjunta&nbsp;<\/b>un tr\u00edptic de difusi\u00f3 on tamb\u00e9 est\u00e0 escrit, i un full de signatures per a qui en vulgui recollir de manera presencial. <o:p><\/o:p><\/span><\/div>\n<div style=\"background: white; line-height: normal; margin-bottom: .0001pt; margin-bottom: 0cm; text-align: justify;\"><\/div>\n<div style=\"background: white; line-height: normal; margin-bottom: .0001pt; margin-bottom: 0cm; text-align: justify;\"><span style=\"color: #222222; font-family: &quot;arial&quot; , &quot;sans-serif&quot;; font-size: 9.5pt;\">&#8211;&nbsp;<b>participar a la Manifestaci\u00f3 a Barcelona el dissabte 18 de febrer, a les 16h.<\/b>&nbsp;Cal ser molts. La Plataforma Girona Acull organitzar\u00e0 autocars per anar a Barcelona. Si us interessa tenir-hi places, tamb\u00e9 us podeu posar en contacte amb Caritas.<o:p><\/o:p><\/span><\/div>\n<div style=\"background: white; line-height: normal; margin-bottom: .0001pt; margin-bottom: 0cm;\"><\/div>\n<div style=\"background: white; line-height: normal; margin-bottom: .0001pt; margin-bottom: 0cm;\"><span style=\"color: #222222; font-family: &quot;arial&quot; , &quot;sans-serif&quot;; font-size: 9.5pt;\">&#8211;&nbsp;<b>difondre la campanya i aquestes accions&nbsp;<\/b>que s\u00f3n f\u00e0cils de fer a tantes persones com pugueu, a trav\u00e9s dels molts mitjans que avui dia tenim a l&#8217;abast (mail, whp, webs, faceboock, twitter). Si som agents multiplicadors, ben segur que aconseguirem sumar m\u00e9s gent, i serem molts i moltes rere un mateix objectiu: aquesta \u00e9s la for\u00e7a que el far\u00e0 assolible.<o:p><\/o:p><\/span><\/div>\n<div style=\"background: white; line-height: normal; margin-bottom: .0001pt; margin-bottom: 0cm;\"><\/div>\n<div style=\"background: white; line-height: normal; margin-bottom: .0001pt; margin-bottom: 0cm;\"><span style=\"color: #222222; font-family: &quot;arial&quot; , &quot;sans-serif&quot;; font-size: 9.5pt;\">Moltes gr\u00e0cies per la vostra atenci\u00f3.<o:p><\/o:p><\/span><\/div>\n<div style=\"background: white; line-height: normal; margin-bottom: .0001pt; margin-bottom: 0cm;\"><\/div>\n<div style=\"clear: both; text-align: center;\"><a href=\"https:\/\/3.bp.blogspot.com\/-TsJgBxF2x4I\/WJMMU_S_AJI\/AAAAAAAACtE\/RFxNVcmCKeY4SnWG5nl9RD-vvmZSPNwNACLcB\/s1600\/casa.jpg\" style=\"margin-left: 1em; margin-right: 1em;\"><img loading=\"lazy\" decoding=\"async\" border=\"0\" height=\"152\" src=\"https:\/\/3.bp.blogspot.com\/-TsJgBxF2x4I\/WJMMU_S_AJI\/AAAAAAAACtE\/RFxNVcmCKeY4SnWG5nl9RD-vvmZSPNwNACLcB\/s400\/casa.jpg\" width=\"400\" \/><\/a><\/div>\n<p><\/p>\n<div style=\"clear: both; text-align: center;\"><a href=\"https:\/\/1.bp.blogspot.com\/-kxhp7ncd7eY\/WJMMW0Y0eGI\/AAAAAAAACtI\/FIDj3EnnNxQ86oKHB2FTvbqxttGDB1uAgCLcB\/s1600\/images.png\" style=\"margin-left: 1em; margin-right: 1em;\"><img loading=\"lazy\" decoding=\"async\" border=\"0\" height=\"90\" src=\"https:\/\/1.bp.blogspot.com\/-kxhp7ncd7eY\/WJMMW0Y0eGI\/AAAAAAAACtI\/FIDj3EnnNxQ86oKHB2FTvbqxttGDB1uAgCLcB\/s400\/images.png\" width=\"400\" \/><\/a><\/div>\n<div style=\"background: white; line-height: normal; margin-bottom: .0001pt; margin-bottom: 0cm;\"><span style=\"color: #222222; font-family: &quot;arial&quot; , &quot;sans-serif&quot;; font-size: 9.5pt;\"><br \/><\/span><\/div>\n<div style=\"background: white; line-height: normal; margin-bottom: .0001pt; margin-bottom: 0cm;\"><span style=\"color: #222222; font-family: &quot;arial&quot; , &quot;sans-serif&quot;; font-size: 9.5pt;\"><br clear=\"all\" \/><o:p><\/o:p><\/span><\/div>\n<div style=\"background: white; line-height: normal; margin-bottom: .0001pt; margin-bottom: 0cm;\"><span style=\"color: #222222; font-family: &quot;arial&quot; , &quot;sans-serif&quot;; font-size: 9.5pt;\">Sensibilitzaci\u00f3 i Drets<o:p><\/o:p><\/span><\/div>\n<div style=\"background: white; line-height: normal; margin-bottom: .0001pt; margin-bottom: 0cm;\"><span style=\"color: #222222; font-family: &quot;arial&quot; , &quot;sans-serif&quot;; font-size: 9.5pt;\">Programa Accions Comunit\u00e0ries<o:p><\/o:p><\/span><\/div>\n<div style=\"background: white; line-height: normal; margin-bottom: .0001pt; margin-bottom: 0cm;\"><b><span style=\"color: #222222; font-family: &quot;arial&quot; , &quot;sans-serif&quot;; font-size: 9.5pt;\">C\u00e0ritas Diocesana de Girona<\/span><\/b><span style=\"color: #222222; font-family: &quot;arial&quot; , &quot;sans-serif&quot;; font-size: 9.5pt;\"><o:p><\/o:p><\/span><\/div>\n<div style=\"background: white; line-height: normal; margin-bottom: .0001pt; margin-bottom: 0cm;\"><span style=\"color: #222222; font-family: &quot;arial&quot; , &quot;sans-serif&quot;; font-size: 9.5pt;\">972 20 49 80 (ext. 2110) \/\/ 629 318 412<o:p><\/o:p><\/span><\/div>\n<div style=\"background: white; line-height: normal; margin-bottom: .0001pt; margin-bottom: 0cm;\"><a href=\"mailto:fridaura@caritasgirona.cat\" target=\"_blank\"><span style=\"color: #1155cc; font-family: &quot;arial&quot; , &quot;sans-serif&quot;; font-size: 9.5pt;\">fridaura@caritasgirona.cat<\/span><\/a><span style=\"color: #222222; font-family: &quot;arial&quot; , &quot;sans-serif&quot;; font-size: 9.5pt;\">&nbsp;\/&nbsp;<\/span><a href=\"http:\/\/www.caritasgirona.cat\/\" target=\"_blank\"><span style=\"color: #1155cc; font-family: &quot;arial&quot; , &quot;sans-serif&quot;; font-size: 9.5pt;\">www.caritasgirona.cat<\/span><\/a><span style=\"color: #222222; font-family: &quot;arial&quot; , &quot;sans-serif&quot;; font-size: 9.5pt;\"><o:p><\/o:p><\/span><\/div>\n<div style=\"background: white; line-height: normal; margin-bottom: .0001pt; margin-bottom: 0cm;\"><i><span style=\"color: #222222; font-family: &quot;arial&quot; , &quot;sans-serif&quot;; font-size: 9.5pt;\">twitter &nbsp;facebook &nbsp;youtube<\/span><\/i><span style=\"color: #222222; font-family: &quot;arial&quot; , &quot;sans-serif&quot;; font-size: 9.5pt;\"><o:p><\/o:p><\/span><\/div>\n<p><\/p>\n<div style=\"background: white; line-height: normal; margin-bottom: .0001pt; margin-bottom: 0cm;\"><\/div>\n","protected":false},"excerpt":{"rendered":"<p>Benvolgudes fam\u00edlies, Segurament ja heu sentit a parlar de la&nbsp;campanya Casa Nostra Casa Vostra,&nbsp;a favor de les persones que demanen refugi i es troben encara atrapades a les fronteres d&#8217;Europa.&nbsp; Des de C\u00e0ritas, i a trav\u00e9s de la Plataforma Girona Acull, se&#8217;ns han adre\u00e7at per si, a trav\u00e9s de l\u2019institut i de les fam\u00edlies, hi [&hellip;]<\/p>\n","protected":false},"author":1,"featured_media":0,"comment_status":"closed","ping_status":"closed","sticky":false,"template":"","format":"standard","meta":{"_bbp_topic_count":0,"_bbp_reply_count":0,"_bbp_total_topic_count":0,"_bbp_total_reply_count":0,"_bbp_voice_count":0,"_bbp_anonymous_reply_count":0,"_bbp_topic_count_hidden":0,"_bbp_reply_count_hidden":0,"_bbp_forum_subforum_count":0,"site-sidebar-layout":"default","site-content-layout":"","ast-site-content-layout":"","site-content-style":"default","site-sidebar-style":"default","ast-global-header-display":"","ast-banner-title-visibility":"","ast-main-header-display":"","ast-hfb-above-header-display":"","ast-hfb-below-header-display":"","ast-hfb-mobile-header-display":"","site-post-title":"","ast-breadcrumbs-content":"","ast-featured-img":"","footer-sml-layout":"","theme-transparent-header-meta":"","adv-header-id-meta":"","stick-header-meta":"","header-above-stick-meta":"","header-main-stick-meta":"","header-below-stick-meta":"","astra-migrate-meta-layouts":"default","ast-page-background-enabled":"default","ast-page-background-meta":{"desktop":{"background-color":"var(--ast-global-color-4)","background-image":"","background-repeat":"repeat","background-position":"center center","background-size":"auto","background-attachment":"scroll","background-type":"","background-media":"","overlay-type":"","overlay-color":"","overlay-opacity":"","overlay-gradient":""},"tablet":{"background-color":"","background-image":"","background-repeat":"repeat","background-position":"center center","background-size":"auto","background-attachment":"scroll","background-type":"","background-media":"","overlay-type":"","overlay-color":"","overlay-opacity":"","overlay-gradient":""},"mobile":{"background-color":"","background-image":"","background-repeat":"repeat","background-position":"center center","background-size":"auto","background-attachment":"scroll","background-type":"","background-media":"","overlay-type":"","overlay-color":"","overlay-opacity":"","overlay-gradient":""}},"ast-content-background-meta":{"desktop":{"background-color":"var(--ast-global-color-5)","background-image":"","background-repeat":"repeat","background-position":"center center","background-size":"auto","background-attachment":"scroll","background-type":"","background-media":"","overlay-type":"","overlay-color":"","overlay-opacity":"","overlay-gradient":""},"tablet":{"background-color":"var(--ast-global-color-5)","background-image":"","background-repeat":"repeat","background-position":"center center","background-size":"auto","background-attachment":"scroll","background-type":"","background-media":"","overlay-type":"","overlay-color":"","overlay-opacity":"","overlay-gradient":""},"mobile":{"background-color":"var(--ast-global-color-5)","background-image":"","background-repeat":"repeat","background-position":"center center","background-size":"auto","background-attachment":"scroll","background-type":"","background-media":"","overlay-type":"","overlay-color":"","overlay-opacity":"","overlay-gradient":""}},"footnotes":""},"categories":[1,29],"tags":[],"class_list":["post-809","post","type-post","status-publish","format-standard","hentry","category-general","category-portada"],"post_mailing_queue_ids":[],"_links":{"self":[{"href":"https:\/\/agora.xtec.cat\/iesrafaelcampalans\/wp-json\/wp\/v2\/posts\/809","targetHints":{"allow":["GET"]}}],"collection":[{"href":"https:\/\/agora.xtec.cat\/iesrafaelcampalans\/wp-json\/wp\/v2\/posts"}],"about":[{"href":"https:\/\/agora.xtec.cat\/iesrafaelcampalans\/wp-json\/wp\/v2\/types\/post"}],"author":[{"embeddable":true,"href":"https:\/\/agora.xtec.cat\/iesrafaelcampalans\/wp-json\/wp\/v2\/users\/1"}],"replies":[{"embeddable":true,"href":"https:\/\/agora.xtec.cat\/iesrafaelcampalans\/wp-json\/wp\/v2\/comments?post=809"}],"version-history":[{"count":1,"href":"https:\/\/agora.xtec.cat\/iesrafaelcampalans\/wp-json\/wp\/v2\/posts\/809\/revisions"}],"predecessor-version":[{"id":1479,"href":"https:\/\/agora.xtec.cat\/iesrafaelcampalans\/wp-json\/wp\/v2\/posts\/809\/revisions\/1479"}],"wp:attachment":[{"href":"https:\/\/agora.xtec.cat\/iesrafaelcampalans\/wp-json\/wp\/v2\/media?parent=809"}],"wp:term":[{"taxonomy":"category","embeddable":true,"href":"https:\/\/agora.xtec.cat\/iesrafaelcampalans\/wp-json\/wp\/v2\/categories?post=809"},{"taxonomy":"post_tag","embeddable":true,"href":"https:\/\/agora.xtec.cat\/iesrafaelcampalans\/wp-json\/wp\/v2\/tags?post=809"}],"curies":[{"name":"wp","href":"https:\/\/api.w.org\/{rel}","templated":true}]}}