{"id":800,"date":"2017-02-15T19:15:00","date_gmt":"2017-02-15T18:15:00","guid":{"rendered":"http:\/\/agora.xtec.cat\/iesrafaelcampalans\/general\/cap-a-roma-hi-falta-gent\/"},"modified":"2017-09-25T23:28:29","modified_gmt":"2017-09-25T21:28:29","slug":"cap-a-roma-hi-falta-gent","status":"publish","type":"post","link":"https:\/\/agora.xtec.cat\/iesrafaelcampalans\/general\/cap-a-roma-hi-falta-gent\/","title":{"rendered":"Cap a Roma hi falta gent!"},"content":{"rendered":"<div style=\"text-align: justify;\">Vint-i-cinc alumnes de 1r de batxillerat de l&#8217;institut, acompanyats de tres professors emprenen dem\u00e0 el cam\u00ed cap a Roma en el que \u00e9s un viatge d&#8217;estudis de tres dies. El grup d&#8217;alumnes i professors faran una visita llampec per la durada del viatge per\u00f2 molt intensa i profitosa quant als continguts.<br \/><a name='more'><\/a><\/div>\n<div style=\"text-align: justify;\">Roma \u00e9s una ciutat carregada d&#8217;hist\u00f2ria i d&#8217;encants per descobrir in situ, i \u00e9s aix\u00ed com ho faran. Ciutat eterna, ciutat encantadora, propera per la geografia, llunyana per l&#8217;antiguitat de la seva hist\u00f2ria i fascinant si hi vas amb una colla d&#8217;amics amb qui saps que t&#8217;ho passar\u00e0s d&#8217;all\u00f2 m\u00e9s b\u00e9. S&#8217;emporten una maleta petita per prescripci\u00f3 de la companyia a\u00e8ria, per\u00f2 la maleta que duran a la tornada no passaria cap control perqu\u00e8 tornaran ben segur carregats d&#8217;experi\u00e8ncia viscuda que els far\u00e0 rics per tot el que hauran vist i viscut.<\/div>\n<div style=\"text-align: justify;\"><\/div>\n<div style=\"clear: both; text-align: center;\"><a href=\"https:\/\/3.bp.blogspot.com\/-N-AR6nazjIw\/WKSMQ_shSyI\/AAAAAAAACxM\/3MKz8Exsxaoko6js3KLwIj_9at60V9RyACLcB\/s1600\/P9270562.jpg\" style=\"margin-left: 1em; margin-right: 1em;\"><img loading=\"lazy\" decoding=\"async\" border=\"0\" height=\"300\" src=\"https:\/\/3.bp.blogspot.com\/-N-AR6nazjIw\/WKSMQ_shSyI\/AAAAAAAACxM\/3MKz8Exsxaoko6js3KLwIj_9at60V9RyACLcB\/s400\/P9270562.jpg\" width=\"400\" \/><\/a><\/div>\n<p>.<\/p>\n<div style=\"text-align: justify;\">Quan ens envi\u00efn fotografies, us mantindrem informats. Bon viatge a tots!<\/p>\n<\/div>\n<div style=\"text-align: right;\"><i>&#8220;Falc\u00f3 de not\u00edcies&#8221;, 15 de febrer 2016<\/i><\/div>\n","protected":false},"excerpt":{"rendered":"<p>Vint-i-cinc alumnes de 1r de batxillerat de l&#8217;institut, acompanyats de tres professors emprenen dem\u00e0 el cam\u00ed cap a Roma en el que \u00e9s un viatge d&#8217;estudis de tres dies. El grup d&#8217;alumnes i professors faran una visita llampec per la durada del viatge per\u00f2 molt intensa i profitosa quant als continguts. Roma \u00e9s una ciutat [&hellip;]<\/p>\n","protected":false},"author":1,"featured_media":0,"comment_status":"closed","ping_status":"closed","sticky":false,"template":"","format":"standard","meta":{"_bbp_topic_count":0,"_bbp_reply_count":0,"_bbp_total_topic_count":0,"_bbp_total_reply_count":0,"_bbp_voice_count":0,"_bbp_anonymous_reply_count":0,"_bbp_topic_count_hidden":0,"_bbp_reply_count_hidden":0,"_bbp_forum_subforum_count":0,"site-sidebar-layout":"default","site-content-layout":"","ast-site-content-layout":"","site-content-style":"default","site-sidebar-style":"default","ast-global-header-display":"","ast-banner-title-visibility":"","ast-main-header-display":"","ast-hfb-above-header-display":"","ast-hfb-below-header-display":"","ast-hfb-mobile-header-display":"","site-post-title":"","ast-breadcrumbs-content":"","ast-featured-img":"","footer-sml-layout":"","theme-transparent-header-meta":"","adv-header-id-meta":"","stick-header-meta":"","header-above-stick-meta":"","header-main-stick-meta":"","header-below-stick-meta":"","astra-migrate-meta-layouts":"default","ast-page-background-enabled":"default","ast-page-background-meta":{"desktop":{"background-color":"var(--ast-global-color-4)","background-image":"","background-repeat":"repeat","background-position":"center center","background-size":"auto","background-attachment":"scroll","background-type":"","background-media":"","overlay-type":"","overlay-color":"","overlay-opacity":"","overlay-gradient":""},"tablet":{"background-color":"","background-image":"","background-repeat":"repeat","background-position":"center center","background-size":"auto","background-attachment":"scroll","background-type":"","background-media":"","overlay-type":"","overlay-color":"","overlay-opacity":"","overlay-gradient":""},"mobile":{"background-color":"","background-image":"","background-repeat":"repeat","background-position":"center center","background-size":"auto","background-attachment":"scroll","background-type":"","background-media":"","overlay-type":"","overlay-color":"","overlay-opacity":"","overlay-gradient":""}},"ast-content-background-meta":{"desktop":{"background-color":"var(--ast-global-color-5)","background-image":"","background-repeat":"repeat","background-position":"center center","background-size":"auto","background-attachment":"scroll","background-type":"","background-media":"","overlay-type":"","overlay-color":"","overlay-opacity":"","overlay-gradient":""},"tablet":{"background-color":"var(--ast-global-color-5)","background-image":"","background-repeat":"repeat","background-position":"center center","background-size":"auto","background-attachment":"scroll","background-type":"","background-media":"","overlay-type":"","overlay-color":"","overlay-opacity":"","overlay-gradient":""},"mobile":{"background-color":"var(--ast-global-color-5)","background-image":"","background-repeat":"repeat","background-position":"center center","background-size":"auto","background-attachment":"scroll","background-type":"","background-media":"","overlay-type":"","overlay-color":"","overlay-opacity":"","overlay-gradient":""}},"footnotes":""},"categories":[1,29],"tags":[],"class_list":["post-800","post","type-post","status-publish","format-standard","hentry","category-general","category-portada"],"post_mailing_queue_ids":[],"_links":{"self":[{"href":"https:\/\/agora.xtec.cat\/iesrafaelcampalans\/wp-json\/wp\/v2\/posts\/800","targetHints":{"allow":["GET"]}}],"collection":[{"href":"https:\/\/agora.xtec.cat\/iesrafaelcampalans\/wp-json\/wp\/v2\/posts"}],"about":[{"href":"https:\/\/agora.xtec.cat\/iesrafaelcampalans\/wp-json\/wp\/v2\/types\/post"}],"author":[{"embeddable":true,"href":"https:\/\/agora.xtec.cat\/iesrafaelcampalans\/wp-json\/wp\/v2\/users\/1"}],"replies":[{"embeddable":true,"href":"https:\/\/agora.xtec.cat\/iesrafaelcampalans\/wp-json\/wp\/v2\/comments?post=800"}],"version-history":[{"count":1,"href":"https:\/\/agora.xtec.cat\/iesrafaelcampalans\/wp-json\/wp\/v2\/posts\/800\/revisions"}],"predecessor-version":[{"id":1470,"href":"https:\/\/agora.xtec.cat\/iesrafaelcampalans\/wp-json\/wp\/v2\/posts\/800\/revisions\/1470"}],"wp:attachment":[{"href":"https:\/\/agora.xtec.cat\/iesrafaelcampalans\/wp-json\/wp\/v2\/media?parent=800"}],"wp:term":[{"taxonomy":"category","embeddable":true,"href":"https:\/\/agora.xtec.cat\/iesrafaelcampalans\/wp-json\/wp\/v2\/categories?post=800"},{"taxonomy":"post_tag","embeddable":true,"href":"https:\/\/agora.xtec.cat\/iesrafaelcampalans\/wp-json\/wp\/v2\/tags?post=800"}],"curies":[{"name":"wp","href":"https:\/\/api.w.org\/{rel}","templated":true}]}}