{"id":795,"date":"2017-02-23T13:50:00","date_gmt":"2017-02-23T12:50:00","guid":{"rendered":"http:\/\/agora.xtec.cat\/iesrafaelcampalans\/general\/24-de-febrer-dia-festiu-de-lliure-disposicio\/"},"modified":"2017-09-25T23:35:36","modified_gmt":"2017-09-25T21:35:36","slug":"24-de-febrer-dia-festiu-de-lliure-disposicio","status":"publish","type":"post","link":"https:\/\/agora.xtec.cat\/iesrafaelcampalans\/general\/24-de-febrer-dia-festiu-de-lliure-disposicio\/","title":{"rendered":"24 de febrer, dia festiu de lliure disposici\u00f3"},"content":{"rendered":"<h3 style=\"background-color: white; color: #333333; font-family: arial, tahoma, helvetica, freesans, sans-serif; font-stretch: normal; font-weight: normal; line-height: normal; margin: 0px; position: relative;\"><a href=\"https:\/\/www.blogger.com\/blogger.g?blogID=193934838983748914\" style=\"clear: left; float: left; font-size: 18px; margin-bottom: 1em; margin-right: 1em;\"><\/a><a href=\"https:\/\/www.blogger.com\/blogger.g?blogID=193934838983748914\" style=\"clear: left; float: left; font-size: 18px; margin-bottom: 1em; margin-right: 1em;\"><\/a><a href=\"https:\/\/www.blogger.com\/blogger.g?blogID=193934838983748914\" style=\"clear: left; float: left; font-size: 18px; margin-bottom: 1em; margin-right: 1em;\"><\/a><a href=\"https:\/\/www.blogger.com\/blogger.g?blogID=193934838983748914\" style=\"clear: left; float: left; font-size: 18px; margin-bottom: 1em; margin-right: 1em;\"><\/a><a href=\"https:\/\/www.blogger.com\/blogger.g?blogID=193934838983748914\" style=\"clear: left; float: left; font-size: 18px; margin-bottom: 1em; margin-right: 1em;\"><\/a><a href=\"https:\/\/www.blogger.com\/blogger.g?blogID=193934838983748914\" style=\"clear: left; float: left; font-size: 18px; margin-bottom: 1em; margin-right: 1em;\"><\/a><\/h3>\n<div style=\"text-align: center;\"><a href=\"https:\/\/1.bp.blogspot.com\/-nAjLp-UMkjs\/WK6q86m0rvI\/AAAAAAAACzE\/7RMDf98micwbbJspyLGI0xQ6wT2dfEpjwCEw\/s1600\/carna.jpg\" style=\"background-color: white; font-family: arial, tahoma, helvetica, freesans, sans-serif; font-size: 14.85px; margin-left: 1em; margin-right: 1em;\"><img loading=\"lazy\" decoding=\"async\" border=\"0\" height=\"61\" src=\"https:\/\/1.bp.blogspot.com\/-nAjLp-UMkjs\/WK6q86m0rvI\/AAAAAAAACzE\/7RMDf98micwbbJspyLGI0xQ6wT2dfEpjwCEw\/s320\/carna.jpg\" width=\"320\" \/><\/a><\/div>\n<div style=\"background-color: white; color: #333333; line-height: 1.4; position: relative; width: 548px;\">\n<div dir=\"ltr\">\n<div>\n<div style=\"text-align: justify;\">\n<div style=\"font-family: arial, tahoma, helvetica, freesans, sans-serif; font-size: 14.85px;\"><\/div>\n<div style=\"font-stretch: normal; font-weight: normal; line-height: normal; margin: 0px; position: relative; text-align: start;\"><span style=\"font-family: Arial, Helvetica, sans-serif; font-size: small;\">Benvolgudes fam\u00edlies, alumnes i professorat,<\/span><\/div>\n<div style=\"font-stretch: normal; font-weight: normal; line-height: normal; margin: 0px; position: relative; text-align: start;\"><span style=\"font-family: arial, tahoma, helvetica, freesans, sans-serif; font-size: 14.85px; text-align: justify;\"><br \/><\/span><\/div>\n<div style=\"font-stretch: normal; font-weight: normal; line-height: normal; margin: 0px; position: relative; text-align: start;\"><span style=\"font-family: arial, tahoma, helvetica, freesans, sans-serif; font-size: 14.85px; text-align: justify;\">Us recordem que divendres 24 de febrer no hi haur\u00e0 activitat escolar perqu\u00e8 es tracta d&#8217;un dia de lliure disposici\u00f3, al voltant de les festes de Carnestoltes.<\/span><\/div>\n<\/div>\n<\/div>\n<div style=\"font-family: arial, tahoma, helvetica, freesans, sans-serif; font-size: 14.85px;\">\n<div style=\"text-align: justify;\"><\/div>\n<\/div>\n<div style=\"font-family: arial, tahoma, helvetica, freesans, sans-serif; font-size: 14.85px;\">\n<div style=\"text-align: justify;\">Que tingueu un bon cap de setmana i una bona diada de descans.<\/div>\n<\/div>\n<div style=\"font-family: arial, tahoma, helvetica, freesans, sans-serif; font-size: 14.85px;\"><\/div>\n<div style=\"font-family: arial, tahoma, helvetica, freesans, sans-serif; font-size: 14.85px;\">\n<div style=\"text-align: right;\">La direcci\u00f3<\/div>\n<\/div>\n<\/div>\n<\/div>\n","protected":false},"excerpt":{"rendered":"<p>Benvolgudes fam\u00edlies, alumnes i professorat, Us recordem que divendres 24 de febrer no hi haur\u00e0 activitat escolar perqu\u00e8 es tracta d&#8217;un dia de lliure disposici\u00f3, al voltant de les festes de Carnestoltes. Que tingueu un bon cap de setmana i una bona diada de descans. La direcci\u00f3<\/p>\n","protected":false},"author":1,"featured_media":0,"comment_status":"closed","ping_status":"closed","sticky":false,"template":"","format":"standard","meta":{"_bbp_topic_count":0,"_bbp_reply_count":0,"_bbp_total_topic_count":0,"_bbp_total_reply_count":0,"_bbp_voice_count":0,"_bbp_anonymous_reply_count":0,"_bbp_topic_count_hidden":0,"_bbp_reply_count_hidden":0,"_bbp_forum_subforum_count":0,"site-sidebar-layout":"default","site-content-layout":"","ast-site-content-layout":"","site-content-style":"default","site-sidebar-style":"default","ast-global-header-display":"","ast-banner-title-visibility":"","ast-main-header-display":"","ast-hfb-above-header-display":"","ast-hfb-below-header-display":"","ast-hfb-mobile-header-display":"","site-post-title":"","ast-breadcrumbs-content":"","ast-featured-img":"","footer-sml-layout":"","theme-transparent-header-meta":"","adv-header-id-meta":"","stick-header-meta":"","header-above-stick-meta":"","header-main-stick-meta":"","header-below-stick-meta":"","astra-migrate-meta-layouts":"default","ast-page-background-enabled":"default","ast-page-background-meta":{"desktop":{"background-color":"var(--ast-global-color-4)","background-image":"","background-repeat":"repeat","background-position":"center center","background-size":"auto","background-attachment":"scroll","background-type":"","background-media":"","overlay-type":"","overlay-color":"","overlay-opacity":"","overlay-gradient":""},"tablet":{"background-color":"","background-image":"","background-repeat":"repeat","background-position":"center center","background-size":"auto","background-attachment":"scroll","background-type":"","background-media":"","overlay-type":"","overlay-color":"","overlay-opacity":"","overlay-gradient":""},"mobile":{"background-color":"","background-image":"","background-repeat":"repeat","background-position":"center center","background-size":"auto","background-attachment":"scroll","background-type":"","background-media":"","overlay-type":"","overlay-color":"","overlay-opacity":"","overlay-gradient":""}},"ast-content-background-meta":{"desktop":{"background-color":"var(--ast-global-color-5)","background-image":"","background-repeat":"repeat","background-position":"center center","background-size":"auto","background-attachment":"scroll","background-type":"","background-media":"","overlay-type":"","overlay-color":"","overlay-opacity":"","overlay-gradient":""},"tablet":{"background-color":"var(--ast-global-color-5)","background-image":"","background-repeat":"repeat","background-position":"center center","background-size":"auto","background-attachment":"scroll","background-type":"","background-media":"","overlay-type":"","overlay-color":"","overlay-opacity":"","overlay-gradient":""},"mobile":{"background-color":"var(--ast-global-color-5)","background-image":"","background-repeat":"repeat","background-position":"center center","background-size":"auto","background-attachment":"scroll","background-type":"","background-media":"","overlay-type":"","overlay-color":"","overlay-opacity":"","overlay-gradient":""}},"footnotes":""},"categories":[1,29],"tags":[],"class_list":["post-795","post","type-post","status-publish","format-standard","hentry","category-general","category-portada"],"post_mailing_queue_ids":[],"_links":{"self":[{"href":"https:\/\/agora.xtec.cat\/iesrafaelcampalans\/wp-json\/wp\/v2\/posts\/795","targetHints":{"allow":["GET"]}}],"collection":[{"href":"https:\/\/agora.xtec.cat\/iesrafaelcampalans\/wp-json\/wp\/v2\/posts"}],"about":[{"href":"https:\/\/agora.xtec.cat\/iesrafaelcampalans\/wp-json\/wp\/v2\/types\/post"}],"author":[{"embeddable":true,"href":"https:\/\/agora.xtec.cat\/iesrafaelcampalans\/wp-json\/wp\/v2\/users\/1"}],"replies":[{"embeddable":true,"href":"https:\/\/agora.xtec.cat\/iesrafaelcampalans\/wp-json\/wp\/v2\/comments?post=795"}],"version-history":[{"count":1,"href":"https:\/\/agora.xtec.cat\/iesrafaelcampalans\/wp-json\/wp\/v2\/posts\/795\/revisions"}],"predecessor-version":[{"id":1465,"href":"https:\/\/agora.xtec.cat\/iesrafaelcampalans\/wp-json\/wp\/v2\/posts\/795\/revisions\/1465"}],"wp:attachment":[{"href":"https:\/\/agora.xtec.cat\/iesrafaelcampalans\/wp-json\/wp\/v2\/media?parent=795"}],"wp:term":[{"taxonomy":"category","embeddable":true,"href":"https:\/\/agora.xtec.cat\/iesrafaelcampalans\/wp-json\/wp\/v2\/categories?post=795"},{"taxonomy":"post_tag","embeddable":true,"href":"https:\/\/agora.xtec.cat\/iesrafaelcampalans\/wp-json\/wp\/v2\/tags?post=795"}],"curies":[{"name":"wp","href":"https:\/\/api.w.org\/{rel}","templated":true}]}}