{"id":794,"date":"2017-02-28T10:00:00","date_gmt":"2017-02-28T09:00:00","guid":{"rendered":"http:\/\/agora.xtec.cat\/iesrafaelcampalans\/general\/visita-al-parc-cientific-de-barcelona\/"},"modified":"2017-09-25T23:28:28","modified_gmt":"2017-09-25T21:28:28","slug":"visita-al-parc-cientific-de-barcelona","status":"publish","type":"post","link":"https:\/\/agora.xtec.cat\/iesrafaelcampalans\/general\/visita-al-parc-cientific-de-barcelona\/","title":{"rendered":"Visita al Parc cient\u00edfic de Barcelona"},"content":{"rendered":"<div style=\"clear: both; text-align: center;\"><a href=\"https:\/\/3.bp.blogspot.com\/-n-Upl58regA\/WLUsOfIzESI\/AAAAAAAACzs\/Vs6Zfz6gRWApQnE-RtzSZqqMq5WaYl6LQCLcB\/s1600\/Parc%2Bcient%25C3%25ADfic%2B1.jpg\" style=\"margin-left: 1em; margin-right: 1em;\"><img loading=\"lazy\" decoding=\"async\" border=\"0\" height=\"225\" src=\"https:\/\/3.bp.blogspot.com\/-n-Upl58regA\/WLUsOfIzESI\/AAAAAAAACzs\/Vs6Zfz6gRWApQnE-RtzSZqqMq5WaYl6LQCLcB\/s400\/Parc%2Bcient%25C3%25ADfic%2B1.jpg\" width=\"400\" \/><\/a><\/div>\n<div style=\"clear: both; text-align: center;\"><\/div>\n<div style=\"text-align: justify;\"><span style=\"font-family: &quot;tahoma&quot; , &quot;sans-serif&quot;; font-size: 12.0pt; line-height: 115%;\">El divendres 24 de febrer, la Neus Mart\u00ed i en Guillem Bartrina (en substituci\u00f3 de la Gina Duran que no hi va poder assistir), alumnes de 2n de batxillerat, van visitar el Parc cient\u00edfic de Barcelona acompanyats per la professora Imma Casanova, com a premi o reconeixement a les redaccions que van presentar a la Jornada de Filosofia 2016, amb el t\u00edtol <i>\u201cQu\u00e8 ens fa humans?\u201d<\/i>, celebrada el passat 16 de desembre de 2016, i de la qual ja vam informar per aquest canal. A m\u00e9s dels nostres alumnes, tamb\u00e9 hi van participar els alumnes premiats dels altres cinc instituts participants a la Jornada de Filosofia i tres professors m\u00e9s de filosofia.<o:p><\/o:p><\/span><br \/><span style=\"font-family: &quot;tahoma&quot; , &quot;sans-serif&quot;; font-size: 12.0pt; line-height: 115%;\"><br \/><\/span><\/div>\n<div style=\"text-align: justify;\">\n<div style=\"clear: both; text-align: center;\"><a href=\"https:\/\/4.bp.blogspot.com\/-WqDzbPAwbI8\/WLUuob4UKwI\/AAAAAAAAC0Y\/gV-7nWWfOR0w16tKpour7I-9QaiF7BCoQCLcB\/s1600\/grup.jpg\" style=\"margin-left: 1em; margin-right: 1em;\"><img loading=\"lazy\" decoding=\"async\" border=\"0\" height=\"225\" src=\"https:\/\/4.bp.blogspot.com\/-WqDzbPAwbI8\/WLUuob4UKwI\/AAAAAAAAC0Y\/gV-7nWWfOR0w16tKpour7I-9QaiF7BCoQCLcB\/s400\/grup.jpg\" width=\"400\" \/><\/a><\/div>\n<p><span style=\"font-family: &quot;tahoma&quot; , &quot;sans-serif&quot;; font-size: 12.0pt; line-height: 115%;\"><br \/><\/span><\/div>\n<div style=\"text-align: justify;\"><span style=\"font-family: &quot;tahoma&quot; , &quot;sans-serif&quot;; font-size: 12.0pt; line-height: 115%;\">El premi, atorgat per la fundaci\u00f3 Princesa de Girona, ha consistit en una visita a aquest Parc, acompanyats pel seu director, el senyor Ignasi Belda, doctor en intel\u00b7lig\u00e8ncia artificial per la Universitat Polit\u00e8cnica de Catalunya (UPC) i enginyer inform\u00e0tic per la Universitat Ramon Llull,&nbsp; que tamb\u00e9 ens va fer una confer\u00e8ncia sobre intel\u00b7lig\u00e8ncia artificial i filosofia.&nbsp; Despr\u00e9s ens va ensenyar algunes de les instal\u00b7lacions del Parc, explicant-nos el seu paper com impulsor de la recerca (per m\u00e9s informaci\u00f3 <\/span><a href=\"http:\/\/www.pcb.ub.edu\/portal\/ca\/el-pcb\"><span style=\"font-family: &quot;tahoma&quot; , &quot;sans-serif&quot;; font-size: 12.0pt; line-height: 115%;\">http:\/\/www.pcb.ub.edu\/portal\/ca\/el-pcb<\/span><\/a><span style=\"font-family: &quot;tahoma&quot; , &quot;sans-serif&quot;; font-size: 12.0pt; line-height: 115%;\">). <\/span><br \/><a name='more'><\/a><\/div>\n<div style=\"text-align: justify;\"><span style=\"font-family: tahoma, sans-serif; font-size: 12pt;\">La visita va acabar amb un dinar al mateix restaurant del Parc.<\/span><\/div>\n<div style=\"text-align: justify;\"><span style=\"font-family: &quot;tahoma&quot; , &quot;sans-serif&quot;; font-size: 12.0pt; line-height: 115%;\">Tot plegat, una experi\u00e8ncia cient\u00edfica, filos\u00f2fica i humana inoblidable!<o:p><\/o:p><\/span><\/div>\n<div style=\"clear: both; text-align: justify;\"><\/div>\n<div style=\"text-align: justify;\"><\/div>\n<div style=\"clear: both; text-align: center;\"><a href=\"https:\/\/2.bp.blogspot.com\/-oyv9AAbBowo\/WLUsPwsfO4I\/AAAAAAAACzw\/kxh4_6HO5hkJEbhUNNHRX-9z2R8Y9YpKgCLcB\/s1600\/Parc%2Bcient%25C3%25ADfic%2B2.jpg\" style=\"margin-left: 1em; margin-right: 1em;\"><img loading=\"lazy\" decoding=\"async\" border=\"0\" height=\"225\" src=\"https:\/\/2.bp.blogspot.com\/-oyv9AAbBowo\/WLUsPwsfO4I\/AAAAAAAACzw\/kxh4_6HO5hkJEbhUNNHRX-9z2R8Y9YpKgCLcB\/s400\/Parc%2Bcient%25C3%25ADfic%2B2.jpg\" width=\"400\" \/><\/a><\/div>\n<div style=\"clear: both; text-align: center;\"><a href=\"https:\/\/2.bp.blogspot.com\/-vRYD5Ys3yEo\/WLUsSHLxHDI\/AAAAAAAACz0\/OTwyIRQpUfE702lqVxVJGX3uyNEOs7rFgCLcB\/s1600\/Parc%2Bcientific%2B3.jpg\" style=\"margin-left: 1em; margin-right: 1em;\"><img loading=\"lazy\" decoding=\"async\" border=\"0\" height=\"225\" src=\"https:\/\/2.bp.blogspot.com\/-vRYD5Ys3yEo\/WLUsSHLxHDI\/AAAAAAAACz0\/OTwyIRQpUfE702lqVxVJGX3uyNEOs7rFgCLcB\/s400\/Parc%2Bcientific%2B3.jpg\" width=\"400\" \/><\/a><\/div>\n<div style=\"clear: both; text-align: center;\"><a href=\"https:\/\/3.bp.blogspot.com\/-QTWGfbpE4oQ\/WLUsTgLqXqI\/AAAAAAAACz4\/zURi80a2geQ2hktOoA51CfntoW46Nh1EwCLcB\/s1600\/Parc%2Bcientific%2B4.jpg\" style=\"margin-left: 1em; margin-right: 1em;\"><img loading=\"lazy\" decoding=\"async\" border=\"0\" height=\"225\" src=\"https:\/\/3.bp.blogspot.com\/-QTWGfbpE4oQ\/WLUsTgLqXqI\/AAAAAAAACz4\/zURi80a2geQ2hktOoA51CfntoW46Nh1EwCLcB\/s400\/Parc%2Bcientific%2B4.jpg\" width=\"400\" \/><\/a><\/div>\n<div style=\"clear: both; text-align: center;\"><a href=\"https:\/\/4.bp.blogspot.com\/-r3I5ggN6kvA\/WLUsVDjadSI\/AAAAAAAACz8\/dCl2BZNVLpcHrIvHg-b7lMSn-uIZyPq4QCLcB\/s1600\/Parc%2Bcientific%2B5.jpg\" style=\"margin-left: 1em; margin-right: 1em;\"><img loading=\"lazy\" decoding=\"async\" border=\"0\" height=\"225\" src=\"https:\/\/4.bp.blogspot.com\/-r3I5ggN6kvA\/WLUsVDjadSI\/AAAAAAAACz8\/dCl2BZNVLpcHrIvHg-b7lMSn-uIZyPq4QCLcB\/s400\/Parc%2Bcientific%2B5.jpg\" width=\"400\" \/><\/a><\/div>\n<div style=\"clear: both; text-align: center;\"><a href=\"https:\/\/4.bp.blogspot.com\/-6r0KkjnT6hg\/WLUsW23pnBI\/AAAAAAAAC0A\/101Wjpk7o88Z2HyBpvqjR3SrBUUY-uK_QCLcB\/s1600\/parc%2Bcientific%2B6.jpg\" style=\"margin-left: 1em; margin-right: 1em;\"><img loading=\"lazy\" decoding=\"async\" border=\"0\" height=\"225\" src=\"https:\/\/4.bp.blogspot.com\/-6r0KkjnT6hg\/WLUsW23pnBI\/AAAAAAAAC0A\/101Wjpk7o88Z2HyBpvqjR3SrBUUY-uK_QCLcB\/s400\/parc%2Bcientific%2B6.jpg\" width=\"400\" \/><\/a><\/div>\n<div style=\"clear: both; text-align: center;\"><\/div>\n<div style=\"clear: both; text-align: center;\"><a href=\"https:\/\/2.bp.blogspot.com\/-9E03kffclLU\/WLUsYgJHuWI\/AAAAAAAAC0E\/89hiH6ArTVIKXBEIL_ouoAlZskYeCvSSQCLcB\/s1600\/Parc%2Bcientific%2B7.jpg\" style=\"margin-left: 1em; margin-right: 1em;\"><img loading=\"lazy\" decoding=\"async\" border=\"0\" height=\"225\" src=\"https:\/\/2.bp.blogspot.com\/-9E03kffclLU\/WLUsYgJHuWI\/AAAAAAAAC0E\/89hiH6ArTVIKXBEIL_ouoAlZskYeCvSSQCLcB\/s400\/Parc%2Bcientific%2B7.jpg\" width=\"400\" \/><\/a><\/div>\n<div style=\"clear: both; text-align: center;\"><a href=\"https:\/\/1.bp.blogspot.com\/-FFBbJY-ZS1s\/WLUsaoOmGPI\/AAAAAAAAC0I\/GeqD2ZFQ0k8UVgq9Yk48XjRCW0V-cW5hQCLcB\/s1600\/Parc%2Bcientific%2B8.jpg\" style=\"margin-left: 1em; margin-right: 1em;\"><img loading=\"lazy\" decoding=\"async\" border=\"0\" height=\"225\" src=\"https:\/\/1.bp.blogspot.com\/-FFBbJY-ZS1s\/WLUsaoOmGPI\/AAAAAAAAC0I\/GeqD2ZFQ0k8UVgq9Yk48XjRCW0V-cW5hQCLcB\/s400\/Parc%2Bcientific%2B8.jpg\" width=\"400\" \/><\/a><\/div>\n<div style=\"clear: both; text-align: right;\"><i>&#8220;Les veus del falc\u00f3&#8221;, 28 de febrer 2017<\/i><\/div>\n<div style=\"text-align: right;\"><\/div>\n","protected":false},"excerpt":{"rendered":"<p>El divendres 24 de febrer, la Neus Mart\u00ed i en Guillem Bartrina (en substituci\u00f3 de la Gina Duran que no hi va poder assistir), alumnes de 2n de batxillerat, van visitar el Parc cient\u00edfic de Barcelona acompanyats per la professora Imma Casanova, com a premi o reconeixement a les redaccions que van presentar a la [&hellip;]<\/p>\n","protected":false},"author":1,"featured_media":0,"comment_status":"closed","ping_status":"closed","sticky":false,"template":"","format":"standard","meta":{"_bbp_topic_count":0,"_bbp_reply_count":0,"_bbp_total_topic_count":0,"_bbp_total_reply_count":0,"_bbp_voice_count":0,"_bbp_anonymous_reply_count":0,"_bbp_topic_count_hidden":0,"_bbp_reply_count_hidden":0,"_bbp_forum_subforum_count":0,"site-sidebar-layout":"default","site-content-layout":"","ast-site-content-layout":"","site-content-style":"default","site-sidebar-style":"default","ast-global-header-display":"","ast-banner-title-visibility":"","ast-main-header-display":"","ast-hfb-above-header-display":"","ast-hfb-below-header-display":"","ast-hfb-mobile-header-display":"","site-post-title":"","ast-breadcrumbs-content":"","ast-featured-img":"","footer-sml-layout":"","theme-transparent-header-meta":"","adv-header-id-meta":"","stick-header-meta":"","header-above-stick-meta":"","header-main-stick-meta":"","header-below-stick-meta":"","astra-migrate-meta-layouts":"default","ast-page-background-enabled":"default","ast-page-background-meta":{"desktop":{"background-color":"var(--ast-global-color-4)","background-image":"","background-repeat":"repeat","background-position":"center center","background-size":"auto","background-attachment":"scroll","background-type":"","background-media":"","overlay-type":"","overlay-color":"","overlay-opacity":"","overlay-gradient":""},"tablet":{"background-color":"","background-image":"","background-repeat":"repeat","background-position":"center center","background-size":"auto","background-attachment":"scroll","background-type":"","background-media":"","overlay-type":"","overlay-color":"","overlay-opacity":"","overlay-gradient":""},"mobile":{"background-color":"","background-image":"","background-repeat":"repeat","background-position":"center center","background-size":"auto","background-attachment":"scroll","background-type":"","background-media":"","overlay-type":"","overlay-color":"","overlay-opacity":"","overlay-gradient":""}},"ast-content-background-meta":{"desktop":{"background-color":"var(--ast-global-color-5)","background-image":"","background-repeat":"repeat","background-position":"center center","background-size":"auto","background-attachment":"scroll","background-type":"","background-media":"","overlay-type":"","overlay-color":"","overlay-opacity":"","overlay-gradient":""},"tablet":{"background-color":"var(--ast-global-color-5)","background-image":"","background-repeat":"repeat","background-position":"center center","background-size":"auto","background-attachment":"scroll","background-type":"","background-media":"","overlay-type":"","overlay-color":"","overlay-opacity":"","overlay-gradient":""},"mobile":{"background-color":"var(--ast-global-color-5)","background-image":"","background-repeat":"repeat","background-position":"center center","background-size":"auto","background-attachment":"scroll","background-type":"","background-media":"","overlay-type":"","overlay-color":"","overlay-opacity":"","overlay-gradient":""}},"footnotes":""},"categories":[1,29],"tags":[],"class_list":["post-794","post","type-post","status-publish","format-standard","hentry","category-general","category-portada"],"post_mailing_queue_ids":[],"_links":{"self":[{"href":"https:\/\/agora.xtec.cat\/iesrafaelcampalans\/wp-json\/wp\/v2\/posts\/794","targetHints":{"allow":["GET"]}}],"collection":[{"href":"https:\/\/agora.xtec.cat\/iesrafaelcampalans\/wp-json\/wp\/v2\/posts"}],"about":[{"href":"https:\/\/agora.xtec.cat\/iesrafaelcampalans\/wp-json\/wp\/v2\/types\/post"}],"author":[{"embeddable":true,"href":"https:\/\/agora.xtec.cat\/iesrafaelcampalans\/wp-json\/wp\/v2\/users\/1"}],"replies":[{"embeddable":true,"href":"https:\/\/agora.xtec.cat\/iesrafaelcampalans\/wp-json\/wp\/v2\/comments?post=794"}],"version-history":[{"count":1,"href":"https:\/\/agora.xtec.cat\/iesrafaelcampalans\/wp-json\/wp\/v2\/posts\/794\/revisions"}],"predecessor-version":[{"id":1464,"href":"https:\/\/agora.xtec.cat\/iesrafaelcampalans\/wp-json\/wp\/v2\/posts\/794\/revisions\/1464"}],"wp:attachment":[{"href":"https:\/\/agora.xtec.cat\/iesrafaelcampalans\/wp-json\/wp\/v2\/media?parent=794"}],"wp:term":[{"taxonomy":"category","embeddable":true,"href":"https:\/\/agora.xtec.cat\/iesrafaelcampalans\/wp-json\/wp\/v2\/categories?post=794"},{"taxonomy":"post_tag","embeddable":true,"href":"https:\/\/agora.xtec.cat\/iesrafaelcampalans\/wp-json\/wp\/v2\/tags?post=794"}],"curies":[{"name":"wp","href":"https:\/\/api.w.org\/{rel}","templated":true}]}}