{"id":785,"date":"2017-03-09T10:44:00","date_gmt":"2017-03-09T09:44:00","guid":{"rendered":"http:\/\/agora.xtec.cat\/iesrafaelcampalans\/general\/xerrada-demprenedoria-a-economia\/"},"modified":"2017-09-25T23:28:27","modified_gmt":"2017-09-25T21:28:27","slug":"xerrada-demprenedoria-a-economia","status":"publish","type":"post","link":"https:\/\/agora.xtec.cat\/iesrafaelcampalans\/general\/xerrada-demprenedoria-a-economia\/","title":{"rendered":"Xerrada d&#8217;emprenedoria a Economia"},"content":{"rendered":"<div style=\"line-height: normal; margin-bottom: 0.0001pt; text-align: justify;\"><span style=\"font-family: &quot;arial&quot; , sans-serif;\">Aquestes darreres setmanes, ens han &nbsp;visitat la S\u00edlvia F\u00e0bregas i la Montse Gonz\u00e1lez, t\u00e8cniques d\u2019Emprenedoria en el Consell Comarcal la Selva, per explicar la seva tasca d\u2019assessorament d\u2019emprenedors als alumnes de Batxillerat i de l&#8217;itinerari d&#8217;Economia de 4t d&#8217;ESO, aix\u00ed com tamb\u00e9, les funcions del Centre de Negocis La Selva, ubicat a Santa Coloma de Farners.<\/span><\/div>\n<div style=\"line-height: normal; margin-bottom: .0001pt; margin-bottom: 0cm; text-align: justify;\"><\/div>\n<div style=\"clear: both; text-align: center;\"><a href=\"https:\/\/1.bp.blogspot.com\/-AiBYzN76pUs\/WMEU-qqkWbI\/AAAAAAAAC4E\/m5GliYslZG053jX-GdY-Dpz_WYtP2S-IQCLcB\/s1600\/IMG-20170301-WA0012.jpg\" style=\"margin-left: 1em; margin-right: 1em;\"><img loading=\"lazy\" decoding=\"async\" border=\"0\" height=\"225\" src=\"https:\/\/1.bp.blogspot.com\/-AiBYzN76pUs\/WMEU-qqkWbI\/AAAAAAAAC4E\/m5GliYslZG053jX-GdY-Dpz_WYtP2S-IQCLcB\/s400\/IMG-20170301-WA0012.jpg\" width=\"400\" \/><\/a><\/div>\n<div style=\"clear: both; text-align: center;\"><\/div>\n<div style=\"line-height: normal; margin-bottom: .0001pt; margin-bottom: 0cm; text-align: justify;\"><span style=\"font-family: &quot;arial&quot; , sans-serif;\">Ens han explicat els punts importants de la viabilitat d\u2019una idea de negoci, posant com a un dels punts m\u00e9s importants la bona entesa dels socis i la seva implicaci\u00f3 en l\u2019empresa per tal d\u2019aconseguir l\u2019\u00e8xit empresarial.<\/span><span style=\"font-family: &quot;times new roman&quot; , &quot;serif&quot;; font-size: 12.0pt;\"><o:p><\/o:p><\/span><\/div>\n<div style=\"line-height: normal; margin-bottom: .0001pt; margin-bottom: 0cm; text-align: justify;\"><a name='more'><\/a><\/div>\n<div style=\"line-height: normal; margin-bottom: .0001pt; margin-bottom: 0cm; text-align: justify;\"><span style=\"font-family: &quot;arial&quot; , sans-serif;\">D\u2019altra banda, tamb\u00e9 han introdu\u00eft conceptes com el finan\u00e7ament empresarial, pel qual l\u2019alumnat s\u2019ha mostrat interessat ja que no sabrien com posar en marxa una empresa sense diners. A m\u00e9s ens han introdu\u00eft a conceptes nous empresarials de finan\u00e7ament: business angels, coworking, star ups i networking.<\/span><span style=\"font-family: &quot;times new roman&quot; , &quot;serif&quot;; font-size: 12.0pt;\"><o:p><\/o:p><\/span><\/div>\n<div style=\"line-height: normal; margin-bottom: .0001pt; margin-bottom: 0cm; text-align: justify;\"><span style=\"font-family: &quot;arial&quot; , sans-serif;\"><br \/><\/span><\/div>\n<div style=\"clear: both; text-align: center;\"><a href=\"https:\/\/3.bp.blogspot.com\/-LLgvqdT0zdg\/WMEVAv483rI\/AAAAAAAAC4I\/PRFYUtPL34Ajfky-UEBHV93u3A7rCcz4wCLcB\/s1600\/IMG-20170301-WA0013.jpg\" style=\"margin-left: 1em; margin-right: 1em;\"><img loading=\"lazy\" decoding=\"async\" border=\"0\" height=\"225\" src=\"https:\/\/3.bp.blogspot.com\/-LLgvqdT0zdg\/WMEVAv483rI\/AAAAAAAAC4I\/PRFYUtPL34Ajfky-UEBHV93u3A7rCcz4wCLcB\/s400\/IMG-20170301-WA0013.jpg\" style=\"cursor: move;\" width=\"400\" \/><\/a><\/div>\n<div style=\"line-height: normal; margin-bottom: .0001pt; margin-bottom: 0cm; text-align: justify;\"><\/div>\n<div style=\"line-height: normal; margin-bottom: .0001pt; margin-bottom: 0cm; text-align: justify;\"><span style=\"font-family: &quot;arial&quot; , sans-serif;\">Finalment, han citat models de bones pr\u00e0ctiques empresarials, com per exemple <\/span><span style=\"font-family: &quot;times new roman&quot; , &quot;serif&quot;; font-size: 12.0pt;\"><a href=\"https:\/\/www.ticumikutoys.com\/?locale=ca\"><span style=\"color: #1155cc; font-family: &quot;arial&quot; , &quot;sans-serif&quot;; font-size: 11.0pt;\">Ticumiku<\/span><\/a><\/span><span style=\"font-family: &quot;arial&quot; , sans-serif;\"> i <\/span><span style=\"font-family: &quot;times new roman&quot; , &quot;serif&quot;; font-size: 12.0pt;\"><a href=\"https:\/\/www.xkelet.com\/\"><span style=\"color: #1155cc; font-family: &quot;arial&quot; , &quot;sans-serif&quot;; font-size: 11.0pt;\">Xkelet<\/span><\/a><\/span><span style=\"font-family: &quot;arial&quot; , sans-serif;\">, empreses creades en el Centre de Negocis La Selva.<\/span><span style=\"font-family: &quot;times new roman&quot; , &quot;serif&quot;; font-size: 12.0pt;\"><o:p><\/o:p><\/span><\/div>\n<div style=\"line-height: normal; margin-bottom: .0001pt; margin-bottom: 0cm; text-align: justify;\"><\/div>\n<p><span style=\"font-family: &quot;arial&quot; , sans-serif; text-align: justify;\">Properament ens presentaran a dos emprenedors, un dels quals ha estat alumne del nostre institut: Adri\u00e0 Bosch, que ens explicar\u00e0 la seva experi\u00e8ncia empresarial a trav\u00e9s de la seva idea de negoci: <\/span><span style=\"font-family: &quot;times new roman&quot; , &quot;serif&quot;; font-size: 12pt; text-align: justify;\"><span style=\"color: #1155cc; font-family: &quot;arial&quot; , &quot;sans-serif&quot;; font-size: 11.0pt;\"><a href=\"http:\/\/www.softwaregirona.com\/ca\/crear-app-girona\/\">So<\/a><\/span><\/span><span style=\"font-family: &quot;times new roman&quot; , serif; font-size: 12pt; text-align: justify;\"><a href=\"http:\/\/www.softwaregirona.com\/ca\/crear-app-girona\/\"><span style=\"color: #1155cc; font-family: &quot;arial&quot; , sans-serif; font-size: 11pt;\">ftware Girona<\/span><\/a><\/span><span style=\"font-family: &quot;arial&quot; , sans-serif; text-align: justify;\">,<\/span><\/p>\n<div style=\"line-height: normal; margin-bottom: .0001pt; margin-bottom: 0cm; text-align: justify;\"><\/div>\n<div style=\"clear: both; text-align: center;\"><a href=\"https:\/\/1.bp.blogspot.com\/-txsZ3XwYjsk\/WMEVCBUWaxI\/AAAAAAAAC4M\/Ca549f13E5QGdFLO20H2DMmFkX2pIOL9ACLcB\/s1600\/IMG-20170301-WA0014.jpg\" style=\"margin-left: 1em; margin-right: 1em;\"><img loading=\"lazy\" decoding=\"async\" border=\"0\" height=\"225\" src=\"https:\/\/1.bp.blogspot.com\/-txsZ3XwYjsk\/WMEVCBUWaxI\/AAAAAAAAC4M\/Ca549f13E5QGdFLO20H2DMmFkX2pIOL9ACLcB\/s400\/IMG-20170301-WA0014.jpg\" width=\"400\" \/><\/a><\/div>\n<div style=\"clear: both; text-align: center;\"><\/div>\n<div style=\"clear: both; text-align: right;\"><i>&#8220;Falc\u00f3 de not\u00edcies&#8221;, 9 de mar\u00e7 2017<\/i><\/div>\n<div style=\"text-align: right;\"><\/div>\n","protected":false},"excerpt":{"rendered":"<p>Aquestes darreres setmanes, ens han &nbsp;visitat la S\u00edlvia F\u00e0bregas i la Montse Gonz\u00e1lez, t\u00e8cniques d\u2019Emprenedoria en el Consell Comarcal la Selva, per explicar la seva tasca d\u2019assessorament d\u2019emprenedors als alumnes de Batxillerat i de l&#8217;itinerari d&#8217;Economia de 4t d&#8217;ESO, aix\u00ed com tamb\u00e9, les funcions del Centre de Negocis La Selva, ubicat a Santa Coloma de [&hellip;]<\/p>\n","protected":false},"author":1,"featured_media":0,"comment_status":"closed","ping_status":"closed","sticky":false,"template":"","format":"standard","meta":{"_bbp_topic_count":0,"_bbp_reply_count":0,"_bbp_total_topic_count":0,"_bbp_total_reply_count":0,"_bbp_voice_count":0,"_bbp_anonymous_reply_count":0,"_bbp_topic_count_hidden":0,"_bbp_reply_count_hidden":0,"_bbp_forum_subforum_count":0,"site-sidebar-layout":"default","site-content-layout":"","ast-site-content-layout":"","site-content-style":"default","site-sidebar-style":"default","ast-global-header-display":"","ast-banner-title-visibility":"","ast-main-header-display":"","ast-hfb-above-header-display":"","ast-hfb-below-header-display":"","ast-hfb-mobile-header-display":"","site-post-title":"","ast-breadcrumbs-content":"","ast-featured-img":"","footer-sml-layout":"","theme-transparent-header-meta":"","adv-header-id-meta":"","stick-header-meta":"","header-above-stick-meta":"","header-main-stick-meta":"","header-below-stick-meta":"","astra-migrate-meta-layouts":"default","ast-page-background-enabled":"default","ast-page-background-meta":{"desktop":{"background-color":"var(--ast-global-color-4)","background-image":"","background-repeat":"repeat","background-position":"center center","background-size":"auto","background-attachment":"scroll","background-type":"","background-media":"","overlay-type":"","overlay-color":"","overlay-opacity":"","overlay-gradient":""},"tablet":{"background-color":"","background-image":"","background-repeat":"repeat","background-position":"center center","background-size":"auto","background-attachment":"scroll","background-type":"","background-media":"","overlay-type":"","overlay-color":"","overlay-opacity":"","overlay-gradient":""},"mobile":{"background-color":"","background-image":"","background-repeat":"repeat","background-position":"center center","background-size":"auto","background-attachment":"scroll","background-type":"","background-media":"","overlay-type":"","overlay-color":"","overlay-opacity":"","overlay-gradient":""}},"ast-content-background-meta":{"desktop":{"background-color":"var(--ast-global-color-5)","background-image":"","background-repeat":"repeat","background-position":"center center","background-size":"auto","background-attachment":"scroll","background-type":"","background-media":"","overlay-type":"","overlay-color":"","overlay-opacity":"","overlay-gradient":""},"tablet":{"background-color":"var(--ast-global-color-5)","background-image":"","background-repeat":"repeat","background-position":"center center","background-size":"auto","background-attachment":"scroll","background-type":"","background-media":"","overlay-type":"","overlay-color":"","overlay-opacity":"","overlay-gradient":""},"mobile":{"background-color":"var(--ast-global-color-5)","background-image":"","background-repeat":"repeat","background-position":"center center","background-size":"auto","background-attachment":"scroll","background-type":"","background-media":"","overlay-type":"","overlay-color":"","overlay-opacity":"","overlay-gradient":""}},"footnotes":""},"categories":[1,29],"tags":[],"class_list":["post-785","post","type-post","status-publish","format-standard","hentry","category-general","category-portada"],"post_mailing_queue_ids":[],"_links":{"self":[{"href":"https:\/\/agora.xtec.cat\/iesrafaelcampalans\/wp-json\/wp\/v2\/posts\/785","targetHints":{"allow":["GET"]}}],"collection":[{"href":"https:\/\/agora.xtec.cat\/iesrafaelcampalans\/wp-json\/wp\/v2\/posts"}],"about":[{"href":"https:\/\/agora.xtec.cat\/iesrafaelcampalans\/wp-json\/wp\/v2\/types\/post"}],"author":[{"embeddable":true,"href":"https:\/\/agora.xtec.cat\/iesrafaelcampalans\/wp-json\/wp\/v2\/users\/1"}],"replies":[{"embeddable":true,"href":"https:\/\/agora.xtec.cat\/iesrafaelcampalans\/wp-json\/wp\/v2\/comments?post=785"}],"version-history":[{"count":1,"href":"https:\/\/agora.xtec.cat\/iesrafaelcampalans\/wp-json\/wp\/v2\/posts\/785\/revisions"}],"predecessor-version":[{"id":1455,"href":"https:\/\/agora.xtec.cat\/iesrafaelcampalans\/wp-json\/wp\/v2\/posts\/785\/revisions\/1455"}],"wp:attachment":[{"href":"https:\/\/agora.xtec.cat\/iesrafaelcampalans\/wp-json\/wp\/v2\/media?parent=785"}],"wp:term":[{"taxonomy":"category","embeddable":true,"href":"https:\/\/agora.xtec.cat\/iesrafaelcampalans\/wp-json\/wp\/v2\/categories?post=785"},{"taxonomy":"post_tag","embeddable":true,"href":"https:\/\/agora.xtec.cat\/iesrafaelcampalans\/wp-json\/wp\/v2\/tags?post=785"}],"curies":[{"name":"wp","href":"https:\/\/api.w.org\/{rel}","templated":true}]}}