{"id":782,"date":"2017-03-15T10:06:00","date_gmt":"2017-03-15T09:06:00","guid":{"rendered":"http:\/\/agora.xtec.cat\/iesrafaelcampalans\/general\/25-anys-de-lescola-bressol-de-la-cellera\/"},"modified":"2017-09-25T23:35:36","modified_gmt":"2017-09-25T21:35:36","slug":"25-anys-de-lescola-bressol-de-la-cellera","status":"publish","type":"post","link":"https:\/\/agora.xtec.cat\/iesrafaelcampalans\/general\/25-anys-de-lescola-bressol-de-la-cellera\/","title":{"rendered":"25 anys de l&#8217;Escola Bressol de la Cellera"},"content":{"rendered":"<div style=\"text-align: justify;\"><span style=\"font-family: &quot;arial&quot; , &quot;helvetica&quot; , sans-serif;\">La direcci\u00f3 de l&#8217;Escola Bressol Sol Solet de la Cellera de Ter molt aviat celebrar\u00e0 els 25 anys d&#8217;exist\u00e8ncia. Com que deu haver-hi molts pares que seguiu la p\u00e0gina de l&#8217;institut i que vau dur els vostres fills en aquesta l&#8217;escola bressol, des d&#8217;aquest mateix espai de comunicaci\u00f3 -tamb\u00e9 es va fer via correu electr\u00f2nic- us fem arribar la crida a col.laborar en la preparaci\u00f3 d&#8217;aquest aniversari. Llegiu la carta que us adrecen i si us hi veieu disposats, poseu-vos en contacte amb ells a trav\u00e9s de l&#8217;adre\u00e7a de correu que figura al capdavall de la carta per tal de fer aquest aniversari una efem\u00e8ride que enorgulleixi tots els participants.<\/span><\/div>\n<div style=\"text-align: justify;\"><span style=\"font-family: &quot;arial&quot; , &quot;helvetica&quot; , sans-serif;\"><br \/><\/span><\/div>\n<div style=\"clear: both; text-align: center;\"><a href=\"https:\/\/3.bp.blogspot.com\/-74T7hY1Qmgg\/WMj1kkLRb1I\/AAAAAAAAC48\/2M__0f75rkAdB-b5Aai15Ri2TwktHXaOgCLcB\/s1600\/bressol.png\" style=\"margin-left: 1em; margin-right: 1em;\"><img loading=\"lazy\" decoding=\"async\" border=\"0\" height=\"320\" src=\"https:\/\/3.bp.blogspot.com\/-74T7hY1Qmgg\/WMj1kkLRb1I\/AAAAAAAAC48\/2M__0f75rkAdB-b5Aai15Ri2TwktHXaOgCLcB\/s320\/bressol.png\" width=\"291\" \/><\/a><\/div>\n<p><a name='more'><\/a><\/p>\n<div style=\"clear: both; text-align: justify;\"><i style=\"font-family: arial, helvetica, sans-serif;\">Benvolguts i benvolgudes,<\/i><\/div>\n<p><\/p>\n<div style=\"text-align: justify;\"><\/div>\n<div style=\"text-align: justify;\"><span style=\"font-family: &quot;arial&quot; , &quot;helvetica&quot; , sans-serif;\"><i>Us volem comunicar que <b>l\u2019Escola Bressol Sol Solet<\/b> est\u00e0 d\u2019aniversari! Aquest any <b>celebrem els 25 anys<\/b> de l\u2019escola bressol! 25 anys acompanyant els infants, essent c\u00f2mplices de molts aprenentatges, nous reptes i un munt de viv\u00e8ncies compartides.<o:p><\/o:p><\/i><\/span><\/div>\n<div style=\"text-align: justify;\"><\/div>\n<div style=\"text-align: justify;\"><span style=\"font-family: &quot;arial&quot; , &quot;helvetica&quot; , sans-serif;\"><i>Molts de vosaltres heu format part de l\u2019escola bressol, en algun moment de la vostra vida, ja sigui com a pares i mares, com a infants o duent a terme les vostres pr\u00e0ctiques&#8230; <o:p><\/o:p><\/i><\/span><\/div>\n<div style=\"text-align: justify;\"><\/div>\n<div style=\"text-align: justify;\"><span style=\"font-family: &quot;arial&quot; , &quot;helvetica&quot; , sans-serif;\"><i>Es preveu fer una festa commemorativa a finals de setembre, per aquest motiu ens agradaria crear una comissi\u00f3 on&nbsp; tamb\u00e9 vosaltres pugueu col\u00b7laborar i dir-hi la vostra, fent que la festa pugui representar una part de vosaltres. <o:p><\/o:p><\/i><\/span><\/div>\n<div style=\"text-align: justify;\"><\/div>\n<div style=\"text-align: justify;\"><span style=\"font-family: &quot;arial&quot; , &quot;helvetica&quot; , sans-serif;\"><i>Les persones interessades es poden posar en contacte amb l\u2019escola a trav\u00e9s del seg\u00fcent correu electr\u00f2nic &nbsp;<a href=\"mailto:b7006976@xtec.cat\">b7006976@xtec.cat<\/a>. o b\u00e9 al tel\u00e8fon 972 422405.<o:p><\/o:p><\/i><\/span><\/div>\n<div style=\"text-align: justify;\"><\/div>\n<div style=\"text-align: justify;\"><span style=\"font-family: &quot;arial&quot; , &quot;helvetica&quot; , sans-serif;\"><i><b>El termini per inscriure\u2019s a la comissi\u00f3 \u00e9s fins el 31 de mar\u00e7<\/b>. <o:p><\/o:p><\/i><\/span><\/div>\n<div style=\"text-align: justify;\"><span style=\"font-family: &quot;arial&quot; , &quot;helvetica&quot; , sans-serif;\"><i>A principis del mes d\u2019abril ( o maig ) es far\u00e0 una primera trobada per comen\u00e7ar a organitzar la festa.<o:p><\/o:p><\/i><\/span><\/div>\n<div style=\"text-align: justify;\"><\/div>\n<div style=\"text-align: justify;\"><span style=\"font-family: &quot;arial&quot; , &quot;helvetica&quot; , sans-serif;\"><i>Des de l\u2019escola i l\u2019ajuntament ens fa especial il\u00b7lusi\u00f3 la preparaci\u00f3 de la festa i esperem que us animeu a participar- hi. &nbsp;<o:p><\/o:p><\/i><\/span><\/div>\n<div style=\"text-align: justify;\"><i style=\"font-family: Arial, Helvetica, sans-serif; text-align: center;\"><br \/><\/i><\/div>\n<div style=\"text-align: justify;\"><i style=\"font-family: Arial, Helvetica, sans-serif; text-align: center;\">Gr\u00e0cies a tots i totes per la vostra col\u00b7laboraci\u00f3!<\/i><\/div>\n<div align=\"center\" style=\"text-align: center;\"><\/div>\n<div style=\"tab-stops: 69.0pt; text-align: justify;\"><span style=\"font-family: &quot;arial&quot; , &quot;helvetica&quot; , sans-serif;\"><i>&nbsp;La direcci\u00f3 de l&#8217;<\/i><\/span><i style=\"font-family: Arial, Helvetica, sans-serif; text-align: center;\">Escola Bressol Sol Solet.<\/i><\/div>\n<div style=\"text-align: center;\"><span lang=\"ES\" style=\"font-family: &quot;helvetica&quot; , &quot;sans-serif&quot;; font-size: 16.0pt;\"><a href=\"https:\/\/3.bp.blogspot.com\/-bn_tkwEb6mg\/WMj1mMgGhEI\/AAAAAAAAC5A\/-Vyw8xibpXEById4d2cDHKY6gKAGjcAiQCLcB\/s1600\/bres.jpg\" style=\"margin-left: 1em; margin-right: 1em;\"><img decoding=\"async\" border=\"0\" src=\"https:\/\/3.bp.blogspot.com\/-bn_tkwEb6mg\/WMj1mMgGhEI\/AAAAAAAAC5A\/-Vyw8xibpXEById4d2cDHKY6gKAGjcAiQCLcB\/s1600\/bres.jpg\" \/><\/a>&nbsp;<\/span><\/div>\n<p><\/p>\n<div style=\"text-align: right;\"><i>&#8220;Falc\u00f3 de not\u00edcies&#8221;, 15 de mar\u00e7 2017<\/i><\/div>\n","protected":false},"excerpt":{"rendered":"<p>La direcci\u00f3 de l&#8217;Escola Bressol Sol Solet de la Cellera de Ter molt aviat celebrar\u00e0 els 25 anys d&#8217;exist\u00e8ncia. Com que deu haver-hi molts pares que seguiu la p\u00e0gina de l&#8217;institut i que vau dur els vostres fills en aquesta l&#8217;escola bressol, des d&#8217;aquest mateix espai de comunicaci\u00f3 -tamb\u00e9 es va fer via correu electr\u00f2nic- [&hellip;]<\/p>\n","protected":false},"author":1,"featured_media":0,"comment_status":"closed","ping_status":"closed","sticky":false,"template":"","format":"standard","meta":{"_bbp_topic_count":0,"_bbp_reply_count":0,"_bbp_total_topic_count":0,"_bbp_total_reply_count":0,"_bbp_voice_count":0,"_bbp_anonymous_reply_count":0,"_bbp_topic_count_hidden":0,"_bbp_reply_count_hidden":0,"_bbp_forum_subforum_count":0,"site-sidebar-layout":"default","site-content-layout":"","ast-site-content-layout":"","site-content-style":"default","site-sidebar-style":"default","ast-global-header-display":"","ast-banner-title-visibility":"","ast-main-header-display":"","ast-hfb-above-header-display":"","ast-hfb-below-header-display":"","ast-hfb-mobile-header-display":"","site-post-title":"","ast-breadcrumbs-content":"","ast-featured-img":"","footer-sml-layout":"","theme-transparent-header-meta":"","adv-header-id-meta":"","stick-header-meta":"","header-above-stick-meta":"","header-main-stick-meta":"","header-below-stick-meta":"","astra-migrate-meta-layouts":"default","ast-page-background-enabled":"default","ast-page-background-meta":{"desktop":{"background-color":"var(--ast-global-color-4)","background-image":"","background-repeat":"repeat","background-position":"center center","background-size":"auto","background-attachment":"scroll","background-type":"","background-media":"","overlay-type":"","overlay-color":"","overlay-opacity":"","overlay-gradient":""},"tablet":{"background-color":"","background-image":"","background-repeat":"repeat","background-position":"center center","background-size":"auto","background-attachment":"scroll","background-type":"","background-media":"","overlay-type":"","overlay-color":"","overlay-opacity":"","overlay-gradient":""},"mobile":{"background-color":"","background-image":"","background-repeat":"repeat","background-position":"center center","background-size":"auto","background-attachment":"scroll","background-type":"","background-media":"","overlay-type":"","overlay-color":"","overlay-opacity":"","overlay-gradient":""}},"ast-content-background-meta":{"desktop":{"background-color":"var(--ast-global-color-5)","background-image":"","background-repeat":"repeat","background-position":"center center","background-size":"auto","background-attachment":"scroll","background-type":"","background-media":"","overlay-type":"","overlay-color":"","overlay-opacity":"","overlay-gradient":""},"tablet":{"background-color":"var(--ast-global-color-5)","background-image":"","background-repeat":"repeat","background-position":"center center","background-size":"auto","background-attachment":"scroll","background-type":"","background-media":"","overlay-type":"","overlay-color":"","overlay-opacity":"","overlay-gradient":""},"mobile":{"background-color":"var(--ast-global-color-5)","background-image":"","background-repeat":"repeat","background-position":"center center","background-size":"auto","background-attachment":"scroll","background-type":"","background-media":"","overlay-type":"","overlay-color":"","overlay-opacity":"","overlay-gradient":""}},"footnotes":""},"categories":[1,29],"tags":[],"class_list":["post-782","post","type-post","status-publish","format-standard","hentry","category-general","category-portada"],"post_mailing_queue_ids":[],"_links":{"self":[{"href":"https:\/\/agora.xtec.cat\/iesrafaelcampalans\/wp-json\/wp\/v2\/posts\/782","targetHints":{"allow":["GET"]}}],"collection":[{"href":"https:\/\/agora.xtec.cat\/iesrafaelcampalans\/wp-json\/wp\/v2\/posts"}],"about":[{"href":"https:\/\/agora.xtec.cat\/iesrafaelcampalans\/wp-json\/wp\/v2\/types\/post"}],"author":[{"embeddable":true,"href":"https:\/\/agora.xtec.cat\/iesrafaelcampalans\/wp-json\/wp\/v2\/users\/1"}],"replies":[{"embeddable":true,"href":"https:\/\/agora.xtec.cat\/iesrafaelcampalans\/wp-json\/wp\/v2\/comments?post=782"}],"version-history":[{"count":1,"href":"https:\/\/agora.xtec.cat\/iesrafaelcampalans\/wp-json\/wp\/v2\/posts\/782\/revisions"}],"predecessor-version":[{"id":1452,"href":"https:\/\/agora.xtec.cat\/iesrafaelcampalans\/wp-json\/wp\/v2\/posts\/782\/revisions\/1452"}],"wp:attachment":[{"href":"https:\/\/agora.xtec.cat\/iesrafaelcampalans\/wp-json\/wp\/v2\/media?parent=782"}],"wp:term":[{"taxonomy":"category","embeddable":true,"href":"https:\/\/agora.xtec.cat\/iesrafaelcampalans\/wp-json\/wp\/v2\/categories?post=782"},{"taxonomy":"post_tag","embeddable":true,"href":"https:\/\/agora.xtec.cat\/iesrafaelcampalans\/wp-json\/wp\/v2\/tags?post=782"}],"curies":[{"name":"wp","href":"https:\/\/api.w.org\/{rel}","templated":true}]}}