{"id":778,"date":"2017-03-23T17:47:00","date_gmt":"2017-03-23T16:47:00","guid":{"rendered":"http:\/\/agora.xtec.cat\/iesrafaelcampalans\/general\/alumnes-dart-de-2n-de-batxillerat-visiten-el-mnac\/"},"modified":"2017-09-25T23:36:53","modified_gmt":"2017-09-25T21:36:53","slug":"alumnes-dart-de-2n-de-batxillerat-visiten-el-mnac","status":"publish","type":"post","link":"https:\/\/agora.xtec.cat\/iesrafaelcampalans\/general\/alumnes-dart-de-2n-de-batxillerat-visiten-el-mnac\/","title":{"rendered":"Alumnes d&#8217;Art de 2n de Batxillerat visiten el MNAC"},"content":{"rendered":"<div style=\"clear: both; text-align: center;\"><a href=\"https:\/\/3.bp.blogspot.com\/--DnladSa5ls\/WNPrpyKUQiI\/AAAAAAAAC6s\/lWLhfj5jB9kpWP1ni1YJn_jiU6QmIqrMwCLcB\/s1600\/mnac.jpg\" style=\"margin-left: 1em; margin-right: 1em;\"><img loading=\"lazy\" decoding=\"async\" border=\"0\" height=\"400\" src=\"https:\/\/3.bp.blogspot.com\/--DnladSa5ls\/WNPrpyKUQiI\/AAAAAAAAC6s\/lWLhfj5jB9kpWP1ni1YJn_jiU6QmIqrMwCLcB\/s400\/mnac.jpg\" width=\"300\" \/><\/a><\/div>\n<div style=\"clear: both; text-align: center;\"><\/div>\n<div style=\"clear: both; text-align: justify;\">Els alumnes de 2n de batxillerat que fan la modalitat d&#8217;hist\u00f2ria de l&#8217;art han anat al Museu Nacional d&#8217;Art Contemporani a Barcelona acompanyats del professor de la mat\u00e8ria, Pere Parramon, i del professor de Cl\u00e0ssiques, Albert Prat. Aquesta visita \u00e9s una cita obligada per tots els estudiants d&#8217;art que el nostre centre programa anualment. No cal dir que \u00e9s una oportunitat magn\u00edfica per veure en directe moltes de les obres que formen part del temari d&#8217;hist\u00f2ria de l&#8217;art.&nbsp;<\/div>\n<div style=\"clear: both; text-align: justify;\"><\/div>\n<div style=\"clear: both; text-align: justify;\">A la foto els veieu a l&#8217;exterior del museu, a la terrassa concretament, des d&#8217;on es veu una magn\u00edfica panor\u00e0mica de la ciutat de Barcelona.<\/div>\n<div style=\"clear: both; text-align: justify;\"><\/div>\n<div style=\"clear: both; text-align: right;\"><i>&#8220;Falc\u00f3 de not\u00edcies&#8221;, 23 de mar\u00e7 2017<\/i><\/div>\n","protected":false},"excerpt":{"rendered":"<p>Els alumnes de 2n de batxillerat que fan la modalitat d&#8217;hist\u00f2ria de l&#8217;art han anat al Museu Nacional d&#8217;Art Contemporani a Barcelona acompanyats del professor de la mat\u00e8ria, Pere Parramon, i del professor de Cl\u00e0ssiques, Albert Prat. Aquesta visita \u00e9s una cita obligada per tots els estudiants d&#8217;art que el nostre centre programa anualment. No [&hellip;]<\/p>\n","protected":false},"author":1,"featured_media":0,"comment_status":"closed","ping_status":"closed","sticky":false,"template":"","format":"standard","meta":{"_bbp_topic_count":0,"_bbp_reply_count":0,"_bbp_total_topic_count":0,"_bbp_total_reply_count":0,"_bbp_voice_count":0,"_bbp_anonymous_reply_count":0,"_bbp_topic_count_hidden":0,"_bbp_reply_count_hidden":0,"_bbp_forum_subforum_count":0,"site-sidebar-layout":"default","site-content-layout":"","ast-site-content-layout":"","site-content-style":"default","site-sidebar-style":"default","ast-global-header-display":"","ast-banner-title-visibility":"","ast-main-header-display":"","ast-hfb-above-header-display":"","ast-hfb-below-header-display":"","ast-hfb-mobile-header-display":"","site-post-title":"","ast-breadcrumbs-content":"","ast-featured-img":"","footer-sml-layout":"","theme-transparent-header-meta":"","adv-header-id-meta":"","stick-header-meta":"","header-above-stick-meta":"","header-main-stick-meta":"","header-below-stick-meta":"","astra-migrate-meta-layouts":"default","ast-page-background-enabled":"default","ast-page-background-meta":{"desktop":{"background-color":"var(--ast-global-color-4)","background-image":"","background-repeat":"repeat","background-position":"center center","background-size":"auto","background-attachment":"scroll","background-type":"","background-media":"","overlay-type":"","overlay-color":"","overlay-opacity":"","overlay-gradient":""},"tablet":{"background-color":"","background-image":"","background-repeat":"repeat","background-position":"center center","background-size":"auto","background-attachment":"scroll","background-type":"","background-media":"","overlay-type":"","overlay-color":"","overlay-opacity":"","overlay-gradient":""},"mobile":{"background-color":"","background-image":"","background-repeat":"repeat","background-position":"center center","background-size":"auto","background-attachment":"scroll","background-type":"","background-media":"","overlay-type":"","overlay-color":"","overlay-opacity":"","overlay-gradient":""}},"ast-content-background-meta":{"desktop":{"background-color":"var(--ast-global-color-5)","background-image":"","background-repeat":"repeat","background-position":"center center","background-size":"auto","background-attachment":"scroll","background-type":"","background-media":"","overlay-type":"","overlay-color":"","overlay-opacity":"","overlay-gradient":""},"tablet":{"background-color":"var(--ast-global-color-5)","background-image":"","background-repeat":"repeat","background-position":"center center","background-size":"auto","background-attachment":"scroll","background-type":"","background-media":"","overlay-type":"","overlay-color":"","overlay-opacity":"","overlay-gradient":""},"mobile":{"background-color":"var(--ast-global-color-5)","background-image":"","background-repeat":"repeat","background-position":"center center","background-size":"auto","background-attachment":"scroll","background-type":"","background-media":"","overlay-type":"","overlay-color":"","overlay-opacity":"","overlay-gradient":""}},"footnotes":""},"categories":[1,29],"tags":[],"class_list":["post-778","post","type-post","status-publish","format-standard","hentry","category-general","category-portada"],"post_mailing_queue_ids":[],"_links":{"self":[{"href":"https:\/\/agora.xtec.cat\/iesrafaelcampalans\/wp-json\/wp\/v2\/posts\/778","targetHints":{"allow":["GET"]}}],"collection":[{"href":"https:\/\/agora.xtec.cat\/iesrafaelcampalans\/wp-json\/wp\/v2\/posts"}],"about":[{"href":"https:\/\/agora.xtec.cat\/iesrafaelcampalans\/wp-json\/wp\/v2\/types\/post"}],"author":[{"embeddable":true,"href":"https:\/\/agora.xtec.cat\/iesrafaelcampalans\/wp-json\/wp\/v2\/users\/1"}],"replies":[{"embeddable":true,"href":"https:\/\/agora.xtec.cat\/iesrafaelcampalans\/wp-json\/wp\/v2\/comments?post=778"}],"version-history":[{"count":1,"href":"https:\/\/agora.xtec.cat\/iesrafaelcampalans\/wp-json\/wp\/v2\/posts\/778\/revisions"}],"predecessor-version":[{"id":1448,"href":"https:\/\/agora.xtec.cat\/iesrafaelcampalans\/wp-json\/wp\/v2\/posts\/778\/revisions\/1448"}],"wp:attachment":[{"href":"https:\/\/agora.xtec.cat\/iesrafaelcampalans\/wp-json\/wp\/v2\/media?parent=778"}],"wp:term":[{"taxonomy":"category","embeddable":true,"href":"https:\/\/agora.xtec.cat\/iesrafaelcampalans\/wp-json\/wp\/v2\/categories?post=778"},{"taxonomy":"post_tag","embeddable":true,"href":"https:\/\/agora.xtec.cat\/iesrafaelcampalans\/wp-json\/wp\/v2\/tags?post=778"}],"curies":[{"name":"wp","href":"https:\/\/api.w.org\/{rel}","templated":true}]}}