{"id":776,"date":"2017-03-27T11:23:00","date_gmt":"2017-03-27T09:23:00","guid":{"rendered":"http:\/\/agora.xtec.cat\/iesrafaelcampalans\/general\/participem-al-concurs-de-redaccio-coca-cola\/"},"modified":"2017-09-25T23:28:01","modified_gmt":"2017-09-25T21:28:01","slug":"participem-al-concurs-de-redaccio-coca-cola","status":"publish","type":"post","link":"https:\/\/agora.xtec.cat\/iesrafaelcampalans\/general\/participem-al-concurs-de-redaccio-coca-cola\/","title":{"rendered":"Participem al Concurs de redacci\u00f3 Coca-cola"},"content":{"rendered":"<div style=\"text-align: justify;\">Dissabte passat va tenir lloc a Girona la fase de selecci\u00f3 del 57\u00e8 concurs de redacci\u00f3 de la Coca-cola &#8220;J\u00f3venes talentos de relato corto&#8221;, en llengua castellana. En una altra data es far\u00e0 una nova edici\u00f3 de redacci\u00f3 en llengua catalana. Enguany, com cada any, tamb\u00e9 hi han participat alumnes del nostre institut. Acompanyats de la professora de llengua castellana, Llu\u00efsa Carre\u00f1o, i tamb\u00e9 de pares i mares, els alumnes representants de l&#8217;institut van esfor\u00e7ar-se per fer un bon paper i un bon relat. Tant de bo tinguin molta sort, de moment representar el centre i haver estat seleccionat ja \u00e9s tot un honor i un gaudi.<\/div>\n<div style=\"clear: both; text-align: center;\"><\/div>\n<p><\/p>\n<div style=\"clear: both; text-align: center;\"><a href=\"https:\/\/1.bp.blogspot.com\/-aK2F-98hiJs\/WNjZ4yJI7FI\/AAAAAAAAC7U\/9v3rCWRjtzY-Ixdp4dVDgIpfvJzMWUCyACLcB\/s1600\/DSCF4652.jpg\" style=\"margin-left: 1em; margin-right: 1em;\"><img loading=\"lazy\" decoding=\"async\" border=\"0\" height=\"300\" src=\"https:\/\/1.bp.blogspot.com\/-aK2F-98hiJs\/WNjZ4yJI7FI\/AAAAAAAAC7U\/9v3rCWRjtzY-Ixdp4dVDgIpfvJzMWUCyACLcB\/s400\/DSCF4652.jpg\" width=\"400\" \/><\/a><\/div>\n<div style=\"clear: both; text-align: center;\"><a href=\"https:\/\/4.bp.blogspot.com\/-RXE5w8oMHzo\/WNjZ6AKOVEI\/AAAAAAAAC7Y\/Hwyoyeo_ZZwvTPh7j71emQ4IBBpD02xVACLcB\/s1600\/DSCF4660.jpg\" style=\"margin-left: 1em; margin-right: 1em;\"><img loading=\"lazy\" decoding=\"async\" border=\"0\" height=\"300\" src=\"https:\/\/4.bp.blogspot.com\/-RXE5w8oMHzo\/WNjZ6AKOVEI\/AAAAAAAAC7Y\/Hwyoyeo_ZZwvTPh7j71emQ4IBBpD02xVACLcB\/s400\/DSCF4660.jpg\" width=\"400\" \/><\/a><\/div>\n<div style=\"text-align: right;\"><\/div>\n<div style=\"text-align: right;\"><i>&#8220;Falc\u00f3 de not\u00edcies&#8221;, 27 de mar\u00e7 2017<\/i><\/div>\n","protected":false},"excerpt":{"rendered":"<p>Dissabte passat va tenir lloc a Girona la fase de selecci\u00f3 del 57\u00e8 concurs de redacci\u00f3 de la Coca-cola &#8220;J\u00f3venes talentos de relato corto&#8221;, en llengua castellana. En una altra data es far\u00e0 una nova edici\u00f3 de redacci\u00f3 en llengua catalana. Enguany, com cada any, tamb\u00e9 hi han participat alumnes del nostre institut. Acompanyats de [&hellip;]<\/p>\n","protected":false},"author":1,"featured_media":0,"comment_status":"closed","ping_status":"closed","sticky":false,"template":"","format":"standard","meta":{"_bbp_topic_count":0,"_bbp_reply_count":0,"_bbp_total_topic_count":0,"_bbp_total_reply_count":0,"_bbp_voice_count":0,"_bbp_anonymous_reply_count":0,"_bbp_topic_count_hidden":0,"_bbp_reply_count_hidden":0,"_bbp_forum_subforum_count":0,"site-sidebar-layout":"default","site-content-layout":"","ast-site-content-layout":"","site-content-style":"default","site-sidebar-style":"default","ast-global-header-display":"","ast-banner-title-visibility":"","ast-main-header-display":"","ast-hfb-above-header-display":"","ast-hfb-below-header-display":"","ast-hfb-mobile-header-display":"","site-post-title":"","ast-breadcrumbs-content":"","ast-featured-img":"","footer-sml-layout":"","theme-transparent-header-meta":"","adv-header-id-meta":"","stick-header-meta":"","header-above-stick-meta":"","header-main-stick-meta":"","header-below-stick-meta":"","astra-migrate-meta-layouts":"default","ast-page-background-enabled":"default","ast-page-background-meta":{"desktop":{"background-color":"var(--ast-global-color-4)","background-image":"","background-repeat":"repeat","background-position":"center center","background-size":"auto","background-attachment":"scroll","background-type":"","background-media":"","overlay-type":"","overlay-color":"","overlay-opacity":"","overlay-gradient":""},"tablet":{"background-color":"","background-image":"","background-repeat":"repeat","background-position":"center center","background-size":"auto","background-attachment":"scroll","background-type":"","background-media":"","overlay-type":"","overlay-color":"","overlay-opacity":"","overlay-gradient":""},"mobile":{"background-color":"","background-image":"","background-repeat":"repeat","background-position":"center center","background-size":"auto","background-attachment":"scroll","background-type":"","background-media":"","overlay-type":"","overlay-color":"","overlay-opacity":"","overlay-gradient":""}},"ast-content-background-meta":{"desktop":{"background-color":"var(--ast-global-color-5)","background-image":"","background-repeat":"repeat","background-position":"center center","background-size":"auto","background-attachment":"scroll","background-type":"","background-media":"","overlay-type":"","overlay-color":"","overlay-opacity":"","overlay-gradient":""},"tablet":{"background-color":"var(--ast-global-color-5)","background-image":"","background-repeat":"repeat","background-position":"center center","background-size":"auto","background-attachment":"scroll","background-type":"","background-media":"","overlay-type":"","overlay-color":"","overlay-opacity":"","overlay-gradient":""},"mobile":{"background-color":"var(--ast-global-color-5)","background-image":"","background-repeat":"repeat","background-position":"center center","background-size":"auto","background-attachment":"scroll","background-type":"","background-media":"","overlay-type":"","overlay-color":"","overlay-opacity":"","overlay-gradient":""}},"footnotes":""},"categories":[1,29],"tags":[],"class_list":["post-776","post","type-post","status-publish","format-standard","hentry","category-general","category-portada"],"post_mailing_queue_ids":[],"_links":{"self":[{"href":"https:\/\/agora.xtec.cat\/iesrafaelcampalans\/wp-json\/wp\/v2\/posts\/776","targetHints":{"allow":["GET"]}}],"collection":[{"href":"https:\/\/agora.xtec.cat\/iesrafaelcampalans\/wp-json\/wp\/v2\/posts"}],"about":[{"href":"https:\/\/agora.xtec.cat\/iesrafaelcampalans\/wp-json\/wp\/v2\/types\/post"}],"author":[{"embeddable":true,"href":"https:\/\/agora.xtec.cat\/iesrafaelcampalans\/wp-json\/wp\/v2\/users\/1"}],"replies":[{"embeddable":true,"href":"https:\/\/agora.xtec.cat\/iesrafaelcampalans\/wp-json\/wp\/v2\/comments?post=776"}],"version-history":[{"count":1,"href":"https:\/\/agora.xtec.cat\/iesrafaelcampalans\/wp-json\/wp\/v2\/posts\/776\/revisions"}],"predecessor-version":[{"id":1446,"href":"https:\/\/agora.xtec.cat\/iesrafaelcampalans\/wp-json\/wp\/v2\/posts\/776\/revisions\/1446"}],"wp:attachment":[{"href":"https:\/\/agora.xtec.cat\/iesrafaelcampalans\/wp-json\/wp\/v2\/media?parent=776"}],"wp:term":[{"taxonomy":"category","embeddable":true,"href":"https:\/\/agora.xtec.cat\/iesrafaelcampalans\/wp-json\/wp\/v2\/categories?post=776"},{"taxonomy":"post_tag","embeddable":true,"href":"https:\/\/agora.xtec.cat\/iesrafaelcampalans\/wp-json\/wp\/v2\/tags?post=776"}],"curies":[{"name":"wp","href":"https:\/\/api.w.org\/{rel}","templated":true}]}}