{"id":773,"date":"2017-04-13T11:08:00","date_gmt":"2017-04-13T09:08:00","guid":{"rendered":"http:\/\/agora.xtec.cat\/iesrafaelcampalans\/general\/tallers-a-la-politecnica-de-girona\/"},"modified":"2017-09-25T23:28:00","modified_gmt":"2017-09-25T21:28:00","slug":"tallers-a-la-politecnica-de-girona","status":"publish","type":"post","link":"https:\/\/agora.xtec.cat\/iesrafaelcampalans\/general\/tallers-a-la-politecnica-de-girona\/","title":{"rendered":"Tallers a la Polit\u00e8cnica de Girona"},"content":{"rendered":"<div style=\"background-color: white; color: #222222; font-family: arial, sans-serif;\">\n<div style=\"text-align: justify;\"><span style=\"font-family: &quot;arial&quot; , &quot;helvetica&quot; , sans-serif;\">El dia 5 d&#8217;abril els alumnes de l\u2019optativa de quart d\u2019ESO de tecnologia van participar en uns tallers a la Polit\u00e8cnica de Girona.<\/span><\/div>\n<\/div>\n<div style=\"background-color: white; color: #222222; line-height: 19.2px; text-align: justify;\"><span style=\"font-family: &quot;arial&quot; , &quot;helvetica&quot; , sans-serif;\">El taller primer taller va consistir a dissenyar una paret de tancament de fa\u00e7ana (multicapa). Aquest disseny es podia analitzar mitjan\u00e7ant una aplicaci\u00f3 que els calculava el percentatge d\u2019efici\u00e8ncia energ\u00e8tica. Tamb\u00e9 van poder con\u00e8ixer millor els materials a\u00efllants, aix\u00ed com utilitzar una c\u00e0mera termogr\u00e0fica i poder comprovar l\u2019efici\u00e8ncia dels materials a\u00efllants en el control de fluxos de calor a trav\u00e9s de les parets de tancament.<\/span><\/p>\n<div style=\"text-align: center;\"><span style=\"font-family: &quot;arial&quot; , &quot;helvetica&quot; , sans-serif;\"><i style=\"text-align: right;\"><\/i><\/span><\/div>\n<div style=\"clear: both; margin: 0px; text-align: center;\"><a href=\"https:\/\/3.bp.blogspot.com\/-9XZfQIw5pn0\/WPW2jQ_5cpI\/AAAAAAAAC8g\/JtGAy74emogybQBcQlDPUEQMPW0ESYcxQCLcB\/s1600\/abril.jpg\" style=\"margin-left: 1em; margin-right: 1em;\"><img loading=\"lazy\" decoding=\"async\" border=\"0\" height=\"300\" src=\"https:\/\/3.bp.blogspot.com\/-9XZfQIw5pn0\/WPW2jQ_5cpI\/AAAAAAAAC8g\/JtGAy74emogybQBcQlDPUEQMPW0ESYcxQCLcB\/s400\/abril.jpg\" style=\"cursor: move;\" width=\"400\" \/><\/a><\/div>\n<p><a name='more'><\/a><\/p>\n<div style=\"clear: both; text-align: center;\"><\/div>\n<p><span style=\"font-family: arial, helvetica, sans-serif;\">En l\u2019altre taller es va treballar amb dos robots industrials.&nbsp; Els alumnes van poder programar el posicionament i traject\u00f2ries dels robots. Aquests robots s\u00f3n els que s\u2019utilitzen a les ind\u00fastries per a realitzar tasques de soldadura, pintura, muntatge de peces, &#8230;<\/span><\/div>\n<div style=\"background-color: white; color: #222222; line-height: 19.2px; text-align: justify;\"><span style=\"font-family: &quot;arial&quot; , &quot;helvetica&quot; , sans-serif;\">Aquests tallers faciliten la interrelaci\u00f3 entre l\u2019institut i la universitat, en aquest cas, entre unes vocacions tecnol\u00f2giques i la Polit\u00e8cnica.<\/span><\/div>\n<div style=\"background-color: white; color: #222222; line-height: 19.2px; text-align: right;\"><span style=\"font-family: &quot;arial&quot; , &quot;helvetica&quot; , sans-serif;\"><i><\/i><\/span><\/p>\n<div style=\"clear: both; text-align: center;\"><a href=\"https:\/\/3.bp.blogspot.com\/-wYEVltD2Qas\/WPW2lHpHpfI\/AAAAAAAAC8k\/R1UmhfwXnW8vIso56P0biPmIHh10xJm1wCLcB\/s1600\/abr.jpg\" style=\"margin-left: 1em; margin-right: 1em;\"><img loading=\"lazy\" decoding=\"async\" border=\"0\" height=\"300\" src=\"https:\/\/3.bp.blogspot.com\/-wYEVltD2Qas\/WPW2lHpHpfI\/AAAAAAAAC8k\/R1UmhfwXnW8vIso56P0biPmIHh10xJm1wCLcB\/s400\/abr.jpg\" width=\"400\" \/><\/a><\/div>\n<div style=\"clear: both; text-align: right;\"><i style=\"font-family: arial, helvetica, sans-serif;\"><br \/><\/i><\/div>\n<div style=\"clear: both; text-align: right;\"><i style=\"font-family: arial, helvetica, sans-serif;\">&#8220;Falc\u00f3 de not\u00edcies&#8221;, 6 d&#8217;abril 2017<\/i><\/div>\n<\/div>\n","protected":false},"excerpt":{"rendered":"<p>El dia 5 d&#8217;abril els alumnes de l\u2019optativa de quart d\u2019ESO de tecnologia van participar en uns tallers a la Polit\u00e8cnica de Girona. El taller primer taller va consistir a dissenyar una paret de tancament de fa\u00e7ana (multicapa). Aquest disseny es podia analitzar mitjan\u00e7ant una aplicaci\u00f3 que els calculava el percentatge d\u2019efici\u00e8ncia energ\u00e8tica. Tamb\u00e9 van [&hellip;]<\/p>\n","protected":false},"author":1,"featured_media":0,"comment_status":"closed","ping_status":"closed","sticky":false,"template":"","format":"standard","meta":{"_bbp_topic_count":0,"_bbp_reply_count":0,"_bbp_total_topic_count":0,"_bbp_total_reply_count":0,"_bbp_voice_count":0,"_bbp_anonymous_reply_count":0,"_bbp_topic_count_hidden":0,"_bbp_reply_count_hidden":0,"_bbp_forum_subforum_count":0,"site-sidebar-layout":"default","site-content-layout":"","ast-site-content-layout":"","site-content-style":"default","site-sidebar-style":"default","ast-global-header-display":"","ast-banner-title-visibility":"","ast-main-header-display":"","ast-hfb-above-header-display":"","ast-hfb-below-header-display":"","ast-hfb-mobile-header-display":"","site-post-title":"","ast-breadcrumbs-content":"","ast-featured-img":"","footer-sml-layout":"","theme-transparent-header-meta":"","adv-header-id-meta":"","stick-header-meta":"","header-above-stick-meta":"","header-main-stick-meta":"","header-below-stick-meta":"","astra-migrate-meta-layouts":"default","ast-page-background-enabled":"default","ast-page-background-meta":{"desktop":{"background-color":"var(--ast-global-color-4)","background-image":"","background-repeat":"repeat","background-position":"center center","background-size":"auto","background-attachment":"scroll","background-type":"","background-media":"","overlay-type":"","overlay-color":"","overlay-opacity":"","overlay-gradient":""},"tablet":{"background-color":"","background-image":"","background-repeat":"repeat","background-position":"center center","background-size":"auto","background-attachment":"scroll","background-type":"","background-media":"","overlay-type":"","overlay-color":"","overlay-opacity":"","overlay-gradient":""},"mobile":{"background-color":"","background-image":"","background-repeat":"repeat","background-position":"center center","background-size":"auto","background-attachment":"scroll","background-type":"","background-media":"","overlay-type":"","overlay-color":"","overlay-opacity":"","overlay-gradient":""}},"ast-content-background-meta":{"desktop":{"background-color":"var(--ast-global-color-5)","background-image":"","background-repeat":"repeat","background-position":"center center","background-size":"auto","background-attachment":"scroll","background-type":"","background-media":"","overlay-type":"","overlay-color":"","overlay-opacity":"","overlay-gradient":""},"tablet":{"background-color":"var(--ast-global-color-5)","background-image":"","background-repeat":"repeat","background-position":"center center","background-size":"auto","background-attachment":"scroll","background-type":"","background-media":"","overlay-type":"","overlay-color":"","overlay-opacity":"","overlay-gradient":""},"mobile":{"background-color":"var(--ast-global-color-5)","background-image":"","background-repeat":"repeat","background-position":"center center","background-size":"auto","background-attachment":"scroll","background-type":"","background-media":"","overlay-type":"","overlay-color":"","overlay-opacity":"","overlay-gradient":""}},"footnotes":""},"categories":[1,29],"tags":[],"class_list":["post-773","post","type-post","status-publish","format-standard","hentry","category-general","category-portada"],"post_mailing_queue_ids":[],"_links":{"self":[{"href":"https:\/\/agora.xtec.cat\/iesrafaelcampalans\/wp-json\/wp\/v2\/posts\/773","targetHints":{"allow":["GET"]}}],"collection":[{"href":"https:\/\/agora.xtec.cat\/iesrafaelcampalans\/wp-json\/wp\/v2\/posts"}],"about":[{"href":"https:\/\/agora.xtec.cat\/iesrafaelcampalans\/wp-json\/wp\/v2\/types\/post"}],"author":[{"embeddable":true,"href":"https:\/\/agora.xtec.cat\/iesrafaelcampalans\/wp-json\/wp\/v2\/users\/1"}],"replies":[{"embeddable":true,"href":"https:\/\/agora.xtec.cat\/iesrafaelcampalans\/wp-json\/wp\/v2\/comments?post=773"}],"version-history":[{"count":1,"href":"https:\/\/agora.xtec.cat\/iesrafaelcampalans\/wp-json\/wp\/v2\/posts\/773\/revisions"}],"predecessor-version":[{"id":1443,"href":"https:\/\/agora.xtec.cat\/iesrafaelcampalans\/wp-json\/wp\/v2\/posts\/773\/revisions\/1443"}],"wp:attachment":[{"href":"https:\/\/agora.xtec.cat\/iesrafaelcampalans\/wp-json\/wp\/v2\/media?parent=773"}],"wp:term":[{"taxonomy":"category","embeddable":true,"href":"https:\/\/agora.xtec.cat\/iesrafaelcampalans\/wp-json\/wp\/v2\/categories?post=773"},{"taxonomy":"post_tag","embeddable":true,"href":"https:\/\/agora.xtec.cat\/iesrafaelcampalans\/wp-json\/wp\/v2\/tags?post=773"}],"curies":[{"name":"wp","href":"https:\/\/api.w.org\/{rel}","templated":true}]}}