{"id":770,"date":"2017-04-26T09:10:00","date_gmt":"2017-04-26T07:10:00","guid":{"rendered":"http:\/\/agora.xtec.cat\/iesrafaelcampalans\/general\/el-llati-una-llengua-morta-nomes-als-ulls-dels-incomprensius\/"},"modified":"2017-09-25T23:28:00","modified_gmt":"2017-09-25T21:28:00","slug":"el-llati-una-llengua-morta-nomes-als-ulls-dels-incomprensius","status":"publish","type":"post","link":"https:\/\/agora.xtec.cat\/iesrafaelcampalans\/general\/el-llati-una-llengua-morta-nomes-als-ulls-dels-incomprensius\/","title":{"rendered":"El llat\u00ed, una llengua morta? Nom\u00e9s als ulls dels incomprensius!"},"content":{"rendered":"<h2 style=\"background: rgb(255, 255, 255); border: 0px; clear: both; font-family: &quot;Helvetica Neue&quot;, Arial, Helvetica, &quot;Nimbus Sans L&quot;, sans-serif; font-size: 21px; line-height: 1.3em; margin: 0px; padding: 0px; text-align: justify; vertical-align: baseline;\"><\/h2>\n<div style=\"background: rgb(255, 255, 255); border: 0px; clear: both; color: #333333; font-family: Georgia, &quot;Bitstream Charter&quot;, serif; font-size: 16px; margin: 0px; padding: 12px 0px 0px; vertical-align: baseline;\">\n<div style=\"background: transparent; border: 0px; margin-bottom: 24px; padding: 0px; text-align: justify; vertical-align: baseline;\">Aprendre llat\u00ed, llengua actualment considerada morta, pot ser vist com una p\u00e8rdua de temps i un esfor\u00e7 innecessari per part d\u2019algunes persones. Molts dels estudiants de quart d\u2019ESO que cursen aquesta assignatura creuen que les llargues traduccions i les diferents declinacions no els serviran de gaire res a la vida, at\u00e8s que pot ser dif\u00edcil trobar-hi una aplicaci\u00f3 palpable. La VII Trobada d\u2019alumnes de llat\u00ed de 4t d\u2019ESO a Roses va ser la forma excel\u00b7lent de fer-nos adonar que aquesta llengua \u00e9s encara molt viva. Personalment, va servir-me per veure que hi ha molta gent que l\u2019estudia i que compartim el deure de saber valorar-la.<\/div>\n<div style=\"background: rgb(241, 241, 241); border: 0px; clear: both; line-height: 18px; margin: 0px auto 20px; max-width: 632px !important; padding: 4px; text-align: center; vertical-align: baseline; width: 446px;\"><a name='more'><\/a><img loading=\"lazy\" decoding=\"async\" alt=\"La imagen puede contener: una persona\" height=\"312\" src=\"https:\/\/scontent-mad1-1.xx.fbcdn.net\/v\/t1.0-9\/17553408_1497607500249992_4463471421622100708_n.jpg?oh=e9a9e5ec59c0154d07be9d8e7465ab4f&amp;oe=59610E64\" style=\"background: transparent; border: 0px; margin: 5px 5px 0px; max-width: 622px; padding: 0px; vertical-align: baseline;\" width=\"436\" \/><\/p>\n<div style=\"background: transparent; border: 0px; color: #777777; font-family: &quot;Helvetica Neue&quot;, Arial, Helvetica, &quot;Nimbus Sans L&quot;, sans-serif; font-size: 12px; margin: 5px 5px 24px; padding: 0px; vertical-align: baseline;\">Foto de la trobada. Font: Facebook de l\u2019ajuntament de Roses.<\/div>\n<\/div>\n<div style=\"background: transparent; border: 0px; margin-bottom: 24px; padding: 0px; text-align: justify; vertical-align: baseline;\">M\u00e9s de 400 estudiants gironins vam trobar-nos de bon mat\u00ed a La Ciutadella de Roses per realitzar un conjunt d\u2019activitats relacionades amb la llengua i la cultura llatina. Cada grup, conformat per nois de diferents instituts, va passar per quatre tallers. Aquests grups portaven noms de divinitats gregues i llatines. El meu, que es deia Hera, va fer un taller de jocs de l\u2019\u00e8poca romana, un segon de vestits i accessoris i un darrer on vam fer un amulet, altrament conegut com la&nbsp;<em style=\"background: transparent; border: 0px; margin: 0px; padding: 0px; vertical-align: baseline;\">bulla<\/em>. Tothom, a m\u00e9s, va passar pel museu per completar un q\u00fcestionari. Un cop acabades les activitats, vam arribar-nos al teatre del municipi per veure els actors de l\u2019escola de teatre El Galliner de Girona representant&nbsp;<em style=\"background: transparent; border: 0px; margin: 0px; padding: 0px; vertical-align: baseline;\">Els suplicants<\/em>, una adaptaci\u00f3 de l\u2019obra cl\u00e0ssica d\u2019\u00c8squil en qu\u00e8 la comparaven amb la crisi actual dels refugiats. Va ser un espectacle molt emotiu i despr\u00e9s de la funci\u00f3 vam tenir l\u2019oportunitat de parlar del rerefons de l\u2019obra amb els actors.<\/div>\n<div style=\"background: transparent; border: 0px; margin-bottom: 24px; padding: 0px; vertical-align: baseline;\">Espero que moltes altres generacions puguin gaudir d\u2019aquesta trobada tan divertida i puguin aprendre llat\u00ed perqu\u00e8, tal com deia S\u00e8neca: \u00ab<em style=\"background: transparent; border: 0px; margin: 0px; padding: 0px; vertical-align: baseline;\">timendi causa est nescire<\/em>\u00bb, que vol dir que la ignor\u00e0ncia \u00e9s la causa de la por. I sempre \u00e9s millor viure sense por!<\/div>\n<div style=\"background: rgb(241, 241, 241); border: 0px; clear: both; line-height: 18px; margin: 0px auto 20px; max-width: 632px !important; padding: 4px; text-align: center; vertical-align: baseline; width: 382px;\"><img loading=\"lazy\" decoding=\"async\" alt=\"No hay texto alternativo autom\u00e1tico disponible.\" height=\"248\" src=\"https:\/\/scontent-mad1-1.xx.fbcdn.net\/v\/t1.0-9\/17629851_1497608553583220_7027704181158449207_n.jpg?oh=0c5b398a47573d566d964fe5bab30553&amp;oe=5995A461\" style=\"background: transparent; border: 0px; margin: 5px 5px 0px; max-width: 622px; padding: 0px; vertical-align: baseline;\" width=\"372\" \/><\/p>\n<div style=\"background: transparent; border: 0px; color: #777777; font-family: &quot;Helvetica Neue&quot;, Arial, Helvetica, &quot;Nimbus Sans L&quot;, sans-serif; font-size: 12px; margin: 5px 5px 24px; padding: 0px; vertical-align: baseline;\">Foto de la camiseta de la trobada. Font: Facebook de l\u2019ajuntament de Roses.<\/div>\n<div style=\"background: transparent; border: 0px; color: #777777; font-family: &quot;Helvetica Neue&quot;, Arial, Helvetica, &quot;Nimbus Sans L&quot;, sans-serif; font-size: 12px; margin: 5px 5px 24px; padding: 0px; text-align: right; vertical-align: baseline;\">Berta Coll Bosch, 4t d&#8217;ESO, 25 d&#8217;abril 2017<\/div>\n<\/div>\n<\/div>\n","protected":false},"excerpt":{"rendered":"<p>Aprendre llat\u00ed, llengua actualment considerada morta, pot ser vist com una p\u00e8rdua de temps i un esfor\u00e7 innecessari per part d\u2019algunes persones. Molts dels estudiants de quart d\u2019ESO que cursen aquesta assignatura creuen que les llargues traduccions i les diferents declinacions no els serviran de gaire res a la vida, at\u00e8s que pot ser dif\u00edcil [&hellip;]<\/p>\n","protected":false},"author":1,"featured_media":0,"comment_status":"closed","ping_status":"closed","sticky":false,"template":"","format":"standard","meta":{"_bbp_topic_count":0,"_bbp_reply_count":0,"_bbp_total_topic_count":0,"_bbp_total_reply_count":0,"_bbp_voice_count":0,"_bbp_anonymous_reply_count":0,"_bbp_topic_count_hidden":0,"_bbp_reply_count_hidden":0,"_bbp_forum_subforum_count":0,"site-sidebar-layout":"default","site-content-layout":"","ast-site-content-layout":"","site-content-style":"default","site-sidebar-style":"default","ast-global-header-display":"","ast-banner-title-visibility":"","ast-main-header-display":"","ast-hfb-above-header-display":"","ast-hfb-below-header-display":"","ast-hfb-mobile-header-display":"","site-post-title":"","ast-breadcrumbs-content":"","ast-featured-img":"","footer-sml-layout":"","theme-transparent-header-meta":"","adv-header-id-meta":"","stick-header-meta":"","header-above-stick-meta":"","header-main-stick-meta":"","header-below-stick-meta":"","astra-migrate-meta-layouts":"default","ast-page-background-enabled":"default","ast-page-background-meta":{"desktop":{"background-color":"var(--ast-global-color-4)","background-image":"","background-repeat":"repeat","background-position":"center center","background-size":"auto","background-attachment":"scroll","background-type":"","background-media":"","overlay-type":"","overlay-color":"","overlay-opacity":"","overlay-gradient":""},"tablet":{"background-color":"","background-image":"","background-repeat":"repeat","background-position":"center center","background-size":"auto","background-attachment":"scroll","background-type":"","background-media":"","overlay-type":"","overlay-color":"","overlay-opacity":"","overlay-gradient":""},"mobile":{"background-color":"","background-image":"","background-repeat":"repeat","background-position":"center center","background-size":"auto","background-attachment":"scroll","background-type":"","background-media":"","overlay-type":"","overlay-color":"","overlay-opacity":"","overlay-gradient":""}},"ast-content-background-meta":{"desktop":{"background-color":"var(--ast-global-color-5)","background-image":"","background-repeat":"repeat","background-position":"center center","background-size":"auto","background-attachment":"scroll","background-type":"","background-media":"","overlay-type":"","overlay-color":"","overlay-opacity":"","overlay-gradient":""},"tablet":{"background-color":"var(--ast-global-color-5)","background-image":"","background-repeat":"repeat","background-position":"center center","background-size":"auto","background-attachment":"scroll","background-type":"","background-media":"","overlay-type":"","overlay-color":"","overlay-opacity":"","overlay-gradient":""},"mobile":{"background-color":"var(--ast-global-color-5)","background-image":"","background-repeat":"repeat","background-position":"center center","background-size":"auto","background-attachment":"scroll","background-type":"","background-media":"","overlay-type":"","overlay-color":"","overlay-opacity":"","overlay-gradient":""}},"footnotes":""},"categories":[1,29],"tags":[],"class_list":["post-770","post","type-post","status-publish","format-standard","hentry","category-general","category-portada"],"post_mailing_queue_ids":[],"_links":{"self":[{"href":"https:\/\/agora.xtec.cat\/iesrafaelcampalans\/wp-json\/wp\/v2\/posts\/770","targetHints":{"allow":["GET"]}}],"collection":[{"href":"https:\/\/agora.xtec.cat\/iesrafaelcampalans\/wp-json\/wp\/v2\/posts"}],"about":[{"href":"https:\/\/agora.xtec.cat\/iesrafaelcampalans\/wp-json\/wp\/v2\/types\/post"}],"author":[{"embeddable":true,"href":"https:\/\/agora.xtec.cat\/iesrafaelcampalans\/wp-json\/wp\/v2\/users\/1"}],"replies":[{"embeddable":true,"href":"https:\/\/agora.xtec.cat\/iesrafaelcampalans\/wp-json\/wp\/v2\/comments?post=770"}],"version-history":[{"count":1,"href":"https:\/\/agora.xtec.cat\/iesrafaelcampalans\/wp-json\/wp\/v2\/posts\/770\/revisions"}],"predecessor-version":[{"id":1440,"href":"https:\/\/agora.xtec.cat\/iesrafaelcampalans\/wp-json\/wp\/v2\/posts\/770\/revisions\/1440"}],"wp:attachment":[{"href":"https:\/\/agora.xtec.cat\/iesrafaelcampalans\/wp-json\/wp\/v2\/media?parent=770"}],"wp:term":[{"taxonomy":"category","embeddable":true,"href":"https:\/\/agora.xtec.cat\/iesrafaelcampalans\/wp-json\/wp\/v2\/categories?post=770"},{"taxonomy":"post_tag","embeddable":true,"href":"https:\/\/agora.xtec.cat\/iesrafaelcampalans\/wp-json\/wp\/v2\/tags?post=770"}],"curies":[{"name":"wp","href":"https:\/\/api.w.org\/{rel}","templated":true}]}}