{"id":759,"date":"2017-05-19T11:42:00","date_gmt":"2017-05-19T09:42:00","guid":{"rendered":"http:\/\/agora.xtec.cat\/iesrafaelcampalans\/general\/actes-del-dia-deuropa-2017-1r-de-batxillerat\/"},"modified":"2017-09-25T23:35:59","modified_gmt":"2017-09-25T21:35:59","slug":"actes-del-dia-deuropa-2017-1r-de-batxillerat","status":"publish","type":"post","link":"https:\/\/agora.xtec.cat\/iesrafaelcampalans\/general\/actes-del-dia-deuropa-2017-1r-de-batxillerat\/","title":{"rendered":"Actes del Dia d&#8217;Europa 2017 1r de Batxillerat"},"content":{"rendered":"<div style=\"line-height: 115%; margin-bottom: 0.0001pt; text-align: justify;\"><b><span style=\"font-size: 14.0pt; line-height: 115%; mso-ascii-font-family: Calibri; mso-bidi-font-family: &quot;Times New Roman&quot;; mso-bidi-font-size: 11.0pt; mso-fareast-font-family: Calibri; mso-hansi-font-family: Calibri;\">Jornada acad\u00e8mica<\/span><\/b><span style=\"font-size: 14.0pt; line-height: 115%; mso-ascii-font-family: Calibri; mso-bidi-font-family: &quot;Times New Roman&quot;; mso-bidi-font-size: 11.0pt; mso-fareast-font-family: Calibri; mso-hansi-font-family: Calibri;\">&nbsp;en ocasi\u00f3 del<b>&nbsp;Dia d&#8217;Europa 2017&nbsp;<\/b><\/span><b><span style=\"font-size: 14.0pt; line-height: 107%; mso-ascii-font-family: Calibri; mso-bidi-font-family: &quot;Times New Roman&quot;; mso-bidi-font-size: 11.0pt; mso-fareast-font-family: Calibri; mso-hansi-font-family: Calibri;\">1r de Batxillerat<\/span><\/b><\/div>\n<div style=\"text-align: justify;\"><b><span style=\"font-size: 14.0pt; line-height: 107%; mso-ascii-font-family: Calibri; mso-bidi-font-family: &quot;Times New Roman&quot;; mso-bidi-font-size: 11.0pt; mso-fareast-font-family: Calibri; mso-hansi-font-family: Calibri;\"><br \/><\/span><\/b><\/div>\n<div style=\"clear: both; text-align: center;\"><a href=\"https:\/\/3.bp.blogspot.com\/-OCq-EKOmxzg\/WR6bLvMRp9I\/AAAAAAAADCw\/a_6RnhsIUjg5rl7LH0pCMRj5jxrtknbFwCLcB\/s1600\/imma.jpg\" style=\"margin-left: 1em; margin-right: 1em;\"><img loading=\"lazy\" decoding=\"async\" border=\"0\" height=\"400\" src=\"https:\/\/3.bp.blogspot.com\/-OCq-EKOmxzg\/WR6bLvMRp9I\/AAAAAAAADCw\/a_6RnhsIUjg5rl7LH0pCMRj5jxrtknbFwCLcB\/s400\/imma.jpg\" width=\"282\" \/><\/a><\/div>\n<div style=\"clear: both; text-align: center;\"><\/div>\n<div style=\"clear: both; text-align: justify;\"><span style=\"font-size: 12pt;\">El passat divendres 5 de maig, els alumnes de 1r de batxillerat van participar a la Jornada acad\u00e8mica en ocasi\u00f3 del Dia d\u2019Europa, que se celebra el 9 de maig, juntament amb els alumnes dels instituts Salvador Espriu de Salt, l\u2019Institut de Cass\u00e0 i l\u2019institut La Miquela de Bescan\u00f3.<\/span><\/div>\n<div style=\"text-align: justify;\"><span style=\"font-size: 12.0pt; line-height: 107%;\">Aquest curs la Jornada, organitzada des de l\u2019\u00e0rea de Filosofia, portava per t\u00edtol \u201cUnits en la diversitat. Cultures a Europa\u201d i ha estat precedida per un treball previ en cada centre i en un campus virtual que podeu visitar (<\/span><a href=\"http:\/\/filo.segirones.cat\/dde17\/%20\"><span style=\"font-size: 12.0pt; line-height: 107%;\">Dia d&#8217;Europa 2017<\/span><\/a><span style=\"font-size: 12.0pt; line-height: 107%;\">).<o:p><\/o:p><\/span><\/div>\n<div style=\"clear: both; text-align: justify;\"><\/div>\n<div style=\"text-align: center;\"><span style=\"font-size: 12.0pt; line-height: 107%;\"><a href=\"https:\/\/4.bp.blogspot.com\/-H4FtjcqWrCY\/WR6bjiqtg6I\/AAAAAAAADC0\/lbqED3e3XYQZTO2u2LQPy_uTbUwL9VtmACLcB\/s1600\/imma4.png\" style=\"font-size: medium; margin-left: 1em; margin-right: 1em;\"><img loading=\"lazy\" decoding=\"async\" border=\"0\" height=\"400\" src=\"https:\/\/4.bp.blogspot.com\/-H4FtjcqWrCY\/WR6bjiqtg6I\/AAAAAAAADC0\/lbqED3e3XYQZTO2u2LQPy_uTbUwL9VtmACLcB\/s400\/imma4.png\" width=\"265\" \/><\/a><\/span><\/div>\n<div style=\"text-align: justify;\"><span style=\"font-size: 12.0pt; line-height: 107%;\"><br \/><\/span><\/div>\n<div style=\"text-align: justify;\"><span style=\"font-size: 12.0pt; line-height: 107%;\">La Jornada, amb m\u00e9s de 170 participants, es va desenvolupar a la Factoria cultural Coma Cros, a Salt. La presentaci\u00f3 inicial ha estat a c\u00e0rrec de la senyora. <b>Dolors Reig<\/b>, Presidenta de l\u2019Associaci\u00f3 \u201cAmics de la UNESCO\u201d, a Girona, que ha exposat la feina que ells realitzen en l\u2019esperit d\u2019aquesta ag\u00e8ncia de Nacions Unides i tamb\u00e9 la import\u00e0ncia del respecte per a la conviv\u00e8ncia intercultural.<\/span><br \/><a name='more'><\/a><\/div>\n<div style=\"text-align: justify;\"><span style=\"font-size: 12pt; line-height: 107%;\">A continuaci\u00f3,&nbsp;<\/span><span style=\"font-size: 12pt; line-height: 107%;\">els alumnes van visionar un documental sobre les experi\u00e8ncies Erasmus de deu joves<\/span><span style=\"font-size: 12pt; line-height: 107%;\">.&nbsp;\u201cL\u2019auberge europ\u00e9enne\u201d (que s\u2019estren\u00e0 subtitulat en catal\u00e0) recull les viv\u00e8ncies d\u2019aquests universitaris francesos a deu ciutats diferents d\u2019Europa, i va permetre plantejar un f\u00f2rum de debat amb 12 equips d\u2019alumnes de diferents centres, al voltant de tres eixos: a) \u201cMarxo\u201d, i diuen que altres pensen i senten diferent; b) \u201cS\u00f3c\u201d: porto la meva cultura i tradicions; i c) \u201cReptes\u201d: \u00e9s possible viure \u201cunits en la diversitat\u201d? Aix\u00ed es van analitzar q\u00fcestions ben rellevants: cal sotmetre&#8217;s a costums culturals que no s\u00f3n propis?, \u00e9s possible no ser de cap cultura?, ens agrada i enriqueix la conviv\u00e8ncia amb persones de costums i tradicions ben diferents als propis. Els portaveus ho van expressar clarament en la sessi\u00f3 conjunta.<\/span><\/div>\n<div style=\"text-align: justify;\"><span style=\"font-size: 12.0pt; line-height: 107%;\"><br \/><\/span><\/div>\n<div style=\"text-align: center;\"><span style=\"font-size: 12.0pt; line-height: 107%;\"><a href=\"https:\/\/1.bp.blogspot.com\/-F_88QsMxu9g\/WR6cCZZ7PPI\/AAAAAAAADC4\/4-NOp2PY6wsajSzv7Iz_2kcE2ZHJT2RFgCEw\/s1600\/filo.jpg\" style=\"font-size: medium; margin-left: 1em; margin-right: 1em;\"><img loading=\"lazy\" decoding=\"async\" border=\"0\" height=\"223\" src=\"https:\/\/1.bp.blogspot.com\/-F_88QsMxu9g\/WR6cCZZ7PPI\/AAAAAAAADC4\/4-NOp2PY6wsajSzv7Iz_2kcE2ZHJT2RFgCEw\/s400\/filo.jpg\" width=\"400\" \/><\/a><\/span><\/div>\n<div style=\"text-align: justify;\"><\/div>\n<div style=\"text-align: justify;\"><span style=\"font-size: 12pt;\">Despr\u00e9s de la pausa,&nbsp;es va&nbsp; presentar la pon\u00e8ncia central, a c\u00e0rrec del professor <\/span><b style=\"font-size: 12pt;\">Joan Manuel del Pozo<\/b><span style=\"font-size: 12pt;\">, de la Universitat e Girona: \u201cUna Europa per a qu\u00e8? Una Europa per a qui?\u201d. Es va centrar en les aportacions que la Uni\u00f3 fa en termes de pau, democr\u00e0cia, benestar, protecci\u00f3 social, etc., destacant la import\u00e0ncia que t\u00e9 per als joves, per a les persones m\u00e9s febles i pel fet de proposar un model d\u2019\u00e8tica human\u00edstica.<\/span><\/div>\n<div style=\"text-align: justify;\"><span style=\"font-size: 12pt;\"><br \/><\/span><\/div>\n<div style=\"text-align: center;\"><a href=\"https:\/\/4.bp.blogspot.com\/-gs5NuLXa5d0\/WR6cFRU34XI\/AAAAAAAADDE\/6gWDgzvN4u4f00C_oRt-qhlIg_TAeTIOgCLcB\/s1600\/filo4.jpg\" style=\"margin-left: 1em; margin-right: 1em;\"><img loading=\"lazy\" decoding=\"async\" border=\"0\" height=\"223\" src=\"https:\/\/4.bp.blogspot.com\/-gs5NuLXa5d0\/WR6cFRU34XI\/AAAAAAAADDE\/6gWDgzvN4u4f00C_oRt-qhlIg_TAeTIOgCLcB\/s400\/filo4.jpg\" width=\"400\" \/><\/a><\/div>\n<div style=\"text-align: justify;\"><span style=\"font-size: 12.0pt; line-height: 107%;\"><br \/><\/span><\/div>\n<div style=\"text-align: justify;\"><span style=\"font-size: 12.0pt; line-height: 107%;\">Despr\u00e9s, 14 alumnes d<\/span><span style=\"font-size: 12pt; line-height: 107%;\">e diferents Instituts van presentar&nbsp;<\/span><span style=\"font-size: 12.0pt; line-height: 107%;\">exposicions en llengua anglesa i francesa sobre tem\u00e0tiques vinculades amb la diversitat cultural<\/span><span style=\"font-size: 12pt; line-height: 107%;\">: les nacions i les minories, les lleng\u00fces, la identitat europea o les migracions internes. Aquesta \u00faltima \u00e9s la que van presentar la <b>Laia Droch<\/b>, en <b>Joel Cooke<\/b>, en <b>Pau Boix<\/b> i la <b>Sira Ausell\u00e9 <\/b>de l&#8217;institut Rafael Campalans. I finalment, abans de les actuacions musicals a c\u00e0rrec d\u2019alumnes, es van lliurar els premis a les millors comunicacions. D\u2019entre&nbsp;<\/span><span style=\"font-size: 12.0pt; line-height: 107%;\">els 12 finalistes guardonats<\/span><span style=\"font-size: 12pt; line-height: 107%;\">&nbsp;Hi havia <b>l\u2019Estel Artigas, l\u2019Oriol Mudarra i la Laura Vila<\/b> del nostre institut. L\u2019Estel va llegir la seva comunicaci\u00f3 p\u00fablicament.<\/span><\/p>\n<div style=\"clear: both; text-align: center;\"><\/div>\n<div style=\"clear: both; text-align: center;\"><a href=\"https:\/\/1.bp.blogspot.com\/-e5th8Ry7HP4\/WR6_0cdNi5I\/AAAAAAAADDg\/eopuMMFICHIYJhRlyAgFJQK6ovRTIbePwCLcB\/s1600\/oriol.jpg\" style=\"margin-left: 1em; margin-right: 1em;\"><img loading=\"lazy\" decoding=\"async\" border=\"0\" height=\"400\" src=\"https:\/\/1.bp.blogspot.com\/-e5th8Ry7HP4\/WR6_0cdNi5I\/AAAAAAAADDg\/eopuMMFICHIYJhRlyAgFJQK6ovRTIbePwCLcB\/s400\/oriol.jpg\" width=\"265\" \/><\/a><\/div>\n<div style=\"text-align: center;\"><span style=\"font-size: 12pt; line-height: 107%;\"><br \/><\/span><\/div>\n<\/div>\n<div style=\"text-align: justify;\"><span style=\"font-size: 12pt; line-height: 107%;\">Els resultats de la Jornada, aix\u00ed com els v\u00eddeos i les comunicacions premiades es poden consultar al web oficial, a l\u2019adre\u00e7a&nbsp;<\/span><span style=\"font-size: 12pt; line-height: 107%;\"><a href=\"http:\/\/filo.segirones.cat\/dde17\" target=\"_blank\">http:\/\/filo.segirones.cat\/dde17<\/a><\/span><\/div>\n<div style=\"text-align: justify;\"><\/div>\n<div><span style=\"font-size: 12.0pt; line-height: 107%;\">Es pot accedir a un ampli \u00e0lbum obert de fotografies a:&nbsp;<\/span><a href=\"https:\/\/goo.gl\/photos\/YCpboknAvhV6JSX29\" target=\"_blank\"><span style=\"font-size: 12.0pt; line-height: 107%;\">https:\/\/goo.gl\/photos\/YCpboknAvhV6JSX29<\/span><\/a><span><span style=\"font-size: 12.0pt; line-height: 107%;\"> <o:p><\/o:p><\/span><\/span><\/div>\n<p><\/p>\n<div><span><span style=\"color: windowtext; font-size: 12pt; line-height: 107%;\">Aqu\u00ed en teniu una petita mostra.<\/span><\/span><span style=\"font-size: 12.0pt; line-height: 107%;\"><o:p><\/o:p><\/span><\/div>\n<div><span><span style=\"color: windowtext; font-size: 12pt; line-height: 107%;\"><br \/><\/span><\/span><\/div>\n<div style=\"text-align: right;\"><span><span style=\"color: windowtext; font-size: 12pt; line-height: 107%;\"><i>&#8220;Falc\u00f3 de not\u00edcies&#8221;,&nbsp;19 maig 2017<\/i><\/span><\/span><\/div>\n","protected":false},"excerpt":{"rendered":"<p>Jornada acad\u00e8mica&nbsp;en ocasi\u00f3 del&nbsp;Dia d&#8217;Europa 2017&nbsp;1r de Batxillerat El passat divendres 5 de maig, els alumnes de 1r de batxillerat van participar a la Jornada acad\u00e8mica en ocasi\u00f3 del Dia d\u2019Europa, que se celebra el 9 de maig, juntament amb els alumnes dels instituts Salvador Espriu de Salt, l\u2019Institut de Cass\u00e0 i l\u2019institut La Miquela [&hellip;]<\/p>\n","protected":false},"author":1,"featured_media":0,"comment_status":"closed","ping_status":"closed","sticky":false,"template":"","format":"standard","meta":{"_bbp_topic_count":0,"_bbp_reply_count":0,"_bbp_total_topic_count":0,"_bbp_total_reply_count":0,"_bbp_voice_count":0,"_bbp_anonymous_reply_count":0,"_bbp_topic_count_hidden":0,"_bbp_reply_count_hidden":0,"_bbp_forum_subforum_count":0,"site-sidebar-layout":"default","site-content-layout":"","ast-site-content-layout":"","site-content-style":"default","site-sidebar-style":"default","ast-global-header-display":"","ast-banner-title-visibility":"","ast-main-header-display":"","ast-hfb-above-header-display":"","ast-hfb-below-header-display":"","ast-hfb-mobile-header-display":"","site-post-title":"","ast-breadcrumbs-content":"","ast-featured-img":"","footer-sml-layout":"","theme-transparent-header-meta":"","adv-header-id-meta":"","stick-header-meta":"","header-above-stick-meta":"","header-main-stick-meta":"","header-below-stick-meta":"","astra-migrate-meta-layouts":"default","ast-page-background-enabled":"default","ast-page-background-meta":{"desktop":{"background-color":"var(--ast-global-color-4)","background-image":"","background-repeat":"repeat","background-position":"center center","background-size":"auto","background-attachment":"scroll","background-type":"","background-media":"","overlay-type":"","overlay-color":"","overlay-opacity":"","overlay-gradient":""},"tablet":{"background-color":"","background-image":"","background-repeat":"repeat","background-position":"center center","background-size":"auto","background-attachment":"scroll","background-type":"","background-media":"","overlay-type":"","overlay-color":"","overlay-opacity":"","overlay-gradient":""},"mobile":{"background-color":"","background-image":"","background-repeat":"repeat","background-position":"center center","background-size":"auto","background-attachment":"scroll","background-type":"","background-media":"","overlay-type":"","overlay-color":"","overlay-opacity":"","overlay-gradient":""}},"ast-content-background-meta":{"desktop":{"background-color":"var(--ast-global-color-5)","background-image":"","background-repeat":"repeat","background-position":"center center","background-size":"auto","background-attachment":"scroll","background-type":"","background-media":"","overlay-type":"","overlay-color":"","overlay-opacity":"","overlay-gradient":""},"tablet":{"background-color":"var(--ast-global-color-5)","background-image":"","background-repeat":"repeat","background-position":"center center","background-size":"auto","background-attachment":"scroll","background-type":"","background-media":"","overlay-type":"","overlay-color":"","overlay-opacity":"","overlay-gradient":""},"mobile":{"background-color":"var(--ast-global-color-5)","background-image":"","background-repeat":"repeat","background-position":"center center","background-size":"auto","background-attachment":"scroll","background-type":"","background-media":"","overlay-type":"","overlay-color":"","overlay-opacity":"","overlay-gradient":""}},"footnotes":""},"categories":[1,29],"tags":[],"class_list":["post-759","post","type-post","status-publish","format-standard","hentry","category-general","category-portada"],"post_mailing_queue_ids":[],"_links":{"self":[{"href":"https:\/\/agora.xtec.cat\/iesrafaelcampalans\/wp-json\/wp\/v2\/posts\/759","targetHints":{"allow":["GET"]}}],"collection":[{"href":"https:\/\/agora.xtec.cat\/iesrafaelcampalans\/wp-json\/wp\/v2\/posts"}],"about":[{"href":"https:\/\/agora.xtec.cat\/iesrafaelcampalans\/wp-json\/wp\/v2\/types\/post"}],"author":[{"embeddable":true,"href":"https:\/\/agora.xtec.cat\/iesrafaelcampalans\/wp-json\/wp\/v2\/users\/1"}],"replies":[{"embeddable":true,"href":"https:\/\/agora.xtec.cat\/iesrafaelcampalans\/wp-json\/wp\/v2\/comments?post=759"}],"version-history":[{"count":1,"href":"https:\/\/agora.xtec.cat\/iesrafaelcampalans\/wp-json\/wp\/v2\/posts\/759\/revisions"}],"predecessor-version":[{"id":1429,"href":"https:\/\/agora.xtec.cat\/iesrafaelcampalans\/wp-json\/wp\/v2\/posts\/759\/revisions\/1429"}],"wp:attachment":[{"href":"https:\/\/agora.xtec.cat\/iesrafaelcampalans\/wp-json\/wp\/v2\/media?parent=759"}],"wp:term":[{"taxonomy":"category","embeddable":true,"href":"https:\/\/agora.xtec.cat\/iesrafaelcampalans\/wp-json\/wp\/v2\/categories?post=759"},{"taxonomy":"post_tag","embeddable":true,"href":"https:\/\/agora.xtec.cat\/iesrafaelcampalans\/wp-json\/wp\/v2\/tags?post=759"}],"curies":[{"name":"wp","href":"https:\/\/api.w.org\/{rel}","templated":true}]}}