{"id":747,"date":"2017-06-08T11:53:00","date_gmt":"2017-06-08T09:53:00","guid":{"rendered":"http:\/\/agora.xtec.cat\/iesrafaelcampalans\/general\/pere-parramon-presenta-el-seu-primer-llibre\/"},"modified":"2017-09-25T23:27:32","modified_gmt":"2017-09-25T21:27:32","slug":"pere-parramon-presenta-el-seu-primer-llibre","status":"publish","type":"post","link":"https:\/\/agora.xtec.cat\/iesrafaelcampalans\/general\/pere-parramon-presenta-el-seu-primer-llibre\/","title":{"rendered":"Pere Parramon presenta el seu primer llibre"},"content":{"rendered":"<div style=\"background-color: white; color: #222222; font-family: arial, sans-serif; font-size: 12.8px;\">\n<div style=\"background-color: white; clear: both; color: #222222; font-family: arial, sans-serif; font-size: 12.8px; text-align: center;\"><a href=\"https:\/\/4.bp.blogspot.com\/-pyubqPZ6qqg\/WTkdHx87DnI\/AAAAAAAADHk\/JeEWQNw8fq0KxVXwTtKomcKEoXGieU8FgCLcB\/s1600\/saltador.jpg\" style=\"margin-left: 1em; margin-right: 1em;\"><img loading=\"lazy\" decoding=\"async\" border=\"0\" data-original-height=\"475\" data-original-width=\"1000\" height=\"190\" src=\"https:\/\/4.bp.blogspot.com\/-pyubqPZ6qqg\/WTkdHx87DnI\/AAAAAAAADHk\/JeEWQNw8fq0KxVXwTtKomcKEoXGieU8FgCLcB\/s400\/saltador.jpg\" width=\"400\" \/><\/a><\/div>\n<div style=\"background-color: white; clear: both; color: #222222; font-family: arial, sans-serif; font-size: 12.8px; text-align: center;\"><\/div>\n<div style=\"background-color: white; clear: both; color: #222222; font-family: arial, sans-serif; font-size: 12.8px; text-align: justify;\"><span style=\"font-size: 12.8px; text-align: start;\">Avui dijous, 8 de juny, a la biblioteca Joaquim Bauxell d&#8217;Angl\u00e8s es far\u00e0 la presentaci\u00f3 del llibre <b><i>El noi saltador i la reina dels guardians rossos,<\/i><\/b> l&#8217;autor del qual \u00e9s en Pere Parramon, cap d&#8217;estudis del nostre institut. Aquesta presentaci\u00f3 del seu llibre se suma a les que l&#8217;autor ha anat fent des de Sant Jordi. D&#8217;altra banda, la presentaci\u00f3 del llibre la far\u00e0 una persona que tamb\u00e9 ha estat vinculada a l&#8217;institut durant tots els seus estudis de secund\u00e0ria, l&#8217;Eva Jou, que actualment estudia periodisme a Barcelona, que far\u00e0 un entrevista a Pere Parramon per a tots els assistents.<\/span><\/div>\n<div style=\"background-color: white; clear: both; color: #222222; font-family: arial, sans-serif; font-size: 12.8px; text-align: center;\"><i><a href=\"https:\/\/1.bp.blogspot.com\/-5sR3oRreWIA\/WTkghE-9lTI\/AAAAAAAADHw\/EoNL69hTFkw5QKjBxBuYoCa3oEabRMxqQCLcB\/s1600\/pere.jpg\" style=\"margin-left: 1em; margin-right: 1em;\"><img loading=\"lazy\" decoding=\"async\" border=\"0\" data-original-height=\"512\" data-original-width=\"512\" height=\"320\" src=\"https:\/\/1.bp.blogspot.com\/-5sR3oRreWIA\/WTkghE-9lTI\/AAAAAAAADHw\/EoNL69hTFkw5QKjBxBuYoCa3oEabRMxqQCLcB\/s320\/pere.jpg\" width=\"320\" \/><\/a><\/i><\/div>\n<div style=\"background-color: white; clear: both; color: #222222; font-family: arial, sans-serif; font-size: 12.8px; text-align: center;\"><i><br \/><\/i><\/div>\n<div style=\"text-align: right;\"><span style=\"text-align: start;\"><i>&#8220;Falc\u00f3 de not\u00edcies&#8221;, 8 de juny 2017<\/i><\/span><\/div>\n<p><i><\/i><\/p>\n<div style=\"background-color: white; clear: both; color: #222222; font-family: arial, sans-serif; font-size: 12.8px; text-align: justify;\"><i><i style=\"font-size: 12.8px; text-align: right;\"><br \/><\/i><\/i><\/div>\n<p><i><\/i><\/div>\n","protected":false},"excerpt":{"rendered":"<p>Avui dijous, 8 de juny, a la biblioteca Joaquim Bauxell d&#8217;Angl\u00e8s es far\u00e0 la presentaci\u00f3 del llibre El noi saltador i la reina dels guardians rossos, l&#8217;autor del qual \u00e9s en Pere Parramon, cap d&#8217;estudis del nostre institut. Aquesta presentaci\u00f3 del seu llibre se suma a les que l&#8217;autor ha anat fent des de Sant [&hellip;]<\/p>\n","protected":false},"author":1,"featured_media":0,"comment_status":"closed","ping_status":"closed","sticky":false,"template":"","format":"standard","meta":{"_bbp_topic_count":0,"_bbp_reply_count":0,"_bbp_total_topic_count":0,"_bbp_total_reply_count":0,"_bbp_voice_count":0,"_bbp_anonymous_reply_count":0,"_bbp_topic_count_hidden":0,"_bbp_reply_count_hidden":0,"_bbp_forum_subforum_count":0,"site-sidebar-layout":"default","site-content-layout":"","ast-site-content-layout":"","site-content-style":"default","site-sidebar-style":"default","ast-global-header-display":"","ast-banner-title-visibility":"","ast-main-header-display":"","ast-hfb-above-header-display":"","ast-hfb-below-header-display":"","ast-hfb-mobile-header-display":"","site-post-title":"","ast-breadcrumbs-content":"","ast-featured-img":"","footer-sml-layout":"","theme-transparent-header-meta":"","adv-header-id-meta":"","stick-header-meta":"","header-above-stick-meta":"","header-main-stick-meta":"","header-below-stick-meta":"","astra-migrate-meta-layouts":"default","ast-page-background-enabled":"default","ast-page-background-meta":{"desktop":{"background-color":"var(--ast-global-color-4)","background-image":"","background-repeat":"repeat","background-position":"center center","background-size":"auto","background-attachment":"scroll","background-type":"","background-media":"","overlay-type":"","overlay-color":"","overlay-opacity":"","overlay-gradient":""},"tablet":{"background-color":"","background-image":"","background-repeat":"repeat","background-position":"center center","background-size":"auto","background-attachment":"scroll","background-type":"","background-media":"","overlay-type":"","overlay-color":"","overlay-opacity":"","overlay-gradient":""},"mobile":{"background-color":"","background-image":"","background-repeat":"repeat","background-position":"center center","background-size":"auto","background-attachment":"scroll","background-type":"","background-media":"","overlay-type":"","overlay-color":"","overlay-opacity":"","overlay-gradient":""}},"ast-content-background-meta":{"desktop":{"background-color":"var(--ast-global-color-5)","background-image":"","background-repeat":"repeat","background-position":"center center","background-size":"auto","background-attachment":"scroll","background-type":"","background-media":"","overlay-type":"","overlay-color":"","overlay-opacity":"","overlay-gradient":""},"tablet":{"background-color":"var(--ast-global-color-5)","background-image":"","background-repeat":"repeat","background-position":"center center","background-size":"auto","background-attachment":"scroll","background-type":"","background-media":"","overlay-type":"","overlay-color":"","overlay-opacity":"","overlay-gradient":""},"mobile":{"background-color":"var(--ast-global-color-5)","background-image":"","background-repeat":"repeat","background-position":"center center","background-size":"auto","background-attachment":"scroll","background-type":"","background-media":"","overlay-type":"","overlay-color":"","overlay-opacity":"","overlay-gradient":""}},"footnotes":""},"categories":[1,29],"tags":[],"class_list":["post-747","post","type-post","status-publish","format-standard","hentry","category-general","category-portada"],"post_mailing_queue_ids":[],"_links":{"self":[{"href":"https:\/\/agora.xtec.cat\/iesrafaelcampalans\/wp-json\/wp\/v2\/posts\/747","targetHints":{"allow":["GET"]}}],"collection":[{"href":"https:\/\/agora.xtec.cat\/iesrafaelcampalans\/wp-json\/wp\/v2\/posts"}],"about":[{"href":"https:\/\/agora.xtec.cat\/iesrafaelcampalans\/wp-json\/wp\/v2\/types\/post"}],"author":[{"embeddable":true,"href":"https:\/\/agora.xtec.cat\/iesrafaelcampalans\/wp-json\/wp\/v2\/users\/1"}],"replies":[{"embeddable":true,"href":"https:\/\/agora.xtec.cat\/iesrafaelcampalans\/wp-json\/wp\/v2\/comments?post=747"}],"version-history":[{"count":1,"href":"https:\/\/agora.xtec.cat\/iesrafaelcampalans\/wp-json\/wp\/v2\/posts\/747\/revisions"}],"predecessor-version":[{"id":1417,"href":"https:\/\/agora.xtec.cat\/iesrafaelcampalans\/wp-json\/wp\/v2\/posts\/747\/revisions\/1417"}],"wp:attachment":[{"href":"https:\/\/agora.xtec.cat\/iesrafaelcampalans\/wp-json\/wp\/v2\/media?parent=747"}],"wp:term":[{"taxonomy":"category","embeddable":true,"href":"https:\/\/agora.xtec.cat\/iesrafaelcampalans\/wp-json\/wp\/v2\/categories?post=747"},{"taxonomy":"post_tag","embeddable":true,"href":"https:\/\/agora.xtec.cat\/iesrafaelcampalans\/wp-json\/wp\/v2\/tags?post=747"}],"curies":[{"name":"wp","href":"https:\/\/api.w.org\/{rel}","templated":true}]}}