{"id":646,"date":"2017-09-21T09:30:34","date_gmt":"2017-09-21T07:30:34","guid":{"rendered":"http:\/\/agora.xtec.cat\/iesrafaelcampalans\/?p=646"},"modified":"2017-09-25T23:35:35","modified_gmt":"2017-09-25T21:35:35","slug":"donam-un-poble-per-a-les-lleis","status":"publish","type":"post","link":"https:\/\/agora.xtec.cat\/iesrafaelcampalans\/general\/donam-un-poble-per-a-les-lleis\/","title":{"rendered":"&#8220;D\u00f3na&#8217;m un poble per a les lleis&#8221;"},"content":{"rendered":"<p style=\"text-align: justify;\">Benvolguts membres de la comunitat educativa de l\u2019Institut Rafael Campalans,<\/p>\n<p style=\"text-align: justify;\">Davant dels fets esdevinguts en les \u00faltimes hores, aix\u00ed com de les nombroses respostes ciutadanes i institucionals, em sembla pertinent recordar el seg\u00fcent fragment del pre\u00e0mbul de la Llei 12\/2009, del 10 de juliol, d\u2019educaci\u00f3:<\/p>\n<blockquote>\n<p style=\"text-align: justify;\">\u00abLes aspiracions educatives de la societat catalana han anat evolucionant en el temps. Les expectatives per al futur immediat no s\u00f3n les mateixes que les plantejades quan es va reiniciar el cam\u00ed de la democr\u00e0cia i de l&#8217;autogovern. Si fa trenta anys calia superar grans d\u00e8ficits i bastir i renovar una oferta educativa normalitzada, avui, amb aquell objectiu aconseguit, s&#8217;apunta a fites noves i exigents&#8230;\u00bb<\/p>\n<\/blockquote>\n<p style=\"text-align: justify;\">Aquestes \u00abfites noves i exigents\u00bb, com continua el pre\u00e0mbul, tenen a veure amb la qualitat educativa i les desigualtats socials, per descomptat, per\u00f2 tamb\u00e9 amb la capacitat de continuar treballant entre totes i tots, amb responsabilitat, rigor i seriositat, per un dels objectius primordials de la tasca educativa \u2013la de casa, la dels centres d\u2019aprenentatge, la del carrer&#8230;\u2013: contribuir al desenvolupament de l\u2019esperit cr\u00edtic dels nois i noies en el marc de la defensa dels valors democr\u00e0tics i la conviv\u00e8ncia pac\u00edfica. Una contribuci\u00f3 que tamb\u00e9 batega en unes paraules de Rafael Campalans llunyanes en el temps i alhora abassegadorament actuals:<\/p>\n<blockquote>\n<p style=\"text-align: justify;\">\u00abFa anys que ho deia adre\u00e7ant-me a la nostra joventut: De poc serveixen en l\u2019hora decisiva de l\u2019actuaci\u00f3 els l\u00edrics entusiasmes, les efusions cordials, les f\u00f3rmules grandiloq\u00fcents i les belles vaguetats ut\u00f2piques. L\u2019hora d\u2019ara \u00e9s d\u2019una gravetat immensa. No oblid\u00e9ssim pas que hi ha encara una cosa m\u00e9s gran que guanyar la llibertat: i \u00e9s l\u2019\u00e9sser digne de conservar-la. Per aix\u00f2 \u00e9s tan plena de sentit la profunda exclamaci\u00f3 del savi: \u201cOh, legislador, no em donis lleis per al poble. D\u00f3na\u2019m un poble per a les lleis\u201d\u00bb [\u201cEls perills del desencant\u201d, 23 de febrer de 1932].<\/p>\n<\/blockquote>\n<p style=\"text-align: justify;\">A l\u2019Institut Rafael Campalans, doncs, continuem treballant amb serenor i professionalitat per tots aquells fonaments que fan de les lleis l\u2019espai de creixement per al poble, i no el seu jou, i rebutgem amb la for\u00e7a del di\u00e0leg i dels arguments qualsevol intent de destruir aquesta premissa.<\/p>\n<p style=\"text-align: justify;\">Salutacions cordials,<\/p>\n<p style=\"text-align: right;\">Pere Parramon,<br \/>\ndirector.<\/p>\n","protected":false},"excerpt":{"rendered":"<p>Benvolguts membres de la comunitat educativa de l\u2019Institut Rafael Campalans, Davant dels fets esdevinguts en les \u00faltimes hores, aix\u00ed com de les nombroses respostes ciutadanes i institucionals, em sembla pertinent recordar el seg\u00fcent fragment del pre\u00e0mbul de la Llei 12\/2009, del 10 de juliol, d\u2019educaci\u00f3: \u00abLes aspiracions educatives de la societat catalana han anat evolucionant [&hellip;]<\/p>\n","protected":false},"author":6,"featured_media":0,"comment_status":"closed","ping_status":"closed","sticky":false,"template":"","format":"standard","meta":{"_bbp_topic_count":0,"_bbp_reply_count":0,"_bbp_total_topic_count":0,"_bbp_total_reply_count":0,"_bbp_voice_count":0,"_bbp_anonymous_reply_count":0,"_bbp_topic_count_hidden":0,"_bbp_reply_count_hidden":0,"_bbp_forum_subforum_count":0,"site-sidebar-layout":"default","site-content-layout":"","ast-site-content-layout":"","site-content-style":"default","site-sidebar-style":"default","ast-global-header-display":"","ast-banner-title-visibility":"","ast-main-header-display":"","ast-hfb-above-header-display":"","ast-hfb-below-header-display":"","ast-hfb-mobile-header-display":"","site-post-title":"","ast-breadcrumbs-content":"","ast-featured-img":"","footer-sml-layout":"","theme-transparent-header-meta":"","adv-header-id-meta":"","stick-header-meta":"","header-above-stick-meta":"","header-main-stick-meta":"","header-below-stick-meta":"","astra-migrate-meta-layouts":"default","ast-page-background-enabled":"default","ast-page-background-meta":{"desktop":{"background-color":"var(--ast-global-color-4)","background-image":"","background-repeat":"repeat","background-position":"center center","background-size":"auto","background-attachment":"scroll","background-type":"","background-media":"","overlay-type":"","overlay-color":"","overlay-opacity":"","overlay-gradient":""},"tablet":{"background-color":"","background-image":"","background-repeat":"repeat","background-position":"center center","background-size":"auto","background-attachment":"scroll","background-type":"","background-media":"","overlay-type":"","overlay-color":"","overlay-opacity":"","overlay-gradient":""},"mobile":{"background-color":"","background-image":"","background-repeat":"repeat","background-position":"center center","background-size":"auto","background-attachment":"scroll","background-type":"","background-media":"","overlay-type":"","overlay-color":"","overlay-opacity":"","overlay-gradient":""}},"ast-content-background-meta":{"desktop":{"background-color":"var(--ast-global-color-5)","background-image":"","background-repeat":"repeat","background-position":"center center","background-size":"auto","background-attachment":"scroll","background-type":"","background-media":"","overlay-type":"","overlay-color":"","overlay-opacity":"","overlay-gradient":""},"tablet":{"background-color":"var(--ast-global-color-5)","background-image":"","background-repeat":"repeat","background-position":"center center","background-size":"auto","background-attachment":"scroll","background-type":"","background-media":"","overlay-type":"","overlay-color":"","overlay-opacity":"","overlay-gradient":""},"mobile":{"background-color":"var(--ast-global-color-5)","background-image":"","background-repeat":"repeat","background-position":"center center","background-size":"auto","background-attachment":"scroll","background-type":"","background-media":"","overlay-type":"","overlay-color":"","overlay-opacity":"","overlay-gradient":""}},"footnotes":""},"categories":[1,29],"tags":[],"class_list":["post-646","post","type-post","status-publish","format-standard","hentry","category-general","category-portada"],"post_mailing_queue_ids":[],"_links":{"self":[{"href":"https:\/\/agora.xtec.cat\/iesrafaelcampalans\/wp-json\/wp\/v2\/posts\/646","targetHints":{"allow":["GET"]}}],"collection":[{"href":"https:\/\/agora.xtec.cat\/iesrafaelcampalans\/wp-json\/wp\/v2\/posts"}],"about":[{"href":"https:\/\/agora.xtec.cat\/iesrafaelcampalans\/wp-json\/wp\/v2\/types\/post"}],"author":[{"embeddable":true,"href":"https:\/\/agora.xtec.cat\/iesrafaelcampalans\/wp-json\/wp\/v2\/users\/6"}],"replies":[{"embeddable":true,"href":"https:\/\/agora.xtec.cat\/iesrafaelcampalans\/wp-json\/wp\/v2\/comments?post=646"}],"version-history":[{"count":1,"href":"https:\/\/agora.xtec.cat\/iesrafaelcampalans\/wp-json\/wp\/v2\/posts\/646\/revisions"}],"predecessor-version":[{"id":647,"href":"https:\/\/agora.xtec.cat\/iesrafaelcampalans\/wp-json\/wp\/v2\/posts\/646\/revisions\/647"}],"wp:attachment":[{"href":"https:\/\/agora.xtec.cat\/iesrafaelcampalans\/wp-json\/wp\/v2\/media?parent=646"}],"wp:term":[{"taxonomy":"category","embeddable":true,"href":"https:\/\/agora.xtec.cat\/iesrafaelcampalans\/wp-json\/wp\/v2\/categories?post=646"},{"taxonomy":"post_tag","embeddable":true,"href":"https:\/\/agora.xtec.cat\/iesrafaelcampalans\/wp-json\/wp\/v2\/tags?post=646"}],"curies":[{"name":"wp","href":"https:\/\/api.w.org\/{rel}","templated":true}]}}