{"id":3101,"date":"2019-02-11T09:16:57","date_gmt":"2019-02-11T08:16:57","guid":{"rendered":"http:\/\/agora.xtec.cat\/iesrafaelcampalans\/?p=3101"},"modified":"2019-02-11T09:16:57","modified_gmt":"2019-02-11T08:16:57","slug":"dimarts-12-de-febrer-de-2019-vaga-destudiants","status":"publish","type":"post","link":"https:\/\/agora.xtec.cat\/iesrafaelcampalans\/general\/dimarts-12-de-febrer-de-2019-vaga-destudiants\/","title":{"rendered":"Dimarts, 12 de febrer de 2019: vaga d&#8217;estudiants"},"content":{"rendered":"<p style=\"text-align: justify;\"><span lang=\"CA\">Us informem que, en resposta a la petici\u00f3 d\u2019adhesi\u00f3 de l\u2019alumnat de 3r i 4t d\u2019ESO, i 1r i 2n de Batxillerat, SMX i DAM\/DAW a la vaga del dimarts, 12 de febrer de 2019, convocada pel Sindicat d\u2019estudiants, la decisi\u00f3 de la direcci\u00f3 i l\u2019equip directiu \u00e9s autoritzar-la.<\/span><span lang=\"CA\">\u00a0<\/span><\/p>\n<p style=\"text-align: justify;\"><span lang=\"CA\">El dret a vaga l\u2019alumnat mai no pot ser vulnerat pel centre, de manera que tant si \u00e9s autoritzada per l\u2019Institut com si no, si la fam\u00edlia hi est\u00e0 d\u2019acord, l\u2019alumne\/a pot fer-la; la difer\u00e8ncia entre estar autoritzada o no \u00e9s que, en el primer cas, el professorat es compromet a no avan\u00e7ar mat\u00e8ria. <\/span><span lang=\"CA\">\u00a0<\/span><\/p>\n<p style=\"text-align: justify;\"><span lang=\"CA\">At\u00e8s que s\u2019ha seguit el procediment normatiu, informant l\u2019alumnat, donant la possibilitat d\u2019adherir-s\u2019hi o no, i comunicant a la direcci\u00f3 del centre la seva decisi\u00f3, aquesta mateixa direcci\u00f3 ho comunica a les fam\u00edlies i sol\u00b7licita que, en cas que hi estigueu d\u2019acord, autoritzeu els vostres fills a no assistir a l\u2019Institut l\u2019esmentat 12 de febrer mitjan\u00e7ant l\u2019impr\u00e8s que els hi hem facilitat. D\u2019altra banda, els alumnes de 1r i 2n d\u2019ESO no poden participar en les convocat\u00f2ries de vaga. Per tant, han d\u2019assistir al centre amb normalitat.<\/span><\/p>\n","protected":false},"excerpt":{"rendered":"<p>Us informem que, en resposta a la petici\u00f3 d\u2019adhesi\u00f3 de l\u2019alumnat de 3r i 4t d\u2019ESO, i 1r i 2n de Batxillerat, SMX i DAM\/DAW a la vaga del dimarts, 12 de febrer de 2019, convocada pel Sindicat d\u2019estudiants, la decisi\u00f3 de la direcci\u00f3 i l\u2019equip directiu \u00e9s autoritzar-la.\u00a0 El dret a vaga l\u2019alumnat mai [&hellip;]<\/p>\n","protected":false},"author":6,"featured_media":0,"comment_status":"closed","ping_status":"closed","sticky":false,"template":"","format":"standard","meta":{"_bbp_topic_count":0,"_bbp_reply_count":0,"_bbp_total_topic_count":0,"_bbp_total_reply_count":0,"_bbp_voice_count":0,"_bbp_anonymous_reply_count":0,"_bbp_topic_count_hidden":0,"_bbp_reply_count_hidden":0,"_bbp_forum_subforum_count":0,"site-sidebar-layout":"default","site-content-layout":"","ast-site-content-layout":"","site-content-style":"default","site-sidebar-style":"default","ast-global-header-display":"","ast-banner-title-visibility":"","ast-main-header-display":"","ast-hfb-above-header-display":"","ast-hfb-below-header-display":"","ast-hfb-mobile-header-display":"","site-post-title":"","ast-breadcrumbs-content":"","ast-featured-img":"","footer-sml-layout":"","theme-transparent-header-meta":"","adv-header-id-meta":"","stick-header-meta":"","header-above-stick-meta":"","header-main-stick-meta":"","header-below-stick-meta":"","astra-migrate-meta-layouts":"default","ast-page-background-enabled":"default","ast-page-background-meta":{"desktop":{"background-color":"var(--ast-global-color-4)","background-image":"","background-repeat":"repeat","background-position":"center center","background-size":"auto","background-attachment":"scroll","background-type":"","background-media":"","overlay-type":"","overlay-color":"","overlay-opacity":"","overlay-gradient":""},"tablet":{"background-color":"","background-image":"","background-repeat":"repeat","background-position":"center center","background-size":"auto","background-attachment":"scroll","background-type":"","background-media":"","overlay-type":"","overlay-color":"","overlay-opacity":"","overlay-gradient":""},"mobile":{"background-color":"","background-image":"","background-repeat":"repeat","background-position":"center center","background-size":"auto","background-attachment":"scroll","background-type":"","background-media":"","overlay-type":"","overlay-color":"","overlay-opacity":"","overlay-gradient":""}},"ast-content-background-meta":{"desktop":{"background-color":"var(--ast-global-color-5)","background-image":"","background-repeat":"repeat","background-position":"center center","background-size":"auto","background-attachment":"scroll","background-type":"","background-media":"","overlay-type":"","overlay-color":"","overlay-opacity":"","overlay-gradient":""},"tablet":{"background-color":"var(--ast-global-color-5)","background-image":"","background-repeat":"repeat","background-position":"center center","background-size":"auto","background-attachment":"scroll","background-type":"","background-media":"","overlay-type":"","overlay-color":"","overlay-opacity":"","overlay-gradient":""},"mobile":{"background-color":"var(--ast-global-color-5)","background-image":"","background-repeat":"repeat","background-position":"center center","background-size":"auto","background-attachment":"scroll","background-type":"","background-media":"","overlay-type":"","overlay-color":"","overlay-opacity":"","overlay-gradient":""}},"footnotes":""},"categories":[1,29],"tags":[],"class_list":["post-3101","post","type-post","status-publish","format-standard","hentry","category-general","category-portada"],"post_mailing_queue_ids":[],"_links":{"self":[{"href":"https:\/\/agora.xtec.cat\/iesrafaelcampalans\/wp-json\/wp\/v2\/posts\/3101","targetHints":{"allow":["GET"]}}],"collection":[{"href":"https:\/\/agora.xtec.cat\/iesrafaelcampalans\/wp-json\/wp\/v2\/posts"}],"about":[{"href":"https:\/\/agora.xtec.cat\/iesrafaelcampalans\/wp-json\/wp\/v2\/types\/post"}],"author":[{"embeddable":true,"href":"https:\/\/agora.xtec.cat\/iesrafaelcampalans\/wp-json\/wp\/v2\/users\/6"}],"replies":[{"embeddable":true,"href":"https:\/\/agora.xtec.cat\/iesrafaelcampalans\/wp-json\/wp\/v2\/comments?post=3101"}],"version-history":[{"count":1,"href":"https:\/\/agora.xtec.cat\/iesrafaelcampalans\/wp-json\/wp\/v2\/posts\/3101\/revisions"}],"predecessor-version":[{"id":3102,"href":"https:\/\/agora.xtec.cat\/iesrafaelcampalans\/wp-json\/wp\/v2\/posts\/3101\/revisions\/3102"}],"wp:attachment":[{"href":"https:\/\/agora.xtec.cat\/iesrafaelcampalans\/wp-json\/wp\/v2\/media?parent=3101"}],"wp:term":[{"taxonomy":"category","embeddable":true,"href":"https:\/\/agora.xtec.cat\/iesrafaelcampalans\/wp-json\/wp\/v2\/categories?post=3101"},{"taxonomy":"post_tag","embeddable":true,"href":"https:\/\/agora.xtec.cat\/iesrafaelcampalans\/wp-json\/wp\/v2\/tags?post=3101"}],"curies":[{"name":"wp","href":"https:\/\/api.w.org\/{rel}","templated":true}]}}