{"id":3004,"date":"2018-12-17T10:02:28","date_gmt":"2018-12-17T09:02:28","guid":{"rendered":"http:\/\/agora.xtec.cat\/iesrafaelcampalans\/?p=3004"},"modified":"2018-12-17T10:04:49","modified_gmt":"2018-12-17T09:04:49","slug":"presentacions-i-defensa-del-tdr-de-batxillerat","status":"publish","type":"post","link":"https:\/\/agora.xtec.cat\/iesrafaelcampalans\/general\/presentacions-i-defensa-del-tdr-de-batxillerat\/","title":{"rendered":"Presentacions i defensa del TdR de Batxillerat"},"content":{"rendered":"<p style=\"text-align: justify;\"><span style=\"color: #000000;\">Tenim el goig <span class=\"m_3037174886064337669m_-7889069200509745986m_4150525385662434483m_-640028972869437509m_-2355251606132672241m_762221403875731082m_-4323803993127261587m_6285675950009002709m_-3728829371451652995m_5966203810397290919m_5158760211565478675m_-2167279706797636620m_-2328921449984571799m_-1383463388249600319gmail-il\">de<\/span> convidar-vos a la presentaci\u00f3 i <span class=\"il\">defensa<\/span> dels <span class=\"m_3037174886064337669m_-7889069200509745986m_4150525385662434483m_-640028972869437509m_-2355251606132672241m_762221403875731082m_-4323803993127261587m_6285675950009002709m_-3728829371451652995m_5966203810397290919m_5158760211565478675m_-2167279706797636620m_-2328921449984571799m_-1383463388249600319gmail-il\">Treballs<\/span> <span class=\"m_3037174886064337669m_-7889069200509745986m_4150525385662434483m_-640028972869437509m_-2355251606132672241m_762221403875731082m_-4323803993127261587m_6285675950009002709m_-3728829371451652995m_5966203810397290919m_5158760211565478675m_-2167279706797636620m_-2328921449984571799m_-1383463388249600319gmail-il\">de<\/span> <span class=\"m_3037174886064337669m_-7889069200509745986m_4150525385662434483m_-640028972869437509m_-2355251606132672241m_762221403875731082m_-4323803993127261587m_6285675950009002709m_-3728829371451652995m_5966203810397290919m_5158760211565478675m_-2167279706797636620m_-2328921449984571799m_-1383463388249600319gmail-il\">Recerca<\/span> <span class=\"m_3037174886064337669m_-7889069200509745986m_4150525385662434483m_-640028972869437509m_-2355251606132672241m_762221403875731082m_-4323803993127261587m_6285675950009002709m_-3728829371451652995m_5966203810397290919m_5158760211565478675m_-2167279706797636620m_-2328921449984571799m_-1383463388249600319gmail-il\">de<\/span> 2n <span class=\"m_3037174886064337669m_-7889069200509745986m_4150525385662434483m_-640028972869437509m_-2355251606132672241m_762221403875731082m_-4323803993127261587m_6285675950009002709m_-3728829371451652995m_5966203810397290919m_5158760211565478675m_-2167279706797636620m_-2328921449984571799m_-1383463388249600319gmail-il\">de<\/span> Batxillerat, que tindr\u00e0 lloc el dimarts i el dimecres, 18 i 19 <span class=\"m_3037174886064337669m_-7889069200509745986m_4150525385662434483m_-640028972869437509m_-2355251606132672241m_762221403875731082m_-4323803993127261587m_6285675950009002709m_-3728829371451652995m_5966203810397290919m_5158760211565478675m_-2167279706797636620m_-2328921449984571799m_-1383463388249600319gmail-il\">de<\/span> desembre <span class=\"m_3037174886064337669m_-7889069200509745986m_4150525385662434483m_-640028972869437509m_-2355251606132672241m_762221403875731082m_-4323803993127261587m_6285675950009002709m_-3728829371451652995m_5966203810397290919m_5158760211565478675m_-2167279706797636620m_-2328921449984571799m_-1383463388249600319gmail-il\">de<\/span> 2018, a partir <span class=\"m_3037174886064337669m_-7889069200509745986m_4150525385662434483m_-640028972869437509m_-2355251606132672241m_762221403875731082m_-4323803993127261587m_6285675950009002709m_-3728829371451652995m_5966203810397290919m_5158760211565478675m_-2167279706797636620m_-2328921449984571799m_-1383463388249600319gmail-il\">de<\/span> les 16 h <span class=\"m_3037174886064337669m_-7889069200509745986m_4150525385662434483m_-640028972869437509m_-2355251606132672241m_762221403875731082m_-4323803993127261587m_6285675950009002709m_-3728829371451652995m_5966203810397290919m_5158760211565478675m_-2167279706797636620m_-2328921449984571799m_-1383463388249600319gmail-il\">de<\/span> la tarda, a l\u2019aula Auditori i a la Biblioteca <span class=\"m_3037174886064337669m_-7889069200509745986m_4150525385662434483m_-640028972869437509m_-2355251606132672241m_762221403875731082m_-4323803993127261587m_6285675950009002709m_-3728829371451652995m_5966203810397290919m_5158760211565478675m_-2167279706797636620m_-2328921449984571799m_-1383463388249600319gmail-il\">de<\/span> l\u2019Institut. Esperem que pugueu acompanyar l\u2019alumnat en l\u2019acte acad\u00e8mic p\u00fablic m\u00e9s important dels estudis <span class=\"m_3037174886064337669m_-7889069200509745986m_4150525385662434483m_-640028972869437509m_-2355251606132672241m_762221403875731082m_-4323803993127261587m_6285675950009002709m_-3728829371451652995m_5966203810397290919m_5158760211565478675m_-2167279706797636620m_-2328921449984571799m_-1383463388249600319gmail-il\">de<\/span> Secund\u00e0ria <span class=\"m_3037174886064337669m_-7889069200509745986m_4150525385662434483m_-640028972869437509m_-2355251606132672241m_762221403875731082m_-4323803993127261587m_6285675950009002709m_-3728829371451652995m_5966203810397290919m_5158760211565478675m_-2167279706797636620m_-2328921449984571799m_-1383463388249600319gmail-il\">de<\/span> l\u2019Institut Rafael Campalans. En el <a href=\"https:\/\/agora.xtec.cat\/iesrafaelcampalans\/wp-content\/uploads\/usu1643\/2018\/12\/2018-2019-Exposici\u00f3-i-defensa-dels-Treballs-de-Recerca.pdf\" target=\"_blank\" rel=\"noopener\">document adjunt<\/a> trobareu novament l\u2019ordre <span class=\"m_3037174886064337669m_-7889069200509745986m_4150525385662434483m_-640028972869437509m_-2355251606132672241m_762221403875731082m_-4323803993127261587m_6285675950009002709m_-3728829371451652995m_5966203810397290919m_5158760211565478675m_-2167279706797636620m_-2328921449984571799m_-1383463388249600319gmail-il\">de<\/span> les presentacions, per tal que pugueu planificar la vostra assist\u00e8ncia. Us hi esperem!<br \/>\n<\/span><\/p>\n<p><a href=\"https:\/\/agora.xtec.cat\/iesrafaelcampalans\/wp-content\/uploads\/usu1643\/2018\/12\/2018-2019-Exposicio-i-defensa-dels-Treballs-de-Recerca-001.jpg\"><img loading=\"lazy\" decoding=\"async\" class=\"size-large wp-image-3007 aligncenter\" src=\"https:\/\/agora.xtec.cat\/iesrafaelcampalans\/wp-content\/uploads\/usu1643\/2018\/12\/2018-2019-Exposicio-i-defensa-dels-Treballs-de-Recerca-001-724x1024.jpg\" alt=\"\" width=\"724\" height=\"1024\" srcset=\"https:\/\/agora.xtec.cat\/iesrafaelcampalans\/wp-content\/uploads\/usu1643\/2018\/12\/2018-2019-Exposicio-i-defensa-dels-Treballs-de-Recerca-001-724x1024.jpg 724w, https:\/\/agora.xtec.cat\/iesrafaelcampalans\/wp-content\/uploads\/usu1643\/2018\/12\/2018-2019-Exposicio-i-defensa-dels-Treballs-de-Recerca-001-212x300.jpg 212w, https:\/\/agora.xtec.cat\/iesrafaelcampalans\/wp-content\/uploads\/usu1643\/2018\/12\/2018-2019-Exposicio-i-defensa-dels-Treballs-de-Recerca-001-768x1086.jpg 768w, https:\/\/agora.xtec.cat\/iesrafaelcampalans\/wp-content\/uploads\/usu1643\/2018\/12\/2018-2019-Exposicio-i-defensa-dels-Treballs-de-Recerca-001.jpg 1684w\" sizes=\"auto, (max-width: 724px) 100vw, 724px\" \/><\/a><a href=\"https:\/\/agora.xtec.cat\/iesrafaelcampalans\/wp-content\/uploads\/usu1643\/2018\/12\/2018-2019-Exposicio-i-defensa-dels-Treballs-de-Recerca-002.jpg\"><img loading=\"lazy\" decoding=\"async\" class=\"size-large wp-image-3008 aligncenter\" src=\"https:\/\/agora.xtec.cat\/iesrafaelcampalans\/wp-content\/uploads\/usu1643\/2018\/12\/2018-2019-Exposicio-i-defensa-dels-Treballs-de-Recerca-002-724x1024.jpg\" alt=\"\" width=\"724\" height=\"1024\" srcset=\"https:\/\/agora.xtec.cat\/iesrafaelcampalans\/wp-content\/uploads\/usu1643\/2018\/12\/2018-2019-Exposicio-i-defensa-dels-Treballs-de-Recerca-002-724x1024.jpg 724w, https:\/\/agora.xtec.cat\/iesrafaelcampalans\/wp-content\/uploads\/usu1643\/2018\/12\/2018-2019-Exposicio-i-defensa-dels-Treballs-de-Recerca-002-212x300.jpg 212w, https:\/\/agora.xtec.cat\/iesrafaelcampalans\/wp-content\/uploads\/usu1643\/2018\/12\/2018-2019-Exposicio-i-defensa-dels-Treballs-de-Recerca-002-768x1086.jpg 768w, https:\/\/agora.xtec.cat\/iesrafaelcampalans\/wp-content\/uploads\/usu1643\/2018\/12\/2018-2019-Exposicio-i-defensa-dels-Treballs-de-Recerca-002.jpg 1684w\" sizes=\"auto, (max-width: 724px) 100vw, 724px\" \/><\/a><\/p>\n","protected":false},"excerpt":{"rendered":"<p>Tenim el goig de convidar-vos a la presentaci\u00f3 i defensa dels Treballs de Recerca de 2n de Batxillerat, que tindr\u00e0 lloc el dimarts i el dimecres, 18 i 19 de desembre de 2018, a partir de les 16 h de la tarda, a l\u2019aula Auditori i a la Biblioteca de l\u2019Institut. Esperem que pugueu acompanyar [&hellip;]<\/p>\n","protected":false},"author":6,"featured_media":3007,"comment_status":"closed","ping_status":"closed","sticky":false,"template":"","format":"standard","meta":{"_bbp_topic_count":0,"_bbp_reply_count":0,"_bbp_total_topic_count":0,"_bbp_total_reply_count":0,"_bbp_voice_count":0,"_bbp_anonymous_reply_count":0,"_bbp_topic_count_hidden":0,"_bbp_reply_count_hidden":0,"_bbp_forum_subforum_count":0,"site-sidebar-layout":"default","site-content-layout":"","ast-site-content-layout":"","site-content-style":"default","site-sidebar-style":"default","ast-global-header-display":"","ast-banner-title-visibility":"","ast-main-header-display":"","ast-hfb-above-header-display":"","ast-hfb-below-header-display":"","ast-hfb-mobile-header-display":"","site-post-title":"","ast-breadcrumbs-content":"","ast-featured-img":"","footer-sml-layout":"","theme-transparent-header-meta":"","adv-header-id-meta":"","stick-header-meta":"","header-above-stick-meta":"","header-main-stick-meta":"","header-below-stick-meta":"","astra-migrate-meta-layouts":"default","ast-page-background-enabled":"default","ast-page-background-meta":{"desktop":{"background-color":"var(--ast-global-color-4)","background-image":"","background-repeat":"repeat","background-position":"center center","background-size":"auto","background-attachment":"scroll","background-type":"","background-media":"","overlay-type":"","overlay-color":"","overlay-opacity":"","overlay-gradient":""},"tablet":{"background-color":"","background-image":"","background-repeat":"repeat","background-position":"center center","background-size":"auto","background-attachment":"scroll","background-type":"","background-media":"","overlay-type":"","overlay-color":"","overlay-opacity":"","overlay-gradient":""},"mobile":{"background-color":"","background-image":"","background-repeat":"repeat","background-position":"center center","background-size":"auto","background-attachment":"scroll","background-type":"","background-media":"","overlay-type":"","overlay-color":"","overlay-opacity":"","overlay-gradient":""}},"ast-content-background-meta":{"desktop":{"background-color":"var(--ast-global-color-5)","background-image":"","background-repeat":"repeat","background-position":"center center","background-size":"auto","background-attachment":"scroll","background-type":"","background-media":"","overlay-type":"","overlay-color":"","overlay-opacity":"","overlay-gradient":""},"tablet":{"background-color":"var(--ast-global-color-5)","background-image":"","background-repeat":"repeat","background-position":"center center","background-size":"auto","background-attachment":"scroll","background-type":"","background-media":"","overlay-type":"","overlay-color":"","overlay-opacity":"","overlay-gradient":""},"mobile":{"background-color":"var(--ast-global-color-5)","background-image":"","background-repeat":"repeat","background-position":"center center","background-size":"auto","background-attachment":"scroll","background-type":"","background-media":"","overlay-type":"","overlay-color":"","overlay-opacity":"","overlay-gradient":""}},"footnotes":""},"categories":[8,1,29],"tags":[],"class_list":["post-3004","post","type-post","status-publish","format-standard","has-post-thumbnail","hentry","category-batxillerat","category-general","category-portada"],"post_mailing_queue_ids":[],"_links":{"self":[{"href":"https:\/\/agora.xtec.cat\/iesrafaelcampalans\/wp-json\/wp\/v2\/posts\/3004","targetHints":{"allow":["GET"]}}],"collection":[{"href":"https:\/\/agora.xtec.cat\/iesrafaelcampalans\/wp-json\/wp\/v2\/posts"}],"about":[{"href":"https:\/\/agora.xtec.cat\/iesrafaelcampalans\/wp-json\/wp\/v2\/types\/post"}],"author":[{"embeddable":true,"href":"https:\/\/agora.xtec.cat\/iesrafaelcampalans\/wp-json\/wp\/v2\/users\/6"}],"replies":[{"embeddable":true,"href":"https:\/\/agora.xtec.cat\/iesrafaelcampalans\/wp-json\/wp\/v2\/comments?post=3004"}],"version-history":[{"count":3,"href":"https:\/\/agora.xtec.cat\/iesrafaelcampalans\/wp-json\/wp\/v2\/posts\/3004\/revisions"}],"predecessor-version":[{"id":3011,"href":"https:\/\/agora.xtec.cat\/iesrafaelcampalans\/wp-json\/wp\/v2\/posts\/3004\/revisions\/3011"}],"wp:featuredmedia":[{"embeddable":true,"href":"https:\/\/agora.xtec.cat\/iesrafaelcampalans\/wp-json\/wp\/v2\/media\/3007"}],"wp:attachment":[{"href":"https:\/\/agora.xtec.cat\/iesrafaelcampalans\/wp-json\/wp\/v2\/media?parent=3004"}],"wp:term":[{"taxonomy":"category","embeddable":true,"href":"https:\/\/agora.xtec.cat\/iesrafaelcampalans\/wp-json\/wp\/v2\/categories?post=3004"},{"taxonomy":"post_tag","embeddable":true,"href":"https:\/\/agora.xtec.cat\/iesrafaelcampalans\/wp-json\/wp\/v2\/tags?post=3004"}],"curies":[{"name":"wp","href":"https:\/\/api.w.org\/{rel}","templated":true}]}}