{"id":2884,"date":"2018-11-05T10:23:57","date_gmt":"2018-11-05T09:23:57","guid":{"rendered":"http:\/\/agora.xtec.cat\/iesrafaelcampalans\/?p=2884"},"modified":"2018-11-06T12:42:42","modified_gmt":"2018-11-06T11:42:42","slug":"gaudir-i-aprendre-amb-terapies-canines","status":"publish","type":"post","link":"https:\/\/agora.xtec.cat\/iesrafaelcampalans\/general\/gaudir-i-aprendre-amb-terapies-canines\/","title":{"rendered":"Gaudir i aprendre amb ter\u00e0pies canines"},"content":{"rendered":"<p><a href=\"https:\/\/agora.xtec.cat\/iesrafaelcampalans\/wp-content\/uploads\/usu1643\/2018\/11\/gossos.jpg\"><img loading=\"lazy\" decoding=\"async\" class=\"wp-image-2885 aligncenter\" src=\"https:\/\/agora.xtec.cat\/iesrafaelcampalans\/wp-content\/uploads\/usu1643\/2018\/11\/gossos.jpg\" alt=\"\" width=\"488\" height=\"325\" srcset=\"https:\/\/agora.xtec.cat\/iesrafaelcampalans\/wp-content\/uploads\/usu1643\/2018\/11\/gossos.jpg 821w, https:\/\/agora.xtec.cat\/iesrafaelcampalans\/wp-content\/uploads\/usu1643\/2018\/11\/gossos-300x200.jpg 300w, https:\/\/agora.xtec.cat\/iesrafaelcampalans\/wp-content\/uploads\/usu1643\/2018\/11\/gossos-768x512.jpg 768w\" sizes=\"auto, (max-width: 488px) 100vw, 488px\" \/><\/a><\/p>\n<p style=\"text-align: justify;\">El passat dijous va tenir lloc, al pati del nostre Institut, el taller de Ter\u00e0pies Canines proposat per l\u2019AMPA.<\/p>\n<p style=\"text-align: justify;\">Tots els que vam assistir-hi, alumnes, pares i professors, vam valorar molt positivament l\u2019experi\u00e8ncia i coincidim en la conveni\u00e8ncia de repetir-la.<\/p>\n<p style=\"text-align: justify;\">El taller del dijous estava centrat en les aparences. Vam aprendre a no emetre judicis a partir d\u2019una primera impressi\u00f3. Dels membres de la manada, sabries dir quin d\u2019ells \u00e9s el m\u00e9s agressiu? I el m\u00e9s subm\u00eds? Tots els que hi vam participar ens vam sorprendre amb les respostes.<\/p>\n<p style=\"text-align: justify;\">Ter\u00e0pies Canines ens va explicar que aquest \u00e9s nom\u00e9s un exemple del munt de tallers que realitzen. Hi ha tallers per treballar el bulling, la conducta, el treball en equip\u2026<\/p>\n<p style=\"text-align: justify;\">Us agradaria gaudir de l\u2019experi\u00e8ncia? Ho repetim?<\/p>\n","protected":false},"excerpt":{"rendered":"<p>El passat dijous va tenir lloc, al pati del nostre Institut, el taller de Ter\u00e0pies Canines proposat per l\u2019AMPA. Tots els que vam assistir-hi, alumnes, pares i professors, vam valorar molt positivament l\u2019experi\u00e8ncia i coincidim en la conveni\u00e8ncia de repetir-la. El taller del dijous estava centrat en les aparences. Vam aprendre a no emetre judicis [&hellip;]<\/p>\n","protected":false},"author":8,"featured_media":2885,"comment_status":"closed","ping_status":"closed","sticky":false,"template":"","format":"standard","meta":{"_bbp_topic_count":0,"_bbp_reply_count":0,"_bbp_total_topic_count":0,"_bbp_total_reply_count":0,"_bbp_voice_count":0,"_bbp_anonymous_reply_count":0,"_bbp_topic_count_hidden":0,"_bbp_reply_count_hidden":0,"_bbp_forum_subforum_count":0,"site-sidebar-layout":"default","site-content-layout":"","ast-site-content-layout":"","site-content-style":"default","site-sidebar-style":"default","ast-global-header-display":"","ast-banner-title-visibility":"","ast-main-header-display":"","ast-hfb-above-header-display":"","ast-hfb-below-header-display":"","ast-hfb-mobile-header-display":"","site-post-title":"","ast-breadcrumbs-content":"","ast-featured-img":"","footer-sml-layout":"","theme-transparent-header-meta":"","adv-header-id-meta":"","stick-header-meta":"","header-above-stick-meta":"","header-main-stick-meta":"","header-below-stick-meta":"","astra-migrate-meta-layouts":"default","ast-page-background-enabled":"default","ast-page-background-meta":{"desktop":{"background-color":"var(--ast-global-color-4)","background-image":"","background-repeat":"repeat","background-position":"center center","background-size":"auto","background-attachment":"scroll","background-type":"","background-media":"","overlay-type":"","overlay-color":"","overlay-opacity":"","overlay-gradient":""},"tablet":{"background-color":"","background-image":"","background-repeat":"repeat","background-position":"center center","background-size":"auto","background-attachment":"scroll","background-type":"","background-media":"","overlay-type":"","overlay-color":"","overlay-opacity":"","overlay-gradient":""},"mobile":{"background-color":"","background-image":"","background-repeat":"repeat","background-position":"center center","background-size":"auto","background-attachment":"scroll","background-type":"","background-media":"","overlay-type":"","overlay-color":"","overlay-opacity":"","overlay-gradient":""}},"ast-content-background-meta":{"desktop":{"background-color":"var(--ast-global-color-5)","background-image":"","background-repeat":"repeat","background-position":"center center","background-size":"auto","background-attachment":"scroll","background-type":"","background-media":"","overlay-type":"","overlay-color":"","overlay-opacity":"","overlay-gradient":""},"tablet":{"background-color":"var(--ast-global-color-5)","background-image":"","background-repeat":"repeat","background-position":"center center","background-size":"auto","background-attachment":"scroll","background-type":"","background-media":"","overlay-type":"","overlay-color":"","overlay-opacity":"","overlay-gradient":""},"mobile":{"background-color":"var(--ast-global-color-5)","background-image":"","background-repeat":"repeat","background-position":"center center","background-size":"auto","background-attachment":"scroll","background-type":"","background-media":"","overlay-type":"","overlay-color":"","overlay-opacity":"","overlay-gradient":""}},"footnotes":""},"categories":[31,112,3,1,29],"tags":[],"class_list":["post-2884","post","type-post","status-publish","format-standard","has-post-thumbnail","hentry","category-ampa","category-socials","category-eso","category-general","category-portada"],"post_mailing_queue_ids":[],"_links":{"self":[{"href":"https:\/\/agora.xtec.cat\/iesrafaelcampalans\/wp-json\/wp\/v2\/posts\/2884","targetHints":{"allow":["GET"]}}],"collection":[{"href":"https:\/\/agora.xtec.cat\/iesrafaelcampalans\/wp-json\/wp\/v2\/posts"}],"about":[{"href":"https:\/\/agora.xtec.cat\/iesrafaelcampalans\/wp-json\/wp\/v2\/types\/post"}],"author":[{"embeddable":true,"href":"https:\/\/agora.xtec.cat\/iesrafaelcampalans\/wp-json\/wp\/v2\/users\/8"}],"replies":[{"embeddable":true,"href":"https:\/\/agora.xtec.cat\/iesrafaelcampalans\/wp-json\/wp\/v2\/comments?post=2884"}],"version-history":[{"count":3,"href":"https:\/\/agora.xtec.cat\/iesrafaelcampalans\/wp-json\/wp\/v2\/posts\/2884\/revisions"}],"predecessor-version":[{"id":2893,"href":"https:\/\/agora.xtec.cat\/iesrafaelcampalans\/wp-json\/wp\/v2\/posts\/2884\/revisions\/2893"}],"wp:featuredmedia":[{"embeddable":true,"href":"https:\/\/agora.xtec.cat\/iesrafaelcampalans\/wp-json\/wp\/v2\/media\/2885"}],"wp:attachment":[{"href":"https:\/\/agora.xtec.cat\/iesrafaelcampalans\/wp-json\/wp\/v2\/media?parent=2884"}],"wp:term":[{"taxonomy":"category","embeddable":true,"href":"https:\/\/agora.xtec.cat\/iesrafaelcampalans\/wp-json\/wp\/v2\/categories?post=2884"},{"taxonomy":"post_tag","embeddable":true,"href":"https:\/\/agora.xtec.cat\/iesrafaelcampalans\/wp-json\/wp\/v2\/tags?post=2884"}],"curies":[{"name":"wp","href":"https:\/\/api.w.org\/{rel}","templated":true}]}}