{"id":2839,"date":"2018-09-27T14:36:15","date_gmt":"2018-09-27T12:36:15","guid":{"rendered":"http:\/\/agora.xtec.cat\/iesrafaelcampalans\/?p=2839"},"modified":"2018-10-01T18:53:01","modified_gmt":"2018-10-01T16:53:01","slug":"linstitut-rafael-campalans-amb-la-qualitat","status":"publish","type":"post","link":"https:\/\/agora.xtec.cat\/iesrafaelcampalans\/portada\/linstitut-rafael-campalans-amb-la-qualitat\/","title":{"rendered":"L&#8217;Institut amb la Qualitat!"},"content":{"rendered":"<p style=\"text-align: justify;\"><a href=\"http:\/\/agora.xtec.cat\/iesrafaelcampalans\/wp-content\/uploads\/usu1643\/2018\/09\/Q.jpg\"><img loading=\"lazy\" decoding=\"async\" class=\"size-full wp-image-2840 aligncenter\" src=\"http:\/\/agora.xtec.cat\/iesrafaelcampalans\/wp-content\/uploads\/usu1643\/2018\/09\/Q.jpg\" alt=\"\" width=\"800\" height=\"579\" srcset=\"https:\/\/agora.xtec.cat\/iesrafaelcampalans\/wp-content\/uploads\/usu1643\/2018\/09\/Q.jpg 800w, https:\/\/agora.xtec.cat\/iesrafaelcampalans\/wp-content\/uploads\/usu1643\/2018\/09\/Q-300x217.jpg 300w, https:\/\/agora.xtec.cat\/iesrafaelcampalans\/wp-content\/uploads\/usu1643\/2018\/09\/Q-768x556.jpg 768w\" sizes=\"auto, (max-width: 800px) 100vw, 800px\" \/><\/a><\/p>\n<p style=\"text-align: justify;\">El passat dijous, 20 de setembre, l\u2019Institut Rafael Campalans va participar en la primera sessi\u00f3\u00a0 formativa del Projecte de Qualitat i Millora Cont\u00ednua (PQiMC), dins del Programa d\u2019assegurament de la qualitat (ISO) en el nivell 1 d\u2019iniciaci\u00f3 a Montmel\u00f3.<\/p>\n<p style=\"text-align: justify;\">El programa d\u2019assegurament de la qualitat t\u00e9 com a finalitat millorar els resultats educatius i la cohesi\u00f3 social en els centres educatius, aix\u00ed com garantir la confian\u00e7a dels grups d\u2019inter\u00e8s (alumnat, professorat, PAS, fam\u00edlies, empreses, administraci\u00f3) amb l\u2019aplicaci\u00f3 de la gesti\u00f3 per processos.<\/p>\n<p style=\"text-align: justify;\">La primera tasca encomanada consisteix a redactar la Pol\u00edtica de qualitat on es recull la missi\u00f3, visi\u00f3 i valors del centre d\u2019acord al Projecte de Direcci\u00f3 i Projecte Educatiu de centre, una feina que entomem amb entusiasme i vocaci\u00f3 de servei. Us en continuarem donant not\u00edcia!.<\/p>\n","protected":false},"excerpt":{"rendered":"<p>El passat dijous, 20 de setembre, l\u2019Institut Rafael Campalans va participar en la primera sessi\u00f3\u00a0 formativa del Projecte de Qualitat i Millora Cont\u00ednua (PQiMC), dins del Programa d\u2019assegurament de la qualitat (ISO) en el nivell 1 d\u2019iniciaci\u00f3 a Montmel\u00f3. El programa d\u2019assegurament de la qualitat t\u00e9 com a finalitat millorar els resultats educatius i la [&hellip;]<\/p>\n","protected":false},"author":6,"featured_media":2840,"comment_status":"closed","ping_status":"closed","sticky":false,"template":"","format":"standard","meta":{"_bbp_topic_count":0,"_bbp_reply_count":0,"_bbp_total_topic_count":0,"_bbp_total_reply_count":0,"_bbp_voice_count":0,"_bbp_anonymous_reply_count":0,"_bbp_topic_count_hidden":0,"_bbp_reply_count_hidden":0,"_bbp_forum_subforum_count":0,"site-sidebar-layout":"default","site-content-layout":"","ast-site-content-layout":"","site-content-style":"default","site-sidebar-style":"default","ast-global-header-display":"","ast-banner-title-visibility":"","ast-main-header-display":"","ast-hfb-above-header-display":"","ast-hfb-below-header-display":"","ast-hfb-mobile-header-display":"","site-post-title":"","ast-breadcrumbs-content":"","ast-featured-img":"","footer-sml-layout":"","theme-transparent-header-meta":"","adv-header-id-meta":"","stick-header-meta":"","header-above-stick-meta":"","header-main-stick-meta":"","header-below-stick-meta":"","astra-migrate-meta-layouts":"default","ast-page-background-enabled":"default","ast-page-background-meta":{"desktop":{"background-color":"var(--ast-global-color-4)","background-image":"","background-repeat":"repeat","background-position":"center center","background-size":"auto","background-attachment":"scroll","background-type":"","background-media":"","overlay-type":"","overlay-color":"","overlay-opacity":"","overlay-gradient":""},"tablet":{"background-color":"","background-image":"","background-repeat":"repeat","background-position":"center center","background-size":"auto","background-attachment":"scroll","background-type":"","background-media":"","overlay-type":"","overlay-color":"","overlay-opacity":"","overlay-gradient":""},"mobile":{"background-color":"","background-image":"","background-repeat":"repeat","background-position":"center center","background-size":"auto","background-attachment":"scroll","background-type":"","background-media":"","overlay-type":"","overlay-color":"","overlay-opacity":"","overlay-gradient":""}},"ast-content-background-meta":{"desktop":{"background-color":"var(--ast-global-color-5)","background-image":"","background-repeat":"repeat","background-position":"center center","background-size":"auto","background-attachment":"scroll","background-type":"","background-media":"","overlay-type":"","overlay-color":"","overlay-opacity":"","overlay-gradient":""},"tablet":{"background-color":"var(--ast-global-color-5)","background-image":"","background-repeat":"repeat","background-position":"center center","background-size":"auto","background-attachment":"scroll","background-type":"","background-media":"","overlay-type":"","overlay-color":"","overlay-opacity":"","overlay-gradient":""},"mobile":{"background-color":"var(--ast-global-color-5)","background-image":"","background-repeat":"repeat","background-position":"center center","background-size":"auto","background-attachment":"scroll","background-type":"","background-media":"","overlay-type":"","overlay-color":"","overlay-opacity":"","overlay-gradient":""}},"footnotes":""},"categories":[137,29],"tags":[],"class_list":["post-2839","post","type-post","status-publish","format-standard","has-post-thumbnail","hentry","category-qualitat","category-portada"],"post_mailing_queue_ids":[],"_links":{"self":[{"href":"https:\/\/agora.xtec.cat\/iesrafaelcampalans\/wp-json\/wp\/v2\/posts\/2839","targetHints":{"allow":["GET"]}}],"collection":[{"href":"https:\/\/agora.xtec.cat\/iesrafaelcampalans\/wp-json\/wp\/v2\/posts"}],"about":[{"href":"https:\/\/agora.xtec.cat\/iesrafaelcampalans\/wp-json\/wp\/v2\/types\/post"}],"author":[{"embeddable":true,"href":"https:\/\/agora.xtec.cat\/iesrafaelcampalans\/wp-json\/wp\/v2\/users\/6"}],"replies":[{"embeddable":true,"href":"https:\/\/agora.xtec.cat\/iesrafaelcampalans\/wp-json\/wp\/v2\/comments?post=2839"}],"version-history":[{"count":3,"href":"https:\/\/agora.xtec.cat\/iesrafaelcampalans\/wp-json\/wp\/v2\/posts\/2839\/revisions"}],"predecessor-version":[{"id":2845,"href":"https:\/\/agora.xtec.cat\/iesrafaelcampalans\/wp-json\/wp\/v2\/posts\/2839\/revisions\/2845"}],"wp:featuredmedia":[{"embeddable":true,"href":"https:\/\/agora.xtec.cat\/iesrafaelcampalans\/wp-json\/wp\/v2\/media\/2840"}],"wp:attachment":[{"href":"https:\/\/agora.xtec.cat\/iesrafaelcampalans\/wp-json\/wp\/v2\/media?parent=2839"}],"wp:term":[{"taxonomy":"category","embeddable":true,"href":"https:\/\/agora.xtec.cat\/iesrafaelcampalans\/wp-json\/wp\/v2\/categories?post=2839"},{"taxonomy":"post_tag","embeddable":true,"href":"https:\/\/agora.xtec.cat\/iesrafaelcampalans\/wp-json\/wp\/v2\/tags?post=2839"}],"curies":[{"name":"wp","href":"https:\/\/api.w.org\/{rel}","templated":true}]}}