{"id":2819,"date":"2018-07-25T11:55:43","date_gmt":"2018-07-25T09:55:43","guid":{"rendered":"http:\/\/agora.xtec.cat\/iesrafaelcampalans\/?p=2819"},"modified":"2018-07-25T11:55:43","modified_gmt":"2018-07-25T09:55:43","slug":"molta-sort-teresa-negre-imma-rodriguez-i-fabienne-valligny","status":"publish","type":"post","link":"https:\/\/agora.xtec.cat\/iesrafaelcampalans\/portada\/molta-sort-teresa-negre-imma-rodriguez-i-fabienne-valligny\/","title":{"rendered":"Molta sort, Teresa Negre, Imma Rodr\u00edguez i Fabienne Valligny!"},"content":{"rendered":"<p style=\"text-align: center;\"><a href=\"http:\/\/agora.xtec.cat\/iesrafaelcampalans\/wp-content\/uploads\/usu1643\/2018\/07\/paisaje-idilico-olga-sacharoff.jpg\"><img loading=\"lazy\" decoding=\"async\" class=\"alignnone size-full wp-image-2820\" src=\"http:\/\/agora.xtec.cat\/iesrafaelcampalans\/wp-content\/uploads\/usu1643\/2018\/07\/paisaje-idilico-olga-sacharoff.jpg\" alt=\"\" width=\"640\" height=\"516\" srcset=\"https:\/\/agora.xtec.cat\/iesrafaelcampalans\/wp-content\/uploads\/usu1643\/2018\/07\/paisaje-idilico-olga-sacharoff.jpg 640w, https:\/\/agora.xtec.cat\/iesrafaelcampalans\/wp-content\/uploads\/usu1643\/2018\/07\/paisaje-idilico-olga-sacharoff-300x242.jpg 300w\" sizes=\"auto, (max-width: 640px) 100vw, 640px\" \/><\/a><\/p>\n<p style=\"text-align: justify;\">Amb aquest paisatge tan suggeridor de l\u2019artista Olga Sacharoff i que es troba en la col\u00b7lecci\u00f3 Carmen Thyssen, us deixem amb dos fragments de dos discursos que el director de l&#8217;Institut, Pere Parramon, els va adre\u00e7ar en dos actes diferents a les tres professores que s\u2019han jubilat aquest curs 2017-2018: la Teresa Negre, l\u2019Imma Rodr\u00edguez i la Fabienne Valligny:<\/p>\n<p style=\"text-align: justify; padding-left: 30px;\">\u00abAquest curs es jubilen tres professores de l\u2019Institut Rafael Campalans. La Teresa Negre, professora de Ci\u00e8ncies socials, que per motius de for\u00e7a major no ens pot acompanyar avui, l\u2019Imma Rodr\u00edguez, professora de Ci\u00e8ncies naturals, i la Fabienne Valligny, professora de lleng\u00fces estrangeres.<\/p>\n<p style=\"padding-left: 30px;\">Permeteu-me que comparteixi amb vosaltres tres frases i moments de cadascuna d\u2019elles que m\u2019han marcat: la Teresa, una de les primeres coses que em va dir en rebre\u2019m \u2013en rebre\u2019m quan jo era un professor que comen\u00e7ava a Secund\u00e0ria\u2013: \u00abtranquil, jo t\u2019ho anir\u00e9 explicant tot\u00bb; l\u2019Imma, en una reuni\u00f3 a comen\u00e7ament de curs en la qual parl\u00e0vem de q\u00fcestions relacionades amb la innovaci\u00f3 docent es lamentava \u00abVeig que no em donar\u00e0 temps de dur a la pr\u00e0ctica totes les novetats que vull impulsar\u00bb; la Fabienne, al seu torn, en una ocasi\u00f3 em va recordar \u00abl\u2019experi\u00e8ncia \u00e9s important\u00bb. Fixeu-vos que, tot seleccionant aquestes paraules \u2013aquests records, aquests moments\u2013 amb cadascuna d\u2019elles, n\u2019estic destacant tres valors: l\u2019acompanyament, la il\u00b7lusi\u00f3 i l\u2019expertesa.<\/p>\n<p style=\"padding-left: 30px;\">L\u2019acompanyament, la il\u00b7lusi\u00f3 i l\u2019expertesa. \u00c9s a dir, la capacitat de ser al costat dels altres, siguin companys o alumnes; la capacitat per mirar endavant entomant nous reptes; i posar el bagatge de tota una traject\u00f2ria al servei d\u2019una organitzaci\u00f3 com \u00e9s l\u2019Institut Rafael Campalans. Capacitats, totes elles, absolutament necess\u00e0ries per treballar amb i per a persones en formaci\u00f3, els i les nostres alumnes.<\/p>\n<p style=\"padding-left: 30px;\">Aix\u00ed, em nego rotundament a dir que la Teresa, l\u2019Imma o la Fabienne deixen un buit a l\u2019Institut Rafael Campalans. Dir aix\u00f2 seria un gest d\u2019ingratitud cap a tot all\u00f2 que ens deixen despr\u00e9s d\u2019anys al servei de la nostra societat catalana a trav\u00e9s de la doc\u00e8ncia. Naturalment, les trobarem a faltar, per\u00f2 ens fa contents saber que aquest pas nom\u00e9s \u00e9s una etapa nova que, coneixent-les, segur que ser\u00e0 d\u2019all\u00f2 m\u00e9s rica, i, d\u2019altra banda, ens d\u00f3na tranquil\u00b7litat saber que el seu guiatge, el seu coneixement i el seu afecte, roman amb nosaltres.<\/p>\n<p style=\"padding-left: 30px;\">Teresa, Imma, Fabienne, moltes gr\u00e0cies!\u00bb [14 de juny]<\/p>\n<p style=\"text-align: justify; padding-left: 30px;\">\u00abAvui es dona una coincid\u00e8ncia particular, que em sembla que t\u00e9 for\u00e7a a veure amb la celebraci\u00f3 en la qual ens trobem: avui s\u2019han fet p\u00fabliques les notes de les Proves d\u2019Acc\u00e9s a la Universitat dels alumenes de Batxillerat, i dels vint-i-vuit nois i noies que s\u2019hi presentaven, tots les han superat, i molts amb bona nota (fins aqu\u00ed la falca publicit\u00e0ria). El poeta dels segles XVI i XVII Juan Ruiz de Alarc\u00f3n va dir una frase ben curta i ben intensa que a mi se m\u2019ha fet avinent quan pensava en aquest \u00e8xit: \u00abMai molt no ha costat poc\u00bb. I en el cam\u00ed de l\u2019esfor\u00e7, aquests alumnes no haurien pogut reeixir sense mestres i professores com la Teresa, l\u2019Imma i la Fabienne, aix\u00f2 \u00e9s indubtable. Per\u00f2 el paral\u00b7lelisme que vull destacar no \u00e9s aquest \u2013per b\u00e9 que vull que quedi impl\u00edcit l\u2019agra\u00efment\u2013, sin\u00f3 quelcom al meu entendre m\u00e9s profund i que t\u00e9 a veure amb les planes i les muntanyes que envolten el nostre Institut Rafael Campalans. La terra es cultiva amb esfor\u00e7, qualsevol que s\u2019hagi acostat m\u00ednimament a les tasques de la pagesia, ho sap: les hores, el mirar amunt, el mirar avall, ara vigila amb aquella papallona, ara qu\u00e8 passa amb el tancat, que si el sol, que si la pluja, que si l\u2019ocell que veus venir, que si el cuc que no pots veure -em fa que tot aix\u00f2 que dic poden ser met\u00e0fores de moments que coneixem molt b\u00e9 a les aules, als passadissos de l\u2019Institut, fent anar a tort i a dret el boli vermell-; i alhora, per cultivar, a banda de capacitat d\u2019esfor\u00e7, tamb\u00e9 s\u2019ha de tenir en compte un altre aspecte condensat en una frase molt bonica que un de vosaltres em va regalar fa anys: \u201cper fruitar, la terra ha de descansar\u201d. La Teresa, l\u2019Imma i la Fabienne han passat bona part de les seves vides laborals cultivant -no la terra, sin\u00f3 fent m\u00e9s cultes les persones que han tingut al seu c\u00e0rrec, i recordem que ser m\u00e9s culte vol dir ser m\u00e9s social, aix\u00ed que no nom\u00e9s han treballat pels individus, sin\u00f3 per a tot un poble-, i ara els toca descansar merc\u00e8s aquesta conquesta social i \u00e8tica que \u00e9s la jubilaci\u00f3&#8230; per\u00f2 fixeu-vos, descansar per continuar fruitant. Els alumnes de Batxillerat han tingut un \u00e8xit que \u00e9s fruit de l\u2019esfor\u00e7, i ara la vida els exigir\u00e0 que continu\u00efn fruitant amb m\u00e9s treball que descans -ho puc dir ara que no em senten-. La Teresa, l\u2019Imma i la Fabienne, en canvi, s\u2019han guanyat continuar fruitant ara des del descans. Gaudiu d\u2019aquests nous fruits, doncs, i recordeu que tots els que ens hem trobat aqu\u00ed avui som al vostre voltant perqu\u00e8 tamb\u00e9 en continuarem gaudint, dels vostres fruits, dels molts que ja ens heu deixat, i dels molts que vindran. Molta sort!\u00bb [28 de juny]<\/p>\n<p>&nbsp;<\/p>\n","protected":false},"excerpt":{"rendered":"<p>Amb aquest paisatge tan suggeridor de l\u2019artista Olga Sacharoff i que es troba en la col\u00b7lecci\u00f3 Carmen Thyssen, us deixem amb dos fragments de dos discursos que el director de l&#8217;Institut, Pere Parramon, els va adre\u00e7ar en dos actes diferents a les tres professores que s\u2019han jubilat aquest curs 2017-2018: la Teresa Negre, l\u2019Imma Rodr\u00edguez [&hellip;]<\/p>\n","protected":false},"author":6,"featured_media":2820,"comment_status":"closed","ping_status":"closed","sticky":false,"template":"","format":"standard","meta":{"_bbp_topic_count":0,"_bbp_reply_count":0,"_bbp_total_topic_count":0,"_bbp_total_reply_count":0,"_bbp_voice_count":0,"_bbp_anonymous_reply_count":0,"_bbp_topic_count_hidden":0,"_bbp_reply_count_hidden":0,"_bbp_forum_subforum_count":0,"site-sidebar-layout":"default","site-content-layout":"","ast-site-content-layout":"","site-content-style":"default","site-sidebar-style":"default","ast-global-header-display":"","ast-banner-title-visibility":"","ast-main-header-display":"","ast-hfb-above-header-display":"","ast-hfb-below-header-display":"","ast-hfb-mobile-header-display":"","site-post-title":"","ast-breadcrumbs-content":"","ast-featured-img":"","footer-sml-layout":"","theme-transparent-header-meta":"","adv-header-id-meta":"","stick-header-meta":"","header-above-stick-meta":"","header-main-stick-meta":"","header-below-stick-meta":"","astra-migrate-meta-layouts":"default","ast-page-background-enabled":"default","ast-page-background-meta":{"desktop":{"background-color":"var(--ast-global-color-4)","background-image":"","background-repeat":"repeat","background-position":"center center","background-size":"auto","background-attachment":"scroll","background-type":"","background-media":"","overlay-type":"","overlay-color":"","overlay-opacity":"","overlay-gradient":""},"tablet":{"background-color":"","background-image":"","background-repeat":"repeat","background-position":"center center","background-size":"auto","background-attachment":"scroll","background-type":"","background-media":"","overlay-type":"","overlay-color":"","overlay-opacity":"","overlay-gradient":""},"mobile":{"background-color":"","background-image":"","background-repeat":"repeat","background-position":"center center","background-size":"auto","background-attachment":"scroll","background-type":"","background-media":"","overlay-type":"","overlay-color":"","overlay-opacity":"","overlay-gradient":""}},"ast-content-background-meta":{"desktop":{"background-color":"var(--ast-global-color-5)","background-image":"","background-repeat":"repeat","background-position":"center center","background-size":"auto","background-attachment":"scroll","background-type":"","background-media":"","overlay-type":"","overlay-color":"","overlay-opacity":"","overlay-gradient":""},"tablet":{"background-color":"var(--ast-global-color-5)","background-image":"","background-repeat":"repeat","background-position":"center center","background-size":"auto","background-attachment":"scroll","background-type":"","background-media":"","overlay-type":"","overlay-color":"","overlay-opacity":"","overlay-gradient":""},"mobile":{"background-color":"var(--ast-global-color-5)","background-image":"","background-repeat":"repeat","background-position":"center center","background-size":"auto","background-attachment":"scroll","background-type":"","background-media":"","overlay-type":"","overlay-color":"","overlay-opacity":"","overlay-gradient":""}},"footnotes":""},"categories":[111,112,114,29],"tags":[],"class_list":["post-2819","post","type-post","status-publish","format-standard","has-post-thumbnail","hentry","category-experimentals","category-socials","category-estrangeres","category-portada"],"post_mailing_queue_ids":[],"_links":{"self":[{"href":"https:\/\/agora.xtec.cat\/iesrafaelcampalans\/wp-json\/wp\/v2\/posts\/2819","targetHints":{"allow":["GET"]}}],"collection":[{"href":"https:\/\/agora.xtec.cat\/iesrafaelcampalans\/wp-json\/wp\/v2\/posts"}],"about":[{"href":"https:\/\/agora.xtec.cat\/iesrafaelcampalans\/wp-json\/wp\/v2\/types\/post"}],"author":[{"embeddable":true,"href":"https:\/\/agora.xtec.cat\/iesrafaelcampalans\/wp-json\/wp\/v2\/users\/6"}],"replies":[{"embeddable":true,"href":"https:\/\/agora.xtec.cat\/iesrafaelcampalans\/wp-json\/wp\/v2\/comments?post=2819"}],"version-history":[{"count":1,"href":"https:\/\/agora.xtec.cat\/iesrafaelcampalans\/wp-json\/wp\/v2\/posts\/2819\/revisions"}],"predecessor-version":[{"id":2821,"href":"https:\/\/agora.xtec.cat\/iesrafaelcampalans\/wp-json\/wp\/v2\/posts\/2819\/revisions\/2821"}],"wp:featuredmedia":[{"embeddable":true,"href":"https:\/\/agora.xtec.cat\/iesrafaelcampalans\/wp-json\/wp\/v2\/media\/2820"}],"wp:attachment":[{"href":"https:\/\/agora.xtec.cat\/iesrafaelcampalans\/wp-json\/wp\/v2\/media?parent=2819"}],"wp:term":[{"taxonomy":"category","embeddable":true,"href":"https:\/\/agora.xtec.cat\/iesrafaelcampalans\/wp-json\/wp\/v2\/categories?post=2819"},{"taxonomy":"post_tag","embeddable":true,"href":"https:\/\/agora.xtec.cat\/iesrafaelcampalans\/wp-json\/wp\/v2\/tags?post=2819"}],"curies":[{"name":"wp","href":"https:\/\/api.w.org\/{rel}","templated":true}]}}