{"id":2579,"date":"2018-05-07T13:26:37","date_gmt":"2018-05-07T11:26:37","guid":{"rendered":"http:\/\/agora.xtec.cat\/iesrafaelcampalans\/?p=2579"},"modified":"2018-05-09T12:22:37","modified_gmt":"2018-05-09T10:22:37","slug":"celebracio-dia-deuropa-1r-de-batxillerat","status":"publish","type":"post","link":"https:\/\/agora.xtec.cat\/iesrafaelcampalans\/general\/celebracio-dia-deuropa-1r-de-batxillerat\/","title":{"rendered":"Celebraci\u00f3 dia d&#8217;Europa 1r de Batxillerat"},"content":{"rendered":"<p>Jornada acad\u00e8mica\u00a0en ocasi\u00f3 del Dia d&#8217;Europa 2018<\/p>\n<p style=\"text-align: justify\">El passat divendres 4 de maig, els alumnes de 1r de batxillerat van participar a la Jornada acad\u00e8mica en ocasi\u00f3 del Dia d\u2019Europa (que se celebra el 9 de maig), juntament amb els alumnes dels instituts Salvador Espriu de Salt, i l\u2019Institut de Cassa.<\/p>\n<p style=\"text-align: justify\">Aquest curs la Jornada, organitzada des de l\u2019\u00e0rea de Filosofia, portava per t\u00edtol \u201cValors democr\u00e0tics a cent anys de la Gran Guerra\u201d i ha estat precedida per un treball previ en cada centre i en un campus virtual que podeu visitar a <a href=\"http:\/\/www.xserra.net\/moodle\/course\/view.php?id=13\">Dia d&#8217;Europa 2018<\/a>.<\/p>\n<p style=\"text-align: justify\">La Jornada, amb m\u00e9s de 140 participants, es va desenvolupar a la Factoria cultural Coma Cros, a Salt. La presentaci\u00f3 inicial ha estat a c\u00e0rrec de la Dra. Mariona Illamola, professora de Dret i directora de l\u2019oficina Europe Direct de Girona, que ha exposat la feina que realitza aquesta oficina per aproximar la Uni\u00f3 Europea als habitants de les comarques gironines, i ha animat als participants a interessar-se i col\u00b7laborar cr\u00edticament en la construcci\u00f3 d\u2019Europa.<\/p>\n<p style=\"text-align: center\"><a href=\"http:\/\/agora.xtec.cat\/iesrafaelcampalans\/wp-content\/uploads\/usu1643\/2018\/05\/Sense-t\u00edtol.jpg\"><img loading=\"lazy\" decoding=\"async\" class=\"alignnone size-full wp-image-2581\" src=\"http:\/\/agora.xtec.cat\/iesrafaelcampalans\/wp-content\/uploads\/usu1643\/2018\/05\/Sense-t\u00edtol.jpg\" alt=\"\" width=\"303\" height=\"205\" srcset=\"https:\/\/agora.xtec.cat\/iesrafaelcampalans\/wp-content\/uploads\/usu1643\/2018\/05\/Sense-t\u00edtol.jpg 303w, https:\/\/agora.xtec.cat\/iesrafaelcampalans\/wp-content\/uploads\/usu1643\/2018\/05\/Sense-t\u00edtol-300x203.jpg 300w\" sizes=\"auto, (max-width: 303px) 100vw, 303px\" \/><\/a><\/p>\n<p style=\"text-align: justify\">A continuaci\u00f3 representants de cada institut van fer unes exposicions en llengua anglesa sobre diferents aspectes de la Gran Guerra. De l\u2019institut Rafael Campalans, la Samia Stitou, en Pol Santan\u00e9 i en Danil Sidorov han parlat de \u201cNation and Empire\u00a0(Reasons for a War)\u201d; l\u2019INS de Cass\u00e0 han parlat de\u00a0 \u201cChildren at war (Soldiers, families and young people)&#8221;; i l\u2019INS Salvador Espriu han parlat de Farewell to arms (Armistice vs Peace threaties).<\/p>\n<p style=\"text-align: justify\">Acabades les presentacions van poder veure una versi\u00f3 redu\u00efda i doblada a l\u2019espanyol del magn\u00edfic i impressionant documental &#8220;14-18: le bruit et la fureur&#8221; (Jean-Fran\u00e7ois Delassus, 2008), sobre el qual ha tractat el primer f\u00f2rum de debat en grups d\u2019alumnes del tres centres participants. Posteriorment, un representant de cada grups va exposar les conclusions al plenari.<\/p>\n<p style=\"text-align: justify\">Despr\u00e9s d\u2019una breu pausa per esmorzar i estirar les cames, va arribar la pon\u00e8ncia principal de la jornada, a c\u00e0rrec del catedr\u00e0tic de Filosofia de la UdG Josep M Terricabras, i actualment eurodiputat. El t\u00edtol de la seva pon\u00e8ncia, &#8220;Valors per a canviar el m\u00f3n&#8221;, ell mateix va recon\u00e8ixer que era agosarat, per\u00f2 que en cap cas hav\u00edem de renunciar a influir en tots els \u00e0mbits possibles per fer del nostre continent, un espai m\u00e9s hum\u00e0, amable, solidari, amb m\u00e9s bondat i empatia, sense confondre la indifer\u00e8ncia amb el respecte. Sobre aquestes q\u00fcestions i sobre com es poden concretar en el dia a dia va tractar el segon f\u00f2rum de debat en grups d\u2019alumnes, i la posterior posada en com\u00fa de les seves conclusions.<\/p>\n<p style=\"text-align: center\"><a href=\"http:\/\/agora.xtec.cat\/iesrafaelcampalans\/wp-content\/uploads\/usu1643\/2018\/05\/dia-europa.jpg\"><img loading=\"lazy\" decoding=\"async\" class=\"alignnone size-full wp-image-2582\" src=\"http:\/\/agora.xtec.cat\/iesrafaelcampalans\/wp-content\/uploads\/usu1643\/2018\/05\/dia-europa.jpg\" alt=\"\" width=\"324\" height=\"182\" srcset=\"https:\/\/agora.xtec.cat\/iesrafaelcampalans\/wp-content\/uploads\/usu1643\/2018\/05\/dia-europa.jpg 324w, https:\/\/agora.xtec.cat\/iesrafaelcampalans\/wp-content\/uploads\/usu1643\/2018\/05\/dia-europa-300x169.jpg 300w\" sizes=\"auto, (max-width: 324px) 100vw, 324px\" \/><\/a><\/p>\n<p style=\"text-align: justify\">Ja en la recta final de la Jornada, es van premiar les tres millors redaccions de cada centre sobre \u00a0la q\u00fcesti\u00f3 &#8220;El supremacisme i l&#8217;odi s\u00f3n desencadenants de la guerra: \u00bfhi ha camins cap a la pau?&#8221;. Del nostre institut les alumnes premiades van ser la Berta Coll, la S\u00e0mia Stitou i la Yousra Charri. L\u2019Enhorabona a totes tres!!<\/p>\n<p style=\"text-align: justify\">La cloenda va incloure una breu actuaci\u00f3 musical a c\u00e0rrec d\u2019alumnes participants. I van convocar a tots els alumnes a la Jornada de Filosofia del 14 de desembre de 2018, quan ja estiguin cursant 2n de batxillerat.<\/p>\n<p style=\"text-align: justify\">\n","protected":false},"excerpt":{"rendered":"<p>Jornada acad\u00e8mica\u00a0en ocasi\u00f3 del Dia d&#8217;Europa 2018 El passat divendres 4 de maig, els alumnes de 1r de batxillerat van participar a la Jornada acad\u00e8mica en ocasi\u00f3 del Dia d\u2019Europa (que se celebra el 9 de maig), juntament amb els alumnes dels instituts Salvador Espriu de Salt, i l\u2019Institut de Cassa. Aquest curs la Jornada, [&hellip;]<\/p>\n","protected":false},"author":8,"featured_media":2580,"comment_status":"closed","ping_status":"closed","sticky":false,"template":"","format":"standard","meta":{"_bbp_topic_count":0,"_bbp_reply_count":0,"_bbp_total_topic_count":0,"_bbp_total_reply_count":0,"_bbp_voice_count":0,"_bbp_anonymous_reply_count":0,"_bbp_topic_count_hidden":0,"_bbp_reply_count_hidden":0,"_bbp_forum_subforum_count":0,"site-sidebar-layout":"default","site-content-layout":"","ast-site-content-layout":"","site-content-style":"default","site-sidebar-style":"default","ast-global-header-display":"","ast-banner-title-visibility":"","ast-main-header-display":"","ast-hfb-above-header-display":"","ast-hfb-below-header-display":"","ast-hfb-mobile-header-display":"","site-post-title":"","ast-breadcrumbs-content":"","ast-featured-img":"","footer-sml-layout":"","theme-transparent-header-meta":"","adv-header-id-meta":"","stick-header-meta":"","header-above-stick-meta":"","header-main-stick-meta":"","header-below-stick-meta":"","astra-migrate-meta-layouts":"default","ast-page-background-enabled":"default","ast-page-background-meta":{"desktop":{"background-color":"var(--ast-global-color-4)","background-image":"","background-repeat":"repeat","background-position":"center center","background-size":"auto","background-attachment":"scroll","background-type":"","background-media":"","overlay-type":"","overlay-color":"","overlay-opacity":"","overlay-gradient":""},"tablet":{"background-color":"","background-image":"","background-repeat":"repeat","background-position":"center center","background-size":"auto","background-attachment":"scroll","background-type":"","background-media":"","overlay-type":"","overlay-color":"","overlay-opacity":"","overlay-gradient":""},"mobile":{"background-color":"","background-image":"","background-repeat":"repeat","background-position":"center center","background-size":"auto","background-attachment":"scroll","background-type":"","background-media":"","overlay-type":"","overlay-color":"","overlay-opacity":"","overlay-gradient":""}},"ast-content-background-meta":{"desktop":{"background-color":"var(--ast-global-color-5)","background-image":"","background-repeat":"repeat","background-position":"center center","background-size":"auto","background-attachment":"scroll","background-type":"","background-media":"","overlay-type":"","overlay-color":"","overlay-opacity":"","overlay-gradient":""},"tablet":{"background-color":"var(--ast-global-color-5)","background-image":"","background-repeat":"repeat","background-position":"center center","background-size":"auto","background-attachment":"scroll","background-type":"","background-media":"","overlay-type":"","overlay-color":"","overlay-opacity":"","overlay-gradient":""},"mobile":{"background-color":"var(--ast-global-color-5)","background-image":"","background-repeat":"repeat","background-position":"center center","background-size":"auto","background-attachment":"scroll","background-type":"","background-media":"","overlay-type":"","overlay-color":"","overlay-opacity":"","overlay-gradient":""}},"footnotes":""},"categories":[8,112,1,29],"tags":[],"class_list":["post-2579","post","type-post","status-publish","format-standard","has-post-thumbnail","hentry","category-batxillerat","category-socials","category-general","category-portada"],"post_mailing_queue_ids":[],"_links":{"self":[{"href":"https:\/\/agora.xtec.cat\/iesrafaelcampalans\/wp-json\/wp\/v2\/posts\/2579","targetHints":{"allow":["GET"]}}],"collection":[{"href":"https:\/\/agora.xtec.cat\/iesrafaelcampalans\/wp-json\/wp\/v2\/posts"}],"about":[{"href":"https:\/\/agora.xtec.cat\/iesrafaelcampalans\/wp-json\/wp\/v2\/types\/post"}],"author":[{"embeddable":true,"href":"https:\/\/agora.xtec.cat\/iesrafaelcampalans\/wp-json\/wp\/v2\/users\/8"}],"replies":[{"embeddable":true,"href":"https:\/\/agora.xtec.cat\/iesrafaelcampalans\/wp-json\/wp\/v2\/comments?post=2579"}],"version-history":[{"count":3,"href":"https:\/\/agora.xtec.cat\/iesrafaelcampalans\/wp-json\/wp\/v2\/posts\/2579\/revisions"}],"predecessor-version":[{"id":2589,"href":"https:\/\/agora.xtec.cat\/iesrafaelcampalans\/wp-json\/wp\/v2\/posts\/2579\/revisions\/2589"}],"wp:featuredmedia":[{"embeddable":true,"href":"https:\/\/agora.xtec.cat\/iesrafaelcampalans\/wp-json\/wp\/v2\/media\/2580"}],"wp:attachment":[{"href":"https:\/\/agora.xtec.cat\/iesrafaelcampalans\/wp-json\/wp\/v2\/media?parent=2579"}],"wp:term":[{"taxonomy":"category","embeddable":true,"href":"https:\/\/agora.xtec.cat\/iesrafaelcampalans\/wp-json\/wp\/v2\/categories?post=2579"},{"taxonomy":"post_tag","embeddable":true,"href":"https:\/\/agora.xtec.cat\/iesrafaelcampalans\/wp-json\/wp\/v2\/tags?post=2579"}],"curies":[{"name":"wp","href":"https:\/\/api.w.org\/{rel}","templated":true}]}}