{"id":2559,"date":"2018-05-04T11:31:23","date_gmt":"2018-05-04T09:31:23","guid":{"rendered":"http:\/\/agora.xtec.cat\/iesrafaelcampalans\/?p=2559"},"modified":"2018-05-04T11:31:23","modified_gmt":"2018-05-04T09:31:23","slug":"reunio-per-a-families-de-4t-deso","status":"publish","type":"post","link":"https:\/\/agora.xtec.cat\/iesrafaelcampalans\/general\/reunio-per-a-families-de-4t-deso\/","title":{"rendered":"Reuni\u00f3 per a fam\u00edlies de 4t d&#8217;ESO"},"content":{"rendered":"<p style=\"text-align: justify;\"><a href=\"http:\/\/agora.xtec.cat\/iesrafaelcampalans\/wp-content\/uploads\/usu1643\/2018\/05\/pencils.jpg\"><img loading=\"lazy\" decoding=\"async\" class=\"size-full wp-image-2560 aligncenter\" src=\"http:\/\/agora.xtec.cat\/iesrafaelcampalans\/wp-content\/uploads\/usu1643\/2018\/05\/pencils.jpg\" alt=\"\" width=\"600\" height=\"472\" srcset=\"https:\/\/agora.xtec.cat\/iesrafaelcampalans\/wp-content\/uploads\/usu1643\/2018\/05\/pencils.jpg 600w, https:\/\/agora.xtec.cat\/iesrafaelcampalans\/wp-content\/uploads\/usu1643\/2018\/05\/pencils-300x236.jpg 300w\" sizes=\"auto, (max-width: 600px) 100vw, 600px\" \/><\/a><\/p>\n<p style=\"text-align: justify;\">A les 19 h del proper dimarts, 8 de maig, tindr\u00e0 lloc a la Biblioteca de l\u2019Institut una reuni\u00f3 informativa adre\u00e7ada a les fam\u00edlies dels alumnes de 4t d\u2019ESO dedicada a parlar de les diferents opcions acad\u00e8miques i formatives que hi ha despr\u00e9s de l\u2019ESO, i dels terminis i del proc\u00e9s de preinscripci\u00f3 i matriculaci\u00f3 als estudis postobligatoris oferts a Catalunya per al curs 2018-2019. Al final de la reuni\u00f3 es lliurar\u00e0 a cada fam\u00edlia documentaci\u00f3 relativa al consell orientador i als resultats de les proves de compet\u00e8ncies b\u00e0siques individuals del seu fill\/filla.<\/p>\n<p style=\"text-align: justify;\">\n","protected":false},"excerpt":{"rendered":"<p>A les 19 h del proper dimarts, 8 de maig, tindr\u00e0 lloc a la Biblioteca de l\u2019Institut una reuni\u00f3 informativa adre\u00e7ada a les fam\u00edlies dels alumnes de 4t d\u2019ESO dedicada a parlar de les diferents opcions acad\u00e8miques i formatives que hi ha despr\u00e9s de l\u2019ESO, i dels terminis i del proc\u00e9s de preinscripci\u00f3 i matriculaci\u00f3 [&hellip;]<\/p>\n","protected":false},"author":6,"featured_media":2560,"comment_status":"closed","ping_status":"closed","sticky":false,"template":"","format":"standard","meta":{"_bbp_topic_count":0,"_bbp_reply_count":0,"_bbp_total_topic_count":0,"_bbp_total_reply_count":0,"_bbp_voice_count":0,"_bbp_anonymous_reply_count":0,"_bbp_topic_count_hidden":0,"_bbp_reply_count_hidden":0,"_bbp_forum_subforum_count":0,"site-sidebar-layout":"default","site-content-layout":"","ast-site-content-layout":"","site-content-style":"default","site-sidebar-style":"default","ast-global-header-display":"","ast-banner-title-visibility":"","ast-main-header-display":"","ast-hfb-above-header-display":"","ast-hfb-below-header-display":"","ast-hfb-mobile-header-display":"","site-post-title":"","ast-breadcrumbs-content":"","ast-featured-img":"","footer-sml-layout":"","theme-transparent-header-meta":"","adv-header-id-meta":"","stick-header-meta":"","header-above-stick-meta":"","header-main-stick-meta":"","header-below-stick-meta":"","astra-migrate-meta-layouts":"default","ast-page-background-enabled":"default","ast-page-background-meta":{"desktop":{"background-color":"var(--ast-global-color-4)","background-image":"","background-repeat":"repeat","background-position":"center center","background-size":"auto","background-attachment":"scroll","background-type":"","background-media":"","overlay-type":"","overlay-color":"","overlay-opacity":"","overlay-gradient":""},"tablet":{"background-color":"","background-image":"","background-repeat":"repeat","background-position":"center center","background-size":"auto","background-attachment":"scroll","background-type":"","background-media":"","overlay-type":"","overlay-color":"","overlay-opacity":"","overlay-gradient":""},"mobile":{"background-color":"","background-image":"","background-repeat":"repeat","background-position":"center center","background-size":"auto","background-attachment":"scroll","background-type":"","background-media":"","overlay-type":"","overlay-color":"","overlay-opacity":"","overlay-gradient":""}},"ast-content-background-meta":{"desktop":{"background-color":"var(--ast-global-color-5)","background-image":"","background-repeat":"repeat","background-position":"center center","background-size":"auto","background-attachment":"scroll","background-type":"","background-media":"","overlay-type":"","overlay-color":"","overlay-opacity":"","overlay-gradient":""},"tablet":{"background-color":"var(--ast-global-color-5)","background-image":"","background-repeat":"repeat","background-position":"center center","background-size":"auto","background-attachment":"scroll","background-type":"","background-media":"","overlay-type":"","overlay-color":"","overlay-opacity":"","overlay-gradient":""},"mobile":{"background-color":"var(--ast-global-color-5)","background-image":"","background-repeat":"repeat","background-position":"center center","background-size":"auto","background-attachment":"scroll","background-type":"","background-media":"","overlay-type":"","overlay-color":"","overlay-opacity":"","overlay-gradient":""}},"footnotes":""},"categories":[3,1,110,29],"tags":[],"class_list":["post-2559","post","type-post","status-publish","format-standard","has-post-thumbnail","hentry","category-eso","category-general","category-orientacio","category-portada"],"post_mailing_queue_ids":[],"_links":{"self":[{"href":"https:\/\/agora.xtec.cat\/iesrafaelcampalans\/wp-json\/wp\/v2\/posts\/2559","targetHints":{"allow":["GET"]}}],"collection":[{"href":"https:\/\/agora.xtec.cat\/iesrafaelcampalans\/wp-json\/wp\/v2\/posts"}],"about":[{"href":"https:\/\/agora.xtec.cat\/iesrafaelcampalans\/wp-json\/wp\/v2\/types\/post"}],"author":[{"embeddable":true,"href":"https:\/\/agora.xtec.cat\/iesrafaelcampalans\/wp-json\/wp\/v2\/users\/6"}],"replies":[{"embeddable":true,"href":"https:\/\/agora.xtec.cat\/iesrafaelcampalans\/wp-json\/wp\/v2\/comments?post=2559"}],"version-history":[{"count":2,"href":"https:\/\/agora.xtec.cat\/iesrafaelcampalans\/wp-json\/wp\/v2\/posts\/2559\/revisions"}],"predecessor-version":[{"id":2562,"href":"https:\/\/agora.xtec.cat\/iesrafaelcampalans\/wp-json\/wp\/v2\/posts\/2559\/revisions\/2562"}],"wp:featuredmedia":[{"embeddable":true,"href":"https:\/\/agora.xtec.cat\/iesrafaelcampalans\/wp-json\/wp\/v2\/media\/2560"}],"wp:attachment":[{"href":"https:\/\/agora.xtec.cat\/iesrafaelcampalans\/wp-json\/wp\/v2\/media?parent=2559"}],"wp:term":[{"taxonomy":"category","embeddable":true,"href":"https:\/\/agora.xtec.cat\/iesrafaelcampalans\/wp-json\/wp\/v2\/categories?post=2559"},{"taxonomy":"post_tag","embeddable":true,"href":"https:\/\/agora.xtec.cat\/iesrafaelcampalans\/wp-json\/wp\/v2\/tags?post=2559"}],"curies":[{"name":"wp","href":"https:\/\/api.w.org\/{rel}","templated":true}]}}