{"id":2554,"date":"2018-05-04T08:58:02","date_gmt":"2018-05-04T06:58:02","guid":{"rendered":"http:\/\/agora.xtec.cat\/iesrafaelcampalans\/?p=2554"},"modified":"2018-05-04T08:58:02","modified_gmt":"2018-05-04T06:58:02","slug":"transtorns-alimentaris-en-ladolescencia","status":"publish","type":"post","link":"https:\/\/agora.xtec.cat\/iesrafaelcampalans\/general\/transtorns-alimentaris-en-ladolescencia\/","title":{"rendered":"Transtorns alimentaris en l&#8217;adolesc\u00e8ncia"},"content":{"rendered":"<p style=\"text-align: justify;\"><a href=\"http:\/\/agora.xtec.cat\/iesrafaelcampalans\/wp-content\/uploads\/usu1643\/2018\/05\/1322.jpg\"><img loading=\"lazy\" decoding=\"async\" class=\"size-full wp-image-2555 aligncenter\" src=\"http:\/\/agora.xtec.cat\/iesrafaelcampalans\/wp-content\/uploads\/usu1643\/2018\/05\/1322.jpg\" alt=\"\" width=\"750\" height=\"420\" srcset=\"https:\/\/agora.xtec.cat\/iesrafaelcampalans\/wp-content\/uploads\/usu1643\/2018\/05\/1322.jpg 750w, https:\/\/agora.xtec.cat\/iesrafaelcampalans\/wp-content\/uploads\/usu1643\/2018\/05\/1322-300x168.jpg 300w\" sizes=\"auto, (max-width: 750px) 100vw, 750px\" \/><\/a><\/p>\n<p style=\"text-align: justify;\">L\u2019anor\u00e8xia i la bul\u00edmia s\u00f3n dos trastorns alimentaris que es posen en evid\u00e8ncia, principalment, durant l\u2019adolesc\u00e8ncia. Detectar i tractar aquests dos trastorns que v\u00e9nen a ser dues cares de la mateixa moneda no \u00e9s gens f\u00e0cil perqu\u00e8 la persona que pateix aquestes malalties generalment les nega i no demana ajuda. La prevenci\u00f3 tampoc no \u00e9s senzilla perqu\u00e8 els seus or\u00edgens no s\u00f3n del tot clars i responen a m\u00faltiples causes.<\/p>\n<p style=\"text-align: justify;\">El psic\u00f2leg Pau Chapur, m\u00e0xim responsable de la Unitat de patologies aliment\u00e0ries de la cl\u00ednica Bofill (UPA) un centre de refer\u00e8ncia a Girona amb 17 anys d\u2019experi\u00e8ncia contrastada, ha ofert una xerrada als alumnes de 4t d\u2019ESO en la que ha exposat els canvis conductuals, psicol\u00f2gics i fisiol\u00f2gics que es produeixen en les persones afectades per aquesta malaltia, el 90% de les quals s\u00f3n noies.<\/p>\n<p style=\"text-align: justify;\"><a href=\"http:\/\/agora.xtec.cat\/iesrafaelcampalans\/wp-content\/uploads\/usu1643\/2018\/05\/sr-pablo-chapur.jpg\"><img loading=\"lazy\" decoding=\"async\" class=\"size-full wp-image-2556 aligncenter\" src=\"http:\/\/agora.xtec.cat\/iesrafaelcampalans\/wp-content\/uploads\/usu1643\/2018\/05\/sr-pablo-chapur.jpg\" alt=\"\" width=\"275\" height=\"275\" srcset=\"https:\/\/agora.xtec.cat\/iesrafaelcampalans\/wp-content\/uploads\/usu1643\/2018\/05\/sr-pablo-chapur.jpg 275w, https:\/\/agora.xtec.cat\/iesrafaelcampalans\/wp-content\/uploads\/usu1643\/2018\/05\/sr-pablo-chapur-150x150.jpg 150w\" sizes=\"auto, (max-width: 275px) 100vw, 275px\" \/><\/a><\/p>\n<p style=\"text-align: justify;\">La participaci\u00f3 en la xerrada d\u2019una pacient de l\u2019Hospital de dia de la cl\u00ednica Bofill que ha donat testimoni de la seva experi\u00e8ncia en primera persona, ha fet que aquesta xerrada esdevingu\u00e9s molt propera i pr\u00e0ctica per als alumnes, que en el torn final de l\u2019exposici\u00f3 han pogut preguntar tots els dubtes que tenien.<\/p>\n<p style=\"text-align: justify;\">De ben segur que aquesta xerrada haur\u00e0 resultat molt interessant i \u00fatil per tots els nois i noies que gr\u00e0cies a aquestes explicacions han pogut adquirir un coneixement m\u00e9s prec\u00eds d\u2019aquests trastorns alimentaris i desterrar alguns dels falsos mites que envolten aquestes patologies com, per exemple, que l\u2019anor\u00e8xia s\u2019associa sobretot amb el fet de no menjar i amb l\u2019estar prim. \u00a0Recordem que, tal i com ha explicat el sr. Chapur \u201cun diagn\u00f2stic preco\u00e7 \u00e9s el primer pas a una curaci\u00f3\u201d i, per tant, la import\u00e0ncia que t\u00e9 per als nostres adolescents con\u00e8ixer de primera m\u00e0 les principals caracter\u00edstiques d\u2019una malaltia mental tan present en la nostra societat.<\/p>\n<p style=\"text-align: justify;\"><a href=\"http:\/\/agora.xtec.cat\/iesrafaelcampalans\/wp-content\/uploads\/usu1643\/2018\/05\/Imagen-2.png\"><img loading=\"lazy\" decoding=\"async\" class=\"size-full wp-image-2557 aligncenter\" src=\"http:\/\/agora.xtec.cat\/iesrafaelcampalans\/wp-content\/uploads\/usu1643\/2018\/05\/Imagen-2.png\" alt=\"\" width=\"347\" height=\"315\" srcset=\"https:\/\/agora.xtec.cat\/iesrafaelcampalans\/wp-content\/uploads\/usu1643\/2018\/05\/Imagen-2.png 347w, https:\/\/agora.xtec.cat\/iesrafaelcampalans\/wp-content\/uploads\/usu1643\/2018\/05\/Imagen-2-300x272.png 300w\" sizes=\"auto, (max-width: 347px) 100vw, 347px\" \/><\/a><\/p>\n","protected":false},"excerpt":{"rendered":"<p>L\u2019anor\u00e8xia i la bul\u00edmia s\u00f3n dos trastorns alimentaris que es posen en evid\u00e8ncia, principalment, durant l\u2019adolesc\u00e8ncia. Detectar i tractar aquests dos trastorns que v\u00e9nen a ser dues cares de la mateixa moneda no \u00e9s gens f\u00e0cil perqu\u00e8 la persona que pateix aquestes malalties generalment les nega i no demana ajuda. La prevenci\u00f3 tampoc no \u00e9s [&hellip;]<\/p>\n","protected":false},"author":6,"featured_media":2555,"comment_status":"closed","ping_status":"closed","sticky":false,"template":"","format":"standard","meta":{"_bbp_topic_count":0,"_bbp_reply_count":0,"_bbp_total_topic_count":0,"_bbp_total_reply_count":0,"_bbp_voice_count":0,"_bbp_anonymous_reply_count":0,"_bbp_topic_count_hidden":0,"_bbp_reply_count_hidden":0,"_bbp_forum_subforum_count":0,"site-sidebar-layout":"default","site-content-layout":"","ast-site-content-layout":"","site-content-style":"default","site-sidebar-style":"default","ast-global-header-display":"","ast-banner-title-visibility":"","ast-main-header-display":"","ast-hfb-above-header-display":"","ast-hfb-below-header-display":"","ast-hfb-mobile-header-display":"","site-post-title":"","ast-breadcrumbs-content":"","ast-featured-img":"","footer-sml-layout":"","theme-transparent-header-meta":"","adv-header-id-meta":"","stick-header-meta":"","header-above-stick-meta":"","header-main-stick-meta":"","header-below-stick-meta":"","astra-migrate-meta-layouts":"default","ast-page-background-enabled":"default","ast-page-background-meta":{"desktop":{"background-color":"var(--ast-global-color-4)","background-image":"","background-repeat":"repeat","background-position":"center center","background-size":"auto","background-attachment":"scroll","background-type":"","background-media":"","overlay-type":"","overlay-color":"","overlay-opacity":"","overlay-gradient":""},"tablet":{"background-color":"","background-image":"","background-repeat":"repeat","background-position":"center center","background-size":"auto","background-attachment":"scroll","background-type":"","background-media":"","overlay-type":"","overlay-color":"","overlay-opacity":"","overlay-gradient":""},"mobile":{"background-color":"","background-image":"","background-repeat":"repeat","background-position":"center center","background-size":"auto","background-attachment":"scroll","background-type":"","background-media":"","overlay-type":"","overlay-color":"","overlay-opacity":"","overlay-gradient":""}},"ast-content-background-meta":{"desktop":{"background-color":"var(--ast-global-color-5)","background-image":"","background-repeat":"repeat","background-position":"center center","background-size":"auto","background-attachment":"scroll","background-type":"","background-media":"","overlay-type":"","overlay-color":"","overlay-opacity":"","overlay-gradient":""},"tablet":{"background-color":"var(--ast-global-color-5)","background-image":"","background-repeat":"repeat","background-position":"center center","background-size":"auto","background-attachment":"scroll","background-type":"","background-media":"","overlay-type":"","overlay-color":"","overlay-opacity":"","overlay-gradient":""},"mobile":{"background-color":"var(--ast-global-color-5)","background-image":"","background-repeat":"repeat","background-position":"center center","background-size":"auto","background-attachment":"scroll","background-type":"","background-media":"","overlay-type":"","overlay-color":"","overlay-opacity":"","overlay-gradient":""}},"footnotes":""},"categories":[3,1,29],"tags":[],"class_list":["post-2554","post","type-post","status-publish","format-standard","has-post-thumbnail","hentry","category-eso","category-general","category-portada"],"post_mailing_queue_ids":[],"_links":{"self":[{"href":"https:\/\/agora.xtec.cat\/iesrafaelcampalans\/wp-json\/wp\/v2\/posts\/2554","targetHints":{"allow":["GET"]}}],"collection":[{"href":"https:\/\/agora.xtec.cat\/iesrafaelcampalans\/wp-json\/wp\/v2\/posts"}],"about":[{"href":"https:\/\/agora.xtec.cat\/iesrafaelcampalans\/wp-json\/wp\/v2\/types\/post"}],"author":[{"embeddable":true,"href":"https:\/\/agora.xtec.cat\/iesrafaelcampalans\/wp-json\/wp\/v2\/users\/6"}],"replies":[{"embeddable":true,"href":"https:\/\/agora.xtec.cat\/iesrafaelcampalans\/wp-json\/wp\/v2\/comments?post=2554"}],"version-history":[{"count":1,"href":"https:\/\/agora.xtec.cat\/iesrafaelcampalans\/wp-json\/wp\/v2\/posts\/2554\/revisions"}],"predecessor-version":[{"id":2558,"href":"https:\/\/agora.xtec.cat\/iesrafaelcampalans\/wp-json\/wp\/v2\/posts\/2554\/revisions\/2558"}],"wp:featuredmedia":[{"embeddable":true,"href":"https:\/\/agora.xtec.cat\/iesrafaelcampalans\/wp-json\/wp\/v2\/media\/2555"}],"wp:attachment":[{"href":"https:\/\/agora.xtec.cat\/iesrafaelcampalans\/wp-json\/wp\/v2\/media?parent=2554"}],"wp:term":[{"taxonomy":"category","embeddable":true,"href":"https:\/\/agora.xtec.cat\/iesrafaelcampalans\/wp-json\/wp\/v2\/categories?post=2554"},{"taxonomy":"post_tag","embeddable":true,"href":"https:\/\/agora.xtec.cat\/iesrafaelcampalans\/wp-json\/wp\/v2\/tags?post=2554"}],"curies":[{"name":"wp","href":"https:\/\/api.w.org\/{rel}","templated":true}]}}