{"id":2374,"date":"2018-02-23T22:04:07","date_gmt":"2018-02-23T21:04:07","guid":{"rendered":"http:\/\/agora.xtec.cat\/iesrafaelcampalans\/?p=2374"},"modified":"2018-02-23T22:04:07","modified_gmt":"2018-02-23T21:04:07","slug":"problemes-a-lesprint-per-1r-i-2n-deso","status":"publish","type":"post","link":"https:\/\/agora.xtec.cat\/iesrafaelcampalans\/estudis\/eso\/problemes-a-lesprint-per-1r-i-2n-deso\/","title":{"rendered":"Problemes a l&#8217;esprint per 1r i 2n d&#8217;ESO"},"content":{"rendered":"<p style=\"text-align: justify;\">Aquest passat 21 de febrer una vintena d\u2019alumnes de 1r i 2n d\u2019ESO van participar en aquest concurs de Matem\u00e0tiques.\u00a0 \u00c9s\u00a0 un concurs\u00a0 que consisteix en resoldre uns\u00a0 problemes matem\u00e0tics en equip i en relleus\u00a0 ( la resposta d\u2019un problema serveix com a dada d\u2019un altra problema) on a part de la correcta resoluci\u00f3 de cadascuna de les proves, tamb\u00e9 es valora la velocitat en que s\u2019han contestat els problemes. \u00a0Malgrat que els alumnes van enviar les respostes correctes en\u00a0 50 minuts,\u00a0 no van obtenir cap premi, ja que es va cometre algun petit error.\u00a0 El m\u00e9s important no \u00e9s ser el guanyador, sin\u00f3 passar una bona estona resolent reptes matem\u00e0tics i tenir la satisfacci\u00f3 d\u2019haver participat i d\u2019 haver acabat en menys d\u2019un hora.<\/p>\n<p style=\"text-align: justify;\">Un exemple de problema de la prova seria: \u201cAvui \u00e9s el dia 21 de febre de\u00a0 2018. Quin dia, quin mes i quin any ser\u00e0 d\u2019aqu\u00ed 2018 dies?\u201d.<\/p>\n<p style=\"text-align: justify;\">Si teniu ganes de veure m\u00e9s problemes, podeu accedir als\u00a0 <a href=\"http:\/\/www.cangur.org\/esprint\/eso-petits-18\/activ\/\">problemes plantejats<\/a>\u00a0 (http:\/\/www.cangur.org\/esprint\/eso-petits-18\/activ\/)<\/p>\n<p style=\"text-align: justify;\">El passat 13 de desembre\u00a0 tamb\u00e9 vam participar a la mateixa prova,\u00a0 amb els alumnes de 3r i 4t d\u2019ESO.<\/p>\n","protected":false},"excerpt":{"rendered":"<p>Aquest passat 21 de febrer una vintena d\u2019alumnes de 1r i 2n d\u2019ESO van participar en aquest concurs de Matem\u00e0tiques.\u00a0 \u00c9s\u00a0 un concurs\u00a0 que consisteix en resoldre uns\u00a0 problemes matem\u00e0tics en equip i en relleus\u00a0 ( la resposta d\u2019un problema serveix com a dada d\u2019un altra problema) on a part de la correcta resoluci\u00f3 de [&hellip;]<\/p>\n","protected":false},"author":13,"featured_media":2375,"comment_status":"closed","ping_status":"closed","sticky":false,"template":"","format":"standard","meta":{"_bbp_topic_count":0,"_bbp_reply_count":0,"_bbp_total_topic_count":0,"_bbp_total_reply_count":0,"_bbp_voice_count":0,"_bbp_anonymous_reply_count":0,"_bbp_topic_count_hidden":0,"_bbp_reply_count_hidden":0,"_bbp_forum_subforum_count":0,"site-sidebar-layout":"default","site-content-layout":"","ast-site-content-layout":"","site-content-style":"default","site-sidebar-style":"default","ast-global-header-display":"","ast-banner-title-visibility":"","ast-main-header-display":"","ast-hfb-above-header-display":"","ast-hfb-below-header-display":"","ast-hfb-mobile-header-display":"","site-post-title":"","ast-breadcrumbs-content":"","ast-featured-img":"","footer-sml-layout":"","theme-transparent-header-meta":"","adv-header-id-meta":"","stick-header-meta":"","header-above-stick-meta":"","header-main-stick-meta":"","header-below-stick-meta":"","astra-migrate-meta-layouts":"default","ast-page-background-enabled":"default","ast-page-background-meta":{"desktop":{"background-color":"var(--ast-global-color-4)","background-image":"","background-repeat":"repeat","background-position":"center center","background-size":"auto","background-attachment":"scroll","background-type":"","background-media":"","overlay-type":"","overlay-color":"","overlay-opacity":"","overlay-gradient":""},"tablet":{"background-color":"","background-image":"","background-repeat":"repeat","background-position":"center center","background-size":"auto","background-attachment":"scroll","background-type":"","background-media":"","overlay-type":"","overlay-color":"","overlay-opacity":"","overlay-gradient":""},"mobile":{"background-color":"","background-image":"","background-repeat":"repeat","background-position":"center center","background-size":"auto","background-attachment":"scroll","background-type":"","background-media":"","overlay-type":"","overlay-color":"","overlay-opacity":"","overlay-gradient":""}},"ast-content-background-meta":{"desktop":{"background-color":"var(--ast-global-color-5)","background-image":"","background-repeat":"repeat","background-position":"center center","background-size":"auto","background-attachment":"scroll","background-type":"","background-media":"","overlay-type":"","overlay-color":"","overlay-opacity":"","overlay-gradient":""},"tablet":{"background-color":"var(--ast-global-color-5)","background-image":"","background-repeat":"repeat","background-position":"center center","background-size":"auto","background-attachment":"scroll","background-type":"","background-media":"","overlay-type":"","overlay-color":"","overlay-opacity":"","overlay-gradient":""},"mobile":{"background-color":"var(--ast-global-color-5)","background-image":"","background-repeat":"repeat","background-position":"center center","background-size":"auto","background-attachment":"scroll","background-type":"","background-media":"","overlay-type":"","overlay-color":"","overlay-opacity":"","overlay-gradient":""}},"footnotes":""},"categories":[3,115,29],"tags":[],"class_list":["post-2374","post","type-post","status-publish","format-standard","has-post-thumbnail","hentry","category-eso","category-matematiques","category-portada"],"post_mailing_queue_ids":[],"_links":{"self":[{"href":"https:\/\/agora.xtec.cat\/iesrafaelcampalans\/wp-json\/wp\/v2\/posts\/2374","targetHints":{"allow":["GET"]}}],"collection":[{"href":"https:\/\/agora.xtec.cat\/iesrafaelcampalans\/wp-json\/wp\/v2\/posts"}],"about":[{"href":"https:\/\/agora.xtec.cat\/iesrafaelcampalans\/wp-json\/wp\/v2\/types\/post"}],"author":[{"embeddable":true,"href":"https:\/\/agora.xtec.cat\/iesrafaelcampalans\/wp-json\/wp\/v2\/users\/13"}],"replies":[{"embeddable":true,"href":"https:\/\/agora.xtec.cat\/iesrafaelcampalans\/wp-json\/wp\/v2\/comments?post=2374"}],"version-history":[{"count":1,"href":"https:\/\/agora.xtec.cat\/iesrafaelcampalans\/wp-json\/wp\/v2\/posts\/2374\/revisions"}],"predecessor-version":[{"id":2376,"href":"https:\/\/agora.xtec.cat\/iesrafaelcampalans\/wp-json\/wp\/v2\/posts\/2374\/revisions\/2376"}],"wp:featuredmedia":[{"embeddable":true,"href":"https:\/\/agora.xtec.cat\/iesrafaelcampalans\/wp-json\/wp\/v2\/media\/2375"}],"wp:attachment":[{"href":"https:\/\/agora.xtec.cat\/iesrafaelcampalans\/wp-json\/wp\/v2\/media?parent=2374"}],"wp:term":[{"taxonomy":"category","embeddable":true,"href":"https:\/\/agora.xtec.cat\/iesrafaelcampalans\/wp-json\/wp\/v2\/categories?post=2374"},{"taxonomy":"post_tag","embeddable":true,"href":"https:\/\/agora.xtec.cat\/iesrafaelcampalans\/wp-json\/wp\/v2\/tags?post=2374"}],"curies":[{"name":"wp","href":"https:\/\/api.w.org\/{rel}","templated":true}]}}