{"id":2347,"date":"2018-02-15T12:32:44","date_gmt":"2018-02-15T11:32:44","guid":{"rendered":"http:\/\/agora.xtec.cat\/iesrafaelcampalans\/?p=2347"},"modified":"2018-02-15T12:41:05","modified_gmt":"2018-02-15T11:41:05","slug":"examens-de-recuperacio-de-cursos-anteriors","status":"publish","type":"post","link":"https:\/\/agora.xtec.cat\/iesrafaelcampalans\/general\/examens-de-recuperacio-de-cursos-anteriors\/","title":{"rendered":"EX\u00c0MENS DE RECUPERACI\u00d3 DE CURSOS ANTERIORS"},"content":{"rendered":"<p style=\"text-align: justify;\">Setmana del 19 al 23 de febrer de 2018<\/p>\n<p style=\"text-align: justify;\">Divendres 2 de mar\u00e7 de 2018<\/p>\n<p style=\"text-align: justify;\">Benvolgudes fam\u00edlies,<\/p>\n<p style=\"text-align: justify;\">us informem que, d\u2019acord amb els Departaments did\u00e0ctics del nostre centre, hem establert un per\u00edode d\u2019ex\u00e0mens de recuperaci\u00f3 de mat\u00e8ries de cursos anteriors que va del 19 de al 23 de febrer de 2018, al qual s\u2019hi afegeix el divendres 2 de mar\u00e7. Recordeu que abans de les vacances de Nadal us vam lliurar un butllet\u00ed on hi trobareu la relaci\u00f3 de mat\u00e8ries que t\u00e9 pendents de recuperar el vostre fill\/filla, la descripci\u00f3 de la feina proposada, les caracter\u00edstiques de les proves i els terminis corresponents al lliurament de les tasques. Els ex\u00e0mens es realitzaran en les dates, en els horaris i a les aules que figuren en el taula seg\u00fcent:<\/p>\n<p><a href=\"http:\/\/agora.xtec.cat\/iesrafaelcampalans\/wp-content\/uploads\/usu1643\/2018\/02\/horari_recuperacions.gif\"><img loading=\"lazy\" decoding=\"async\" class=\"size-full wp-image-2348 aligncenter\" src=\"http:\/\/agora.xtec.cat\/iesrafaelcampalans\/wp-content\/uploads\/usu1643\/2018\/02\/horari_recuperacions.gif\" alt=\"\" width=\"615\" height=\"299\" \/><\/a><\/p>\n","protected":false},"excerpt":{"rendered":"<p>Setmana del 19 al 23 de febrer de 2018 Divendres 2 de mar\u00e7 de 2018 Benvolgudes fam\u00edlies, us informem que, d\u2019acord amb els Departaments did\u00e0ctics del nostre centre, hem establert un per\u00edode d\u2019ex\u00e0mens de recuperaci\u00f3 de mat\u00e8ries de cursos anteriors que va del 19 de al 23 de febrer de 2018, al qual s\u2019hi afegeix [&hellip;]<\/p>\n","protected":false},"author":6,"featured_media":2349,"comment_status":"closed","ping_status":"closed","sticky":false,"template":"","format":"standard","meta":{"_bbp_topic_count":0,"_bbp_reply_count":0,"_bbp_total_topic_count":0,"_bbp_total_reply_count":0,"_bbp_voice_count":0,"_bbp_anonymous_reply_count":0,"_bbp_topic_count_hidden":0,"_bbp_reply_count_hidden":0,"_bbp_forum_subforum_count":0,"site-sidebar-layout":"default","site-content-layout":"","ast-site-content-layout":"","site-content-style":"default","site-sidebar-style":"default","ast-global-header-display":"","ast-banner-title-visibility":"","ast-main-header-display":"","ast-hfb-above-header-display":"","ast-hfb-below-header-display":"","ast-hfb-mobile-header-display":"","site-post-title":"","ast-breadcrumbs-content":"","ast-featured-img":"","footer-sml-layout":"","theme-transparent-header-meta":"","adv-header-id-meta":"","stick-header-meta":"","header-above-stick-meta":"","header-main-stick-meta":"","header-below-stick-meta":"","astra-migrate-meta-layouts":"default","ast-page-background-enabled":"default","ast-page-background-meta":{"desktop":{"background-color":"var(--ast-global-color-4)","background-image":"","background-repeat":"repeat","background-position":"center center","background-size":"auto","background-attachment":"scroll","background-type":"","background-media":"","overlay-type":"","overlay-color":"","overlay-opacity":"","overlay-gradient":""},"tablet":{"background-color":"","background-image":"","background-repeat":"repeat","background-position":"center center","background-size":"auto","background-attachment":"scroll","background-type":"","background-media":"","overlay-type":"","overlay-color":"","overlay-opacity":"","overlay-gradient":""},"mobile":{"background-color":"","background-image":"","background-repeat":"repeat","background-position":"center center","background-size":"auto","background-attachment":"scroll","background-type":"","background-media":"","overlay-type":"","overlay-color":"","overlay-opacity":"","overlay-gradient":""}},"ast-content-background-meta":{"desktop":{"background-color":"var(--ast-global-color-5)","background-image":"","background-repeat":"repeat","background-position":"center center","background-size":"auto","background-attachment":"scroll","background-type":"","background-media":"","overlay-type":"","overlay-color":"","overlay-opacity":"","overlay-gradient":""},"tablet":{"background-color":"var(--ast-global-color-5)","background-image":"","background-repeat":"repeat","background-position":"center center","background-size":"auto","background-attachment":"scroll","background-type":"","background-media":"","overlay-type":"","overlay-color":"","overlay-opacity":"","overlay-gradient":""},"mobile":{"background-color":"var(--ast-global-color-5)","background-image":"","background-repeat":"repeat","background-position":"center center","background-size":"auto","background-attachment":"scroll","background-type":"","background-media":"","overlay-type":"","overlay-color":"","overlay-opacity":"","overlay-gradient":""}},"footnotes":""},"categories":[3,1,29],"tags":[],"class_list":["post-2347","post","type-post","status-publish","format-standard","has-post-thumbnail","hentry","category-eso","category-general","category-portada"],"post_mailing_queue_ids":[],"_links":{"self":[{"href":"https:\/\/agora.xtec.cat\/iesrafaelcampalans\/wp-json\/wp\/v2\/posts\/2347","targetHints":{"allow":["GET"]}}],"collection":[{"href":"https:\/\/agora.xtec.cat\/iesrafaelcampalans\/wp-json\/wp\/v2\/posts"}],"about":[{"href":"https:\/\/agora.xtec.cat\/iesrafaelcampalans\/wp-json\/wp\/v2\/types\/post"}],"author":[{"embeddable":true,"href":"https:\/\/agora.xtec.cat\/iesrafaelcampalans\/wp-json\/wp\/v2\/users\/6"}],"replies":[{"embeddable":true,"href":"https:\/\/agora.xtec.cat\/iesrafaelcampalans\/wp-json\/wp\/v2\/comments?post=2347"}],"version-history":[{"count":3,"href":"https:\/\/agora.xtec.cat\/iesrafaelcampalans\/wp-json\/wp\/v2\/posts\/2347\/revisions"}],"predecessor-version":[{"id":2355,"href":"https:\/\/agora.xtec.cat\/iesrafaelcampalans\/wp-json\/wp\/v2\/posts\/2347\/revisions\/2355"}],"wp:featuredmedia":[{"embeddable":true,"href":"https:\/\/agora.xtec.cat\/iesrafaelcampalans\/wp-json\/wp\/v2\/media\/2349"}],"wp:attachment":[{"href":"https:\/\/agora.xtec.cat\/iesrafaelcampalans\/wp-json\/wp\/v2\/media?parent=2347"}],"wp:term":[{"taxonomy":"category","embeddable":true,"href":"https:\/\/agora.xtec.cat\/iesrafaelcampalans\/wp-json\/wp\/v2\/categories?post=2347"},{"taxonomy":"post_tag","embeddable":true,"href":"https:\/\/agora.xtec.cat\/iesrafaelcampalans\/wp-json\/wp\/v2\/tags?post=2347"}],"curies":[{"name":"wp","href":"https:\/\/api.w.org\/{rel}","templated":true}]}}