{"id":2263,"date":"2017-12-21T09:47:30","date_gmt":"2017-12-21T08:47:30","guid":{"rendered":"http:\/\/agora.xtec.cat\/iesrafaelcampalans\/?p=2263"},"modified":"2018-01-11T09:54:07","modified_gmt":"2018-01-11T08:54:07","slug":"viure-amb-la-postveritat","status":"publish","type":"post","link":"https:\/\/agora.xtec.cat\/iesrafaelcampalans\/estudis\/batxillerat\/viure-amb-la-postveritat\/","title":{"rendered":"Viure amb la postveritat"},"content":{"rendered":"<p style=\"text-align: justify;\"><a href=\"http:\/\/agora.xtec.cat\/iesrafaelcampalans\/wp-content\/uploads\/usu1643\/2018\/01\/Postveritat.jpg\"><img loading=\"lazy\" decoding=\"async\" class=\"alignnone size-large wp-image-2264\" src=\"http:\/\/agora.xtec.cat\/iesrafaelcampalans\/wp-content\/uploads\/usu1643\/2018\/01\/Postveritat-1024x330.jpg\" alt=\"\" width=\"1024\" height=\"330\" srcset=\"https:\/\/agora.xtec.cat\/iesrafaelcampalans\/wp-content\/uploads\/usu1643\/2018\/01\/Postveritat-1024x330.jpg 1024w, https:\/\/agora.xtec.cat\/iesrafaelcampalans\/wp-content\/uploads\/usu1643\/2018\/01\/Postveritat-300x97.jpg 300w, https:\/\/agora.xtec.cat\/iesrafaelcampalans\/wp-content\/uploads\/usu1643\/2018\/01\/Postveritat-768x248.jpg 768w, https:\/\/agora.xtec.cat\/iesrafaelcampalans\/wp-content\/uploads\/usu1643\/2018\/01\/Postveritat.jpg 1101w\" sizes=\"auto, (max-width: 1024px) 100vw, 1024px\" \/><\/a><\/p>\n<p style=\"text-align: justify;\">El passat divendres 15 de desembre els alumnes de 2n de batxillerat van participar a la Jornada de Filosofia 2017, aquest any dedicada a la veritat, la postveritat i la mentida.<\/p>\n<p style=\"text-align: justify;\">Es tracta d\u2019una Jornada acad\u00e8mica organitzada pels professorat de Filosofia dels centres participants (aquest any a m\u00e9s del nostre Institut, l\u2019Institut de Vilablareix, el Salvador Espriu de Salt, el Santa Eug\u00e8nia de Girona i el de Cass\u00e0) amb motiu del Dia Mundial de la Filosofia.<\/p>\n<p style=\"text-align: justify;\">Van preparar la Jornada llegint i comentant textos i reportatges sobre el tema, participant en el f\u00f2rum virtual de debat, elaborant comunicacions filos\u00f2fiques sobre <em>En un m\u00f3n de postveritats, com distingir els fets dels relats?<\/em> Durant la Jornada, a la facultat de lletres de la UdG, es va realitzar un debat en petits grups amb representants dels centres participants sobre el reportatge em\u00e8s per TV3 <em>Veritats de mentida<\/em>. Els grups van exposar la seves conclusions en sessi\u00f3 plen\u00e0ria. Despr\u00e8s d\u2019un magn\u00edfic esmorzar ofert per la C\u00e0tedra Ferrater Mora de pensament contemporani, ens vam traslladar a l\u2019auditori del Centre Cultural La Merc\u00e8 on vam poder seguir la confer\u00e8ncia del professor Nemrod Carrasco, conegut avui per ser l\u2019assessor filos\u00f2fic de la s\u00e8rie televisiva <em>Merl\u00ed<\/em>. Va reflexionar sobre la pres\u00e8ncia de la postveritat en el discurs pol\u00edtic i la publicitat i la necessitat de dotar-nos d\u2019eines i recursos per a combatre-la.<\/p>\n<p style=\"text-align: justify;\">Despr\u00e9s es van fer els reconeixements a les millors comunicacions dels alumnes. Del nostre centre van ser premiats en Pol Peracaula per la redacci\u00f3 <em>Enriquiu-vos de coneixements, observeu, escolteu i compareu<\/em>, i la Laura Vila per la redacci\u00f3 <em>Estem preparats per a la postveritat?<\/em><\/p>\n<p style=\"text-align: justify;\">La Jornada va finalitzar amb unes actuacions musicals a c\u00e0rrec de l\u2019alumnes de l\u2019INS de Cass\u00e0.<\/p>\n","protected":false},"excerpt":{"rendered":"<p>El passat divendres 15 de desembre els alumnes de 2n de batxillerat van participar a la Jornada de Filosofia 2017, aquest any dedicada a la veritat, la postveritat i la mentida. Es tracta d\u2019una Jornada acad\u00e8mica organitzada pels professorat de Filosofia dels centres participants (aquest any a m\u00e9s del nostre Institut, l\u2019Institut de Vilablareix, el [&hellip;]<\/p>\n","protected":false},"author":6,"featured_media":2264,"comment_status":"closed","ping_status":"closed","sticky":false,"template":"","format":"standard","meta":{"_bbp_topic_count":0,"_bbp_reply_count":0,"_bbp_total_topic_count":0,"_bbp_total_reply_count":0,"_bbp_voice_count":0,"_bbp_anonymous_reply_count":0,"_bbp_topic_count_hidden":0,"_bbp_reply_count_hidden":0,"_bbp_forum_subforum_count":0,"site-sidebar-layout":"default","site-content-layout":"","ast-site-content-layout":"","site-content-style":"default","site-sidebar-style":"default","ast-global-header-display":"","ast-banner-title-visibility":"","ast-main-header-display":"","ast-hfb-above-header-display":"","ast-hfb-below-header-display":"","ast-hfb-mobile-header-display":"","site-post-title":"","ast-breadcrumbs-content":"","ast-featured-img":"","footer-sml-layout":"","theme-transparent-header-meta":"","adv-header-id-meta":"","stick-header-meta":"","header-above-stick-meta":"","header-main-stick-meta":"","header-below-stick-meta":"","astra-migrate-meta-layouts":"default","ast-page-background-enabled":"default","ast-page-background-meta":{"desktop":{"background-color":"var(--ast-global-color-4)","background-image":"","background-repeat":"repeat","background-position":"center center","background-size":"auto","background-attachment":"scroll","background-type":"","background-media":"","overlay-type":"","overlay-color":"","overlay-opacity":"","overlay-gradient":""},"tablet":{"background-color":"","background-image":"","background-repeat":"repeat","background-position":"center center","background-size":"auto","background-attachment":"scroll","background-type":"","background-media":"","overlay-type":"","overlay-color":"","overlay-opacity":"","overlay-gradient":""},"mobile":{"background-color":"","background-image":"","background-repeat":"repeat","background-position":"center center","background-size":"auto","background-attachment":"scroll","background-type":"","background-media":"","overlay-type":"","overlay-color":"","overlay-opacity":"","overlay-gradient":""}},"ast-content-background-meta":{"desktop":{"background-color":"var(--ast-global-color-5)","background-image":"","background-repeat":"repeat","background-position":"center center","background-size":"auto","background-attachment":"scroll","background-type":"","background-media":"","overlay-type":"","overlay-color":"","overlay-opacity":"","overlay-gradient":""},"tablet":{"background-color":"var(--ast-global-color-5)","background-image":"","background-repeat":"repeat","background-position":"center center","background-size":"auto","background-attachment":"scroll","background-type":"","background-media":"","overlay-type":"","overlay-color":"","overlay-opacity":"","overlay-gradient":""},"mobile":{"background-color":"var(--ast-global-color-5)","background-image":"","background-repeat":"repeat","background-position":"center center","background-size":"auto","background-attachment":"scroll","background-type":"","background-media":"","overlay-type":"","overlay-color":"","overlay-opacity":"","overlay-gradient":""}},"footnotes":""},"categories":[8,112,29],"tags":[],"class_list":["post-2263","post","type-post","status-publish","format-standard","has-post-thumbnail","hentry","category-batxillerat","category-socials","category-portada"],"post_mailing_queue_ids":[],"_links":{"self":[{"href":"https:\/\/agora.xtec.cat\/iesrafaelcampalans\/wp-json\/wp\/v2\/posts\/2263","targetHints":{"allow":["GET"]}}],"collection":[{"href":"https:\/\/agora.xtec.cat\/iesrafaelcampalans\/wp-json\/wp\/v2\/posts"}],"about":[{"href":"https:\/\/agora.xtec.cat\/iesrafaelcampalans\/wp-json\/wp\/v2\/types\/post"}],"author":[{"embeddable":true,"href":"https:\/\/agora.xtec.cat\/iesrafaelcampalans\/wp-json\/wp\/v2\/users\/6"}],"replies":[{"embeddable":true,"href":"https:\/\/agora.xtec.cat\/iesrafaelcampalans\/wp-json\/wp\/v2\/comments?post=2263"}],"version-history":[{"count":1,"href":"https:\/\/agora.xtec.cat\/iesrafaelcampalans\/wp-json\/wp\/v2\/posts\/2263\/revisions"}],"predecessor-version":[{"id":2265,"href":"https:\/\/agora.xtec.cat\/iesrafaelcampalans\/wp-json\/wp\/v2\/posts\/2263\/revisions\/2265"}],"wp:featuredmedia":[{"embeddable":true,"href":"https:\/\/agora.xtec.cat\/iesrafaelcampalans\/wp-json\/wp\/v2\/media\/2264"}],"wp:attachment":[{"href":"https:\/\/agora.xtec.cat\/iesrafaelcampalans\/wp-json\/wp\/v2\/media?parent=2263"}],"wp:term":[{"taxonomy":"category","embeddable":true,"href":"https:\/\/agora.xtec.cat\/iesrafaelcampalans\/wp-json\/wp\/v2\/categories?post=2263"},{"taxonomy":"post_tag","embeddable":true,"href":"https:\/\/agora.xtec.cat\/iesrafaelcampalans\/wp-json\/wp\/v2\/tags?post=2263"}],"curies":[{"name":"wp","href":"https:\/\/api.w.org\/{rel}","templated":true}]}}