{"id":2217,"date":"2017-11-08T18:17:33","date_gmt":"2017-11-08T17:17:33","guid":{"rendered":"http:\/\/agora.xtec.cat\/iesrafaelcampalans\/?p=2217"},"modified":"2017-12-03T10:25:49","modified_gmt":"2017-12-03T09:25:49","slug":"la-sexualitat-dels-i-les-adolescents","status":"publish","type":"post","link":"https:\/\/agora.xtec.cat\/iesrafaelcampalans\/portada\/la-sexualitat-dels-i-les-adolescents\/","title":{"rendered":"La sexualitat dels i les adolescents"},"content":{"rendered":"<div style=\"text-align: justify;\">\n<p><a href=\"http:\/\/agora.xtec.cat\/iesrafaelcampalans\/wp-content\/uploads\/usu1643\/2017\/11\/IMG-20171107-WA0032.jpeg\"><img loading=\"lazy\" decoding=\"async\" class=\"size-full wp-image-2218\" src=\"http:\/\/agora.xtec.cat\/iesrafaelcampalans\/wp-content\/uploads\/usu1643\/2017\/11\/IMG-20171107-WA0032.jpeg\" alt=\"\" width=\"800\" height=\"449\" srcset=\"https:\/\/agora.xtec.cat\/iesrafaelcampalans\/wp-content\/uploads\/usu1643\/2017\/11\/IMG-20171107-WA0032.jpeg 800w, https:\/\/agora.xtec.cat\/iesrafaelcampalans\/wp-content\/uploads\/usu1643\/2017\/11\/IMG-20171107-WA0032-300x168.jpeg 300w, https:\/\/agora.xtec.cat\/iesrafaelcampalans\/wp-content\/uploads\/usu1643\/2017\/11\/IMG-20171107-WA0032-768x431.jpeg 768w\" sizes=\"auto, (max-width: 800px) 100vw, 800px\" \/><\/a><\/p>\n<\/div>\n<div style=\"text-align: justify;\">El dimarts 7 de novembre es va dur a terme una xerrada-taller sobre &#8220;Com acompanyar la sexualitat dels i les adolescents&#8221;, dirigida a pares i mares.\u00a0Si no vau poder assistir a la sessi\u00f3, podeu trobar articles interessants al blog de la psic\u00f2loga Anna Salvia, a c\u00e0rrec de qui va anar la sessi\u00f3:\u00a0<a href=\"https:\/\/viajealciclomenstrual.wordpress.com\/\" target=\"_blank\" rel=\"noopener noreferrer\" data-saferedirecturl=\"https:\/\/www.google.com\/url?hl=ca&amp;q=https:\/\/viajealciclomenstrual.wordpress.com&amp;source=gmail&amp;ust=1512147915305000&amp;usg=AFQjCNEq8LaGv6laoeJE6rvxCwqdWzTWpQ\">https:\/\/viajealciclomenstrual.<wbr \/>wordpress.com<\/a>.\u00a0L&#8217;activitat, organitzada per l&#8217;AMPA, es va dur a terme a la Biblioteca <a href=\"http:\/\/www.bibgirona.cat\/biblioteca\/angles\" target=\"_blank\" rel=\"noopener noreferrer\">Joaquim Bauxell\u00a0d&#8217;Angl\u00e8s<\/a> amb la col\u00b7laboraci\u00f3 de l&#8217;Institut Rafael Campalans i l&#8217;Ajuntament d&#8217;Angl\u00e8s. Una altra activitat interessant\u00edssima!<\/div>\n","protected":false},"excerpt":{"rendered":"<p>El dimarts 7 de novembre es va dur a terme una xerrada-taller sobre &#8220;Com acompanyar la sexualitat dels i les adolescents&#8221;, dirigida a pares i mares.\u00a0Si no vau poder assistir a la sessi\u00f3, podeu trobar articles interessants al blog de la psic\u00f2loga Anna Salvia, a c\u00e0rrec de qui va anar la sessi\u00f3:\u00a0https:\/\/viajealciclomenstrual.wordpress.com.\u00a0L&#8217;activitat, organitzada per l&#8217;AMPA, [&hellip;]<\/p>\n","protected":false},"author":6,"featured_media":2218,"comment_status":"closed","ping_status":"closed","sticky":false,"template":"","format":"standard","meta":{"_bbp_topic_count":0,"_bbp_reply_count":0,"_bbp_total_topic_count":0,"_bbp_total_reply_count":0,"_bbp_voice_count":0,"_bbp_anonymous_reply_count":0,"_bbp_topic_count_hidden":0,"_bbp_reply_count_hidden":0,"_bbp_forum_subforum_count":0,"site-sidebar-layout":"default","site-content-layout":"","ast-site-content-layout":"","site-content-style":"default","site-sidebar-style":"default","ast-global-header-display":"","ast-banner-title-visibility":"","ast-main-header-display":"","ast-hfb-above-header-display":"","ast-hfb-below-header-display":"","ast-hfb-mobile-header-display":"","site-post-title":"","ast-breadcrumbs-content":"","ast-featured-img":"","footer-sml-layout":"","theme-transparent-header-meta":"","adv-header-id-meta":"","stick-header-meta":"","header-above-stick-meta":"","header-main-stick-meta":"","header-below-stick-meta":"","astra-migrate-meta-layouts":"default","ast-page-background-enabled":"default","ast-page-background-meta":{"desktop":{"background-color":"var(--ast-global-color-4)","background-image":"","background-repeat":"repeat","background-position":"center center","background-size":"auto","background-attachment":"scroll","background-type":"","background-media":"","overlay-type":"","overlay-color":"","overlay-opacity":"","overlay-gradient":""},"tablet":{"background-color":"","background-image":"","background-repeat":"repeat","background-position":"center center","background-size":"auto","background-attachment":"scroll","background-type":"","background-media":"","overlay-type":"","overlay-color":"","overlay-opacity":"","overlay-gradient":""},"mobile":{"background-color":"","background-image":"","background-repeat":"repeat","background-position":"center center","background-size":"auto","background-attachment":"scroll","background-type":"","background-media":"","overlay-type":"","overlay-color":"","overlay-opacity":"","overlay-gradient":""}},"ast-content-background-meta":{"desktop":{"background-color":"var(--ast-global-color-5)","background-image":"","background-repeat":"repeat","background-position":"center center","background-size":"auto","background-attachment":"scroll","background-type":"","background-media":"","overlay-type":"","overlay-color":"","overlay-opacity":"","overlay-gradient":""},"tablet":{"background-color":"var(--ast-global-color-5)","background-image":"","background-repeat":"repeat","background-position":"center center","background-size":"auto","background-attachment":"scroll","background-type":"","background-media":"","overlay-type":"","overlay-color":"","overlay-opacity":"","overlay-gradient":""},"mobile":{"background-color":"var(--ast-global-color-5)","background-image":"","background-repeat":"repeat","background-position":"center center","background-size":"auto","background-attachment":"scroll","background-type":"","background-media":"","overlay-type":"","overlay-color":"","overlay-opacity":"","overlay-gradient":""}},"footnotes":""},"categories":[31,29],"tags":[],"class_list":["post-2217","post","type-post","status-publish","format-standard","has-post-thumbnail","hentry","category-ampa","category-portada"],"post_mailing_queue_ids":[],"_links":{"self":[{"href":"https:\/\/agora.xtec.cat\/iesrafaelcampalans\/wp-json\/wp\/v2\/posts\/2217","targetHints":{"allow":["GET"]}}],"collection":[{"href":"https:\/\/agora.xtec.cat\/iesrafaelcampalans\/wp-json\/wp\/v2\/posts"}],"about":[{"href":"https:\/\/agora.xtec.cat\/iesrafaelcampalans\/wp-json\/wp\/v2\/types\/post"}],"author":[{"embeddable":true,"href":"https:\/\/agora.xtec.cat\/iesrafaelcampalans\/wp-json\/wp\/v2\/users\/6"}],"replies":[{"embeddable":true,"href":"https:\/\/agora.xtec.cat\/iesrafaelcampalans\/wp-json\/wp\/v2\/comments?post=2217"}],"version-history":[{"count":2,"href":"https:\/\/agora.xtec.cat\/iesrafaelcampalans\/wp-json\/wp\/v2\/posts\/2217\/revisions"}],"predecessor-version":[{"id":2244,"href":"https:\/\/agora.xtec.cat\/iesrafaelcampalans\/wp-json\/wp\/v2\/posts\/2217\/revisions\/2244"}],"wp:featuredmedia":[{"embeddable":true,"href":"https:\/\/agora.xtec.cat\/iesrafaelcampalans\/wp-json\/wp\/v2\/media\/2218"}],"wp:attachment":[{"href":"https:\/\/agora.xtec.cat\/iesrafaelcampalans\/wp-json\/wp\/v2\/media?parent=2217"}],"wp:term":[{"taxonomy":"category","embeddable":true,"href":"https:\/\/agora.xtec.cat\/iesrafaelcampalans\/wp-json\/wp\/v2\/categories?post=2217"},{"taxonomy":"post_tag","embeddable":true,"href":"https:\/\/agora.xtec.cat\/iesrafaelcampalans\/wp-json\/wp\/v2\/tags?post=2217"}],"curies":[{"name":"wp","href":"https:\/\/api.w.org\/{rel}","templated":true}]}}