{"id":2159,"date":"2017-11-07T15:05:16","date_gmt":"2017-11-07T14:05:16","guid":{"rendered":"http:\/\/agora.xtec.cat\/iesrafaelcampalans\/?p=2159"},"modified":"2017-11-10T16:14:33","modified_gmt":"2017-11-10T15:14:33","slug":"vaga-dalumnes-7-de-novembre","status":"publish","type":"post","link":"https:\/\/agora.xtec.cat\/iesrafaelcampalans\/portada\/vaga-dalumnes-7-de-novembre\/","title":{"rendered":"Vaga d&#8217;alumnes (7 de novembre)"},"content":{"rendered":"<p style=\"text-align: justify;\">Benvolgudes fam\u00edlies,<\/p>\n<p style=\"text-align: justify;\">La Intersindical-CSC ha convocat una vaga general pel dimecres dia 8 de novembre contra la regressi\u00f3 dels drets socials i la precarietat laboral i el decret aprovat pel Govern que facilita el trasllat d\u2019empreses establertes a Catalunya a altres comunitats a la que s\u2019hi ha sumat el sindicat majoritari de l\u2019ensenyament a Catalunya, la Uni\u00f3 de Sindicats de Treballadors\/es de l\u2019ensenyament de Catalunya (USTEC-STEs). Tamb\u00e9 el Sindicat d\u2019Estudiants han fet una crida a tots els estudiants d\u2019instituts i universitats a reprendre la mobilitzaci\u00f3, i fer vaga el mateix 8 de novembre.<\/p>\n<p style=\"text-align: justify;\">Us informem que amb les dades que tenim en aquest moment ja estem en disposici\u00f3 de comunicar-vos que part del professorat far\u00e0 vaga i que els serveis m\u00ednims estaran garantits (una persona de l\u2019equip directiu); d\u2019altra banda, el servei de transport escolar es mant\u00e9.<\/p>\n<p style=\"text-align: justify;\">At\u00e8s que l\u2019alumnat ha sol\u00b7licitat d\u2019adherir-se a la vaga, aquesta mateixa direcci\u00f3 ho comunica a les fam\u00edlies i sol\u00b7licita que, en cas que hi estigueu d\u2019acord, autoritzeu els vostres fills a no assistir a l\u2019Institut l\u2019esmentat dimecres, 8 de novembre, mitjan\u00e7ant l\u2019impr\u00e8s que els hi hem facilitat i que es recollir\u00e0 l\u2019endem\u00e0. D\u2019altra banda, us recordem que els alumnes de 1r i 2n d\u2019ESO no poden demanar d\u2019adherir-se a les convocat\u00f2ries de vaga, de manera que \u00e9s decisi\u00f3 de la fam\u00edlia si justifica la seva abs\u00e8ncia en el centre.<\/p>\n<p style=\"text-align: justify;\">Moltes gr\u00e0cies per la vostra col\u00b7laboraci\u00f3,<\/p>\n<p style=\"text-align: justify;\">Equip directiu<\/p>\n","protected":false},"excerpt":{"rendered":"<p>Benvolgudes fam\u00edlies, La Intersindical-CSC ha convocat una vaga general pel dimecres dia 8 de novembre contra la regressi\u00f3 dels drets socials i la precarietat laboral i el decret aprovat pel Govern que facilita el trasllat d\u2019empreses establertes a Catalunya a altres comunitats a la que s\u2019hi ha sumat el sindicat majoritari de l\u2019ensenyament a Catalunya, [&hellip;]<\/p>\n","protected":false},"author":6,"featured_media":0,"comment_status":"closed","ping_status":"closed","sticky":false,"template":"","format":"standard","meta":{"_bbp_topic_count":0,"_bbp_reply_count":0,"_bbp_total_topic_count":0,"_bbp_total_reply_count":0,"_bbp_voice_count":0,"_bbp_anonymous_reply_count":0,"_bbp_topic_count_hidden":0,"_bbp_reply_count_hidden":0,"_bbp_forum_subforum_count":0,"site-sidebar-layout":"default","site-content-layout":"","ast-site-content-layout":"","site-content-style":"default","site-sidebar-style":"default","ast-global-header-display":"","ast-banner-title-visibility":"","ast-main-header-display":"","ast-hfb-above-header-display":"","ast-hfb-below-header-display":"","ast-hfb-mobile-header-display":"","site-post-title":"","ast-breadcrumbs-content":"","ast-featured-img":"","footer-sml-layout":"","theme-transparent-header-meta":"","adv-header-id-meta":"","stick-header-meta":"","header-above-stick-meta":"","header-main-stick-meta":"","header-below-stick-meta":"","astra-migrate-meta-layouts":"default","ast-page-background-enabled":"default","ast-page-background-meta":{"desktop":{"background-color":"var(--ast-global-color-4)","background-image":"","background-repeat":"repeat","background-position":"center center","background-size":"auto","background-attachment":"scroll","background-type":"","background-media":"","overlay-type":"","overlay-color":"","overlay-opacity":"","overlay-gradient":""},"tablet":{"background-color":"","background-image":"","background-repeat":"repeat","background-position":"center center","background-size":"auto","background-attachment":"scroll","background-type":"","background-media":"","overlay-type":"","overlay-color":"","overlay-opacity":"","overlay-gradient":""},"mobile":{"background-color":"","background-image":"","background-repeat":"repeat","background-position":"center center","background-size":"auto","background-attachment":"scroll","background-type":"","background-media":"","overlay-type":"","overlay-color":"","overlay-opacity":"","overlay-gradient":""}},"ast-content-background-meta":{"desktop":{"background-color":"var(--ast-global-color-5)","background-image":"","background-repeat":"repeat","background-position":"center center","background-size":"auto","background-attachment":"scroll","background-type":"","background-media":"","overlay-type":"","overlay-color":"","overlay-opacity":"","overlay-gradient":""},"tablet":{"background-color":"var(--ast-global-color-5)","background-image":"","background-repeat":"repeat","background-position":"center center","background-size":"auto","background-attachment":"scroll","background-type":"","background-media":"","overlay-type":"","overlay-color":"","overlay-opacity":"","overlay-gradient":""},"mobile":{"background-color":"var(--ast-global-color-5)","background-image":"","background-repeat":"repeat","background-position":"center center","background-size":"auto","background-attachment":"scroll","background-type":"","background-media":"","overlay-type":"","overlay-color":"","overlay-opacity":"","overlay-gradient":""}},"footnotes":""},"categories":[29],"tags":[],"class_list":["post-2159","post","type-post","status-publish","format-standard","hentry","category-portada"],"post_mailing_queue_ids":[],"_links":{"self":[{"href":"https:\/\/agora.xtec.cat\/iesrafaelcampalans\/wp-json\/wp\/v2\/posts\/2159","targetHints":{"allow":["GET"]}}],"collection":[{"href":"https:\/\/agora.xtec.cat\/iesrafaelcampalans\/wp-json\/wp\/v2\/posts"}],"about":[{"href":"https:\/\/agora.xtec.cat\/iesrafaelcampalans\/wp-json\/wp\/v2\/types\/post"}],"author":[{"embeddable":true,"href":"https:\/\/agora.xtec.cat\/iesrafaelcampalans\/wp-json\/wp\/v2\/users\/6"}],"replies":[{"embeddable":true,"href":"https:\/\/agora.xtec.cat\/iesrafaelcampalans\/wp-json\/wp\/v2\/comments?post=2159"}],"version-history":[{"count":2,"href":"https:\/\/agora.xtec.cat\/iesrafaelcampalans\/wp-json\/wp\/v2\/posts\/2159\/revisions"}],"predecessor-version":[{"id":2161,"href":"https:\/\/agora.xtec.cat\/iesrafaelcampalans\/wp-json\/wp\/v2\/posts\/2159\/revisions\/2161"}],"wp:attachment":[{"href":"https:\/\/agora.xtec.cat\/iesrafaelcampalans\/wp-json\/wp\/v2\/media?parent=2159"}],"wp:term":[{"taxonomy":"category","embeddable":true,"href":"https:\/\/agora.xtec.cat\/iesrafaelcampalans\/wp-json\/wp\/v2\/categories?post=2159"},{"taxonomy":"post_tag","embeddable":true,"href":"https:\/\/agora.xtec.cat\/iesrafaelcampalans\/wp-json\/wp\/v2\/tags?post=2159"}],"curies":[{"name":"wp","href":"https:\/\/api.w.org\/{rel}","templated":true}]}}