{"id":2155,"date":"2017-11-03T14:44:01","date_gmt":"2017-11-03T13:44:01","guid":{"rendered":"http:\/\/agora.xtec.cat\/iesrafaelcampalans\/?p=2155"},"modified":"2017-11-10T16:07:27","modified_gmt":"2017-11-10T15:07:27","slug":"com-acompanyar-la-sexualitat-dels-i-les-adolescents","status":"publish","type":"post","link":"https:\/\/agora.xtec.cat\/iesrafaelcampalans\/portada\/com-acompanyar-la-sexualitat-dels-i-les-adolescents\/","title":{"rendered":"Com acompanyar la sexualitat dels i les adolescents"},"content":{"rendered":"<p>Benvolgudes i benvolguts,<\/p>\n<p>Us fem a mans informaci\u00f3 sobre una confer\u00e8ncia organitzada per l&#8217;AMPA de l&#8217;Institut Rafael Campalans que de ben segur ser\u00e0 del vostre inter\u00e8s.<\/p>\n<p><strong>T\u00edtol i conferenciant<\/strong>: Com acompanyar la sexualitat dels i les adolescents, a c\u00e0rrec de la psic\u00f2loga Anna Salvia<br \/>\n<strong>Dia i hora<\/strong>: Dimarts 7 de novembre del 2017, a les 19.30 h<br \/>\n<strong>Lloc<\/strong>: Biblioteca d&#8217;Angl\u00e8s Joaquim Bauxell<br \/>\n<strong>Durada de la sessi\u00f3<\/strong>: 2 h<br \/>\n<strong>Ho organitza<\/strong>: AMPA INS Rafael Campalans<br \/>\n<strong>Amb la col\u00b7laboraci\u00f3 de<\/strong>: Institut Rafael Campalans i Ajuntament d&#8217;Angl\u00e8s<\/p>\n<p><a href=\"http:\/\/agora.xtec.cat\/iesrafaelcampalans\/wp-content\/uploads\/usu1643\/2017\/11\/Confer\u00e8ncia-sexualitat.jpg\"><img loading=\"lazy\" decoding=\"async\" class=\"aligncenter wp-image-2156\" src=\"http:\/\/agora.xtec.cat\/iesrafaelcampalans\/wp-content\/uploads\/usu1643\/2017\/11\/Confer\u00e8ncia-sexualitat-724x1024.jpg\" alt=\"\" width=\"495\" height=\"700\" srcset=\"https:\/\/agora.xtec.cat\/iesrafaelcampalans\/wp-content\/uploads\/usu1643\/2017\/11\/Confer\u00e8ncia-sexualitat.jpg 724w, https:\/\/agora.xtec.cat\/iesrafaelcampalans\/wp-content\/uploads\/usu1643\/2017\/11\/Confer\u00e8ncia-sexualitat-212x300.jpg 212w\" sizes=\"auto, (max-width: 495px) 100vw, 495px\" \/><\/a><\/p>\n<p>Salutacions cordials,<br \/>\nAssociaci\u00f3 de Mares i Pares de l&#8217;Institut Rafael Campalans<\/p>\n","protected":false},"excerpt":{"rendered":"<p>Benvolgudes i benvolguts, Us fem a mans informaci\u00f3 sobre una confer\u00e8ncia organitzada per l&#8217;AMPA de l&#8217;Institut Rafael Campalans que de ben segur ser\u00e0 del vostre inter\u00e8s. T\u00edtol i conferenciant: Com acompanyar la sexualitat dels i les adolescents, a c\u00e0rrec de la psic\u00f2loga Anna Salvia Dia i hora: Dimarts 7 de novembre del 2017, a les [&hellip;]<\/p>\n","protected":false},"author":1,"featured_media":2156,"comment_status":"closed","ping_status":"closed","sticky":false,"template":"","format":"standard","meta":{"_bbp_topic_count":0,"_bbp_reply_count":0,"_bbp_total_topic_count":0,"_bbp_total_reply_count":0,"_bbp_voice_count":0,"_bbp_anonymous_reply_count":0,"_bbp_topic_count_hidden":0,"_bbp_reply_count_hidden":0,"_bbp_forum_subforum_count":0,"site-sidebar-layout":"default","site-content-layout":"","ast-site-content-layout":"","site-content-style":"default","site-sidebar-style":"default","ast-global-header-display":"","ast-banner-title-visibility":"","ast-main-header-display":"","ast-hfb-above-header-display":"","ast-hfb-below-header-display":"","ast-hfb-mobile-header-display":"","site-post-title":"","ast-breadcrumbs-content":"","ast-featured-img":"","footer-sml-layout":"","theme-transparent-header-meta":"","adv-header-id-meta":"","stick-header-meta":"","header-above-stick-meta":"","header-main-stick-meta":"","header-below-stick-meta":"","astra-migrate-meta-layouts":"default","ast-page-background-enabled":"default","ast-page-background-meta":{"desktop":{"background-color":"var(--ast-global-color-4)","background-image":"","background-repeat":"repeat","background-position":"center center","background-size":"auto","background-attachment":"scroll","background-type":"","background-media":"","overlay-type":"","overlay-color":"","overlay-opacity":"","overlay-gradient":""},"tablet":{"background-color":"","background-image":"","background-repeat":"repeat","background-position":"center center","background-size":"auto","background-attachment":"scroll","background-type":"","background-media":"","overlay-type":"","overlay-color":"","overlay-opacity":"","overlay-gradient":""},"mobile":{"background-color":"","background-image":"","background-repeat":"repeat","background-position":"center center","background-size":"auto","background-attachment":"scroll","background-type":"","background-media":"","overlay-type":"","overlay-color":"","overlay-opacity":"","overlay-gradient":""}},"ast-content-background-meta":{"desktop":{"background-color":"var(--ast-global-color-5)","background-image":"","background-repeat":"repeat","background-position":"center center","background-size":"auto","background-attachment":"scroll","background-type":"","background-media":"","overlay-type":"","overlay-color":"","overlay-opacity":"","overlay-gradient":""},"tablet":{"background-color":"var(--ast-global-color-5)","background-image":"","background-repeat":"repeat","background-position":"center center","background-size":"auto","background-attachment":"scroll","background-type":"","background-media":"","overlay-type":"","overlay-color":"","overlay-opacity":"","overlay-gradient":""},"mobile":{"background-color":"var(--ast-global-color-5)","background-image":"","background-repeat":"repeat","background-position":"center center","background-size":"auto","background-attachment":"scroll","background-type":"","background-media":"","overlay-type":"","overlay-color":"","overlay-opacity":"","overlay-gradient":""}},"footnotes":""},"categories":[31,29],"tags":[],"class_list":["post-2155","post","type-post","status-publish","format-standard","has-post-thumbnail","hentry","category-ampa","category-portada"],"post_mailing_queue_ids":[],"_links":{"self":[{"href":"https:\/\/agora.xtec.cat\/iesrafaelcampalans\/wp-json\/wp\/v2\/posts\/2155","targetHints":{"allow":["GET"]}}],"collection":[{"href":"https:\/\/agora.xtec.cat\/iesrafaelcampalans\/wp-json\/wp\/v2\/posts"}],"about":[{"href":"https:\/\/agora.xtec.cat\/iesrafaelcampalans\/wp-json\/wp\/v2\/types\/post"}],"author":[{"embeddable":true,"href":"https:\/\/agora.xtec.cat\/iesrafaelcampalans\/wp-json\/wp\/v2\/users\/1"}],"replies":[{"embeddable":true,"href":"https:\/\/agora.xtec.cat\/iesrafaelcampalans\/wp-json\/wp\/v2\/comments?post=2155"}],"version-history":[{"count":2,"href":"https:\/\/agora.xtec.cat\/iesrafaelcampalans\/wp-json\/wp\/v2\/posts\/2155\/revisions"}],"predecessor-version":[{"id":2158,"href":"https:\/\/agora.xtec.cat\/iesrafaelcampalans\/wp-json\/wp\/v2\/posts\/2155\/revisions\/2158"}],"wp:featuredmedia":[{"embeddable":true,"href":"https:\/\/agora.xtec.cat\/iesrafaelcampalans\/wp-json\/wp\/v2\/media\/2156"}],"wp:attachment":[{"href":"https:\/\/agora.xtec.cat\/iesrafaelcampalans\/wp-json\/wp\/v2\/media?parent=2155"}],"wp:term":[{"taxonomy":"category","embeddable":true,"href":"https:\/\/agora.xtec.cat\/iesrafaelcampalans\/wp-json\/wp\/v2\/categories?post=2155"},{"taxonomy":"post_tag","embeddable":true,"href":"https:\/\/agora.xtec.cat\/iesrafaelcampalans\/wp-json\/wp\/v2\/tags?post=2155"}],"curies":[{"name":"wp","href":"https:\/\/api.w.org\/{rel}","templated":true}]}}