{"id":2118,"date":"2017-10-11T09:34:25","date_gmt":"2017-10-11T07:34:25","guid":{"rendered":"http:\/\/agora.xtec.cat\/iesrafaelcampalans\/?p=2118"},"modified":"2017-10-11T09:35:28","modified_gmt":"2017-10-11T07:35:28","slug":"concentracions-del-2-doctubre","status":"publish","type":"post","link":"https:\/\/agora.xtec.cat\/iesrafaelcampalans\/portada\/concentracions-del-2-doctubre\/","title":{"rendered":"Concentracions del 2 d&#8217;octubre"},"content":{"rendered":"<p style=\"text-align: justify;\">El passat dia 2 d\u2019octubre, l\u2019Institut Rafael Campalans va unir-se a les nombros\u00edssimes concentracions per condemnar la viol\u00e8ncia. Aqu\u00ed podeu veure una imatge dels alumnes d\u2019ESO i Batxillerat, al mat\u00ed, i una altra dels alumnes de Cicles, a la tarda.<\/p>\n<p><img loading=\"lazy\" decoding=\"async\" class=\"size-full wp-image-2119 aligncenter\" src=\"http:\/\/agora.xtec.cat\/iesrafaelcampalans\/wp-content\/uploads\/usu1643\/2017\/10\/2017-10-02-ESO-i-Bat.jpg\" alt=\"\" width=\"800\" height=\"480\" srcset=\"https:\/\/agora.xtec.cat\/iesrafaelcampalans\/wp-content\/uploads\/usu1643\/2017\/10\/2017-10-02-ESO-i-Bat.jpg 800w, https:\/\/agora.xtec.cat\/iesrafaelcampalans\/wp-content\/uploads\/usu1643\/2017\/10\/2017-10-02-ESO-i-Bat-300x180.jpg 300w, https:\/\/agora.xtec.cat\/iesrafaelcampalans\/wp-content\/uploads\/usu1643\/2017\/10\/2017-10-02-ESO-i-Bat-768x461.jpg 768w\" sizes=\"auto, (max-width: 800px) 100vw, 800px\" \/><\/p>\n<p><img loading=\"lazy\" decoding=\"async\" class=\"size-large wp-image-2120 aligncenter\" src=\"http:\/\/agora.xtec.cat\/iesrafaelcampalans\/wp-content\/uploads\/usu1643\/2017\/10\/2017-10-02-Cicles.jpg\" alt=\"\" width=\"800\" height=\"600\" srcset=\"https:\/\/agora.xtec.cat\/iesrafaelcampalans\/wp-content\/uploads\/usu1643\/2017\/10\/2017-10-02-Cicles.jpg 800w, https:\/\/agora.xtec.cat\/iesrafaelcampalans\/wp-content\/uploads\/usu1643\/2017\/10\/2017-10-02-Cicles-300x225.jpg 300w, https:\/\/agora.xtec.cat\/iesrafaelcampalans\/wp-content\/uploads\/usu1643\/2017\/10\/2017-10-02-Cicles-768x576.jpg 768w, https:\/\/agora.xtec.cat\/iesrafaelcampalans\/wp-content\/uploads\/usu1643\/2017\/10\/2017-10-02-Cicles-200x150.jpg 200w\" sizes=\"auto, (max-width: 800px) 100vw, 800px\" \/><\/p>\n<p>A continuaci\u00f3 podeu llegir el manifest que va llegir el director, Pere Parramon:<\/p>\n<blockquote>\n<p style=\"text-align: justify;\">Benvolgudes, benvolguts, alumnes, professorat i membres del personal d\u2019administraci\u00f3 i serveis,<\/p>\n<p style=\"text-align: justify;\">Ahir vam veure com en molts centres educatius i espais espais c\u00edvics de les nostres poblacions catalanes que havien estat habilitats com a col\u00b7legis electorals es van produir actes violents. Ni les aules ni els llocs de reuni\u00f3 s\u00f3n el lloc per a les porres o les escopetes de pilotes de goma, ni per anar amb la cara tapada, ni per imposar res per la for\u00e7a de la brutalitat, la repressi\u00f3 o la vexaci\u00f3; aquests espais s\u00f3n el lloc per als llapis o els ordinadors, per anar amb la cara descoberta i el cap ben alt, i per compartir i contrastar les idees que cadasc\u00fa, en l&#8217;exercici ordenat de les seves llibertats, vulgui expressar. Ahir, 1 d&#8217;octubre de 2017, vam veure escoles, instituts i altres espais dedicats a la ciutadania embrutits per uns actes que ens avergonyeixen profundament i que no estem disposats a tolerar, perqu\u00e8 les escoles, els instituts i els equipaments municipals han de ser sempre i sense cap excepci\u00f3 la m\u00e0xima expressi\u00f3 de la conviv\u00e8ncia.<\/p>\n<p style=\"text-align: justify;\">La comunitat educativa no pot restar imm\u00f2bil ni callar davant d&#8217;uns actes, els d&#8217;ahir, que van en contra de tots els nostres principis, de tots els nostres valors i del model de societat basada en el respecte i el di\u00e0leg en qu\u00e8 creiem. \u00c9s per tot aix\u00f2 que condemnem amb tota l&#8217;energia que ens d\u00f3na la for\u00e7a de la paraula i de la ra\u00f3, qualsevol forma de viol\u00e8ncia exercida contra un poble que vol expressar les seves idees a trav\u00e9s del m\u00e9s elemental dels mecanismes de la democr\u00e0cia: el vot.<\/p>\n<p style=\"text-align: justify;\">Ahir ens van ferir, amb sang i sense sang, i condemnem sense embuts aquells que van aixecar la m\u00e0 i aquells que els van atiar, per\u00f2 aquestes ferides no han d&#8217;emboirar una altra part que tamb\u00e9 va brillar arreu i durant tot el dia: les abra\u00e7ades, els somriures, la solidaritat entre persones que no es coneixien, la resposta pac\u00edfica, l&#8217;organitzaci\u00f3 i la col\u00b7laboraci\u00f3, la llibertat&#8230; I \u00e9s en aquest punt on vull adre\u00e7ar-me molt especialment als alumnes, nois i noies, per expressar-vos la meva \u2013la nostra\u2013 confian\u00e7a en vosaltres i en la vostra capacitat per ajudar-nos a potenciar tot all\u00f2 que en el dia d&#8217;ahir ens va fer grans i per desterrar tot all\u00f2 que ens avergonyeix i que no podem consentir, ni com a individus, ni com a poble. Aquests dies hem sentit i hem llegit que les fam\u00edlies i els professors us hem manipulat. Aix\u00f2, com sabeu, no \u00e9s cert. Les escoles i els instituts no hem d&#8217;adoctrinar ni formar en ideologies d&#8217;un o altre signe; el que fem aqu\u00ed \u00e9s fomentar l&#8217;esperit cr\u00edtic i la vostra capacitat per ser ciutadanes i ciutadans de ple dret que pugueu viure les conquestes socials que van costar tants esfor\u00e7os a tantes persones que ens han precedit. La resposta davant de la viol\u00e8ncia que vam patir ahir s&#8217;ha d&#8217;articular des de la intel\u00b7lig\u00e8ncia i els valors democr\u00e0tics lligats amb la llibertat d&#8217;expressi\u00f3. No tenim cap dubte que ho fareu. La societat catalana \u00e9s rica i plural: tenim diferents opinions i mirades sobre la realitat; sabem que les defensareu.<\/p>\n<p>Moltes gr\u00e0cies a totes i a tots.<\/p><\/blockquote>\n","protected":false},"excerpt":{"rendered":"<p>El passat dia 2 d\u2019octubre, l\u2019Institut Rafael Campalans va unir-se a les nombros\u00edssimes concentracions per condemnar la viol\u00e8ncia. Aqu\u00ed podeu veure una imatge dels alumnes d\u2019ESO i Batxillerat, al mat\u00ed, i una altra dels alumnes de Cicles, a la tarda. A continuaci\u00f3 podeu llegir el manifest que va llegir el director, Pere Parramon: Benvolgudes, benvolguts, [&hellip;]<\/p>\n","protected":false},"author":6,"featured_media":2119,"comment_status":"closed","ping_status":"closed","sticky":false,"template":"","format":"standard","meta":{"_bbp_topic_count":0,"_bbp_reply_count":0,"_bbp_total_topic_count":0,"_bbp_total_reply_count":0,"_bbp_voice_count":0,"_bbp_anonymous_reply_count":0,"_bbp_topic_count_hidden":0,"_bbp_reply_count_hidden":0,"_bbp_forum_subforum_count":0,"site-sidebar-layout":"default","site-content-layout":"","ast-site-content-layout":"","site-content-style":"default","site-sidebar-style":"default","ast-global-header-display":"","ast-banner-title-visibility":"","ast-main-header-display":"","ast-hfb-above-header-display":"","ast-hfb-below-header-display":"","ast-hfb-mobile-header-display":"","site-post-title":"","ast-breadcrumbs-content":"","ast-featured-img":"","footer-sml-layout":"","theme-transparent-header-meta":"","adv-header-id-meta":"","stick-header-meta":"","header-above-stick-meta":"","header-main-stick-meta":"","header-below-stick-meta":"","astra-migrate-meta-layouts":"default","ast-page-background-enabled":"default","ast-page-background-meta":{"desktop":{"background-color":"var(--ast-global-color-4)","background-image":"","background-repeat":"repeat","background-position":"center center","background-size":"auto","background-attachment":"scroll","background-type":"","background-media":"","overlay-type":"","overlay-color":"","overlay-opacity":"","overlay-gradient":""},"tablet":{"background-color":"","background-image":"","background-repeat":"repeat","background-position":"center center","background-size":"auto","background-attachment":"scroll","background-type":"","background-media":"","overlay-type":"","overlay-color":"","overlay-opacity":"","overlay-gradient":""},"mobile":{"background-color":"","background-image":"","background-repeat":"repeat","background-position":"center center","background-size":"auto","background-attachment":"scroll","background-type":"","background-media":"","overlay-type":"","overlay-color":"","overlay-opacity":"","overlay-gradient":""}},"ast-content-background-meta":{"desktop":{"background-color":"var(--ast-global-color-5)","background-image":"","background-repeat":"repeat","background-position":"center center","background-size":"auto","background-attachment":"scroll","background-type":"","background-media":"","overlay-type":"","overlay-color":"","overlay-opacity":"","overlay-gradient":""},"tablet":{"background-color":"var(--ast-global-color-5)","background-image":"","background-repeat":"repeat","background-position":"center center","background-size":"auto","background-attachment":"scroll","background-type":"","background-media":"","overlay-type":"","overlay-color":"","overlay-opacity":"","overlay-gradient":""},"mobile":{"background-color":"var(--ast-global-color-5)","background-image":"","background-repeat":"repeat","background-position":"center center","background-size":"auto","background-attachment":"scroll","background-type":"","background-media":"","overlay-type":"","overlay-color":"","overlay-opacity":"","overlay-gradient":""}},"footnotes":""},"categories":[29],"tags":[],"class_list":["post-2118","post","type-post","status-publish","format-standard","has-post-thumbnail","hentry","category-portada"],"post_mailing_queue_ids":[],"_links":{"self":[{"href":"https:\/\/agora.xtec.cat\/iesrafaelcampalans\/wp-json\/wp\/v2\/posts\/2118","targetHints":{"allow":["GET"]}}],"collection":[{"href":"https:\/\/agora.xtec.cat\/iesrafaelcampalans\/wp-json\/wp\/v2\/posts"}],"about":[{"href":"https:\/\/agora.xtec.cat\/iesrafaelcampalans\/wp-json\/wp\/v2\/types\/post"}],"author":[{"embeddable":true,"href":"https:\/\/agora.xtec.cat\/iesrafaelcampalans\/wp-json\/wp\/v2\/users\/6"}],"replies":[{"embeddable":true,"href":"https:\/\/agora.xtec.cat\/iesrafaelcampalans\/wp-json\/wp\/v2\/comments?post=2118"}],"version-history":[{"count":2,"href":"https:\/\/agora.xtec.cat\/iesrafaelcampalans\/wp-json\/wp\/v2\/posts\/2118\/revisions"}],"predecessor-version":[{"id":2122,"href":"https:\/\/agora.xtec.cat\/iesrafaelcampalans\/wp-json\/wp\/v2\/posts\/2118\/revisions\/2122"}],"wp:featuredmedia":[{"embeddable":true,"href":"https:\/\/agora.xtec.cat\/iesrafaelcampalans\/wp-json\/wp\/v2\/media\/2119"}],"wp:attachment":[{"href":"https:\/\/agora.xtec.cat\/iesrafaelcampalans\/wp-json\/wp\/v2\/media?parent=2118"}],"wp:term":[{"taxonomy":"category","embeddable":true,"href":"https:\/\/agora.xtec.cat\/iesrafaelcampalans\/wp-json\/wp\/v2\/categories?post=2118"},{"taxonomy":"post_tag","embeddable":true,"href":"https:\/\/agora.xtec.cat\/iesrafaelcampalans\/wp-json\/wp\/v2\/tags?post=2118"}],"curies":[{"name":"wp","href":"https:\/\/api.w.org\/{rel}","templated":true}]}}