{"id":1202,"date":"2013-11-18T12:05:00","date_gmt":"2013-11-18T11:05:00","guid":{"rendered":"http:\/\/agora.xtec.cat\/iesrafaelcampalans\/general\/passeig-per-les-cendres-dels-volcans\/"},"modified":"2017-09-25T23:50:01","modified_gmt":"2017-09-25T21:50:01","slug":"passeig-per-les-cendres-dels-volcans","status":"publish","type":"post","link":"https:\/\/agora.xtec.cat\/iesrafaelcampalans\/general\/passeig-per-les-cendres-dels-volcans\/","title":{"rendered":"Passeig per les cendres dels volcans"},"content":{"rendered":"<div style=\"clear: both; text-align: center;\"><a href=\"https:\/\/1f38ada3-a-62cb3a1a-s-sites.googlegroups.com\/site\/magatzemcampalans\/imatges\/volcans1.jpg?attachauth=ANoY7cp8HaoW1LbuYWPDc7ONfthrkDyWsVdS42R4YR3nBVjqTl_0tzPINwnNPIyUpq35H__sgNLA4oEZctD2UqECVbBlS8o35GUP-zQWgt5wbZq3rnKumI9VIQ0I5SxNfi2GDvnhVi6j_BibzyNNioIWg-JenW6Msukk_EY41KljYhine6RtSd2wPeUmp5Vnxj_fTLXJvL-hC_Q1Sh6T_A5wdVMpBo3oyX8oVh3LjW3nBcBNzn-rNLk%3D&amp;attredirects=0\" style=\"clear: left; float: left; margin-bottom: 1em; margin-right: 1em;\"><img loading=\"lazy\" decoding=\"async\" border=\"0\" height=\"150\" src=\"https:\/\/1f38ada3-a-62cb3a1a-s-sites.googlegroups.com\/site\/magatzemcampalans\/imatges\/volcans1.jpg?attachauth=ANoY7cp8HaoW1LbuYWPDc7ONfthrkDyWsVdS42R4YR3nBVjqTl_0tzPINwnNPIyUpq35H__sgNLA4oEZctD2UqECVbBlS8o35GUP-zQWgt5wbZq3rnKumI9VIQ0I5SxNfi2GDvnhVi6j_BibzyNNioIWg-JenW6Msukk_EY41KljYhine6RtSd2wPeUmp5Vnxj_fTLXJvL-hC_Q1Sh6T_A5wdVMpBo3oyX8oVh3LjW3nBcBNzn-rNLk%3D&amp;attredirects=0\" width=\"200\" \/><\/a><\/div>\n<div style=\"text-align: justify;\">Si alguna vegada us pregunteu quin sentit tenen les sortides escolars per anar a con\u00e8ixer llocs que s\u00f3n un complement del que s&#8217;apr\u00e8n a l&#8217;aula, us ben asseguro que la visita a la zona volc\u00e0nica de la Garrotxa us desfar\u00e0 tots els vostres dubtes.&nbsp;<\/div>\n<div style=\"text-align: justify;\"><\/div>\n<div style=\"text-align: justify;\">El proppassat 7 de novembre els alumnes de segon d&#8217;ESO van fer aquesta sortida, inclosa dins del programa de Ci\u00e8ncies experimentals, per con\u00e8ixer a fons una part de la zona volc\u00e0nica de la Garrotxa. La visita consisteix a seguir un itinerari pel parc natural, guiat per membres de l\u2019Escola de Natura de la Garrotxa.<\/div>\n<div style=\"text-align: justify;\"><a name='more'><\/a><\/div>\n<div>\n<div style=\"text-align: justify;\"><\/div>\n<div style=\"text-align: justify;\">Durant l\u2019itinerari, que porta per t\u00edtol \u201cVolcans i colades de lava\u201d,  els alumnes van visitar el volc\u00e0 Croscat -una aut\u00e8ntica aula a l&#8217;aire lliure- i van poder estudiar in situ els materials propis d\u2019una erupci\u00f3: gredes, bombes volc\u00e0niques, esc\u00f2ries, etc., que varen ser expulsats fa ni m\u00e9s ni menys que uns 11.000 anys.<\/div>\n<div style=\"text-align: justify;\"><\/div>\n<div style=\"text-align: justify;\">Un cop van haver esmorzat, l\u2019autocar va dur els excursionistes fins a Sant Joan les Fonts per estudiar-hi dues colades de lava situada a la llera del riu Fluvi\u00e0.<\/div>\n<div style=\"text-align: justify;\"><\/div>\n<div style=\"text-align: justify;\"><a href=\"https:\/\/1f38ada3-a-62cb3a1a-s-sites.googlegroups.com\/site\/magatzemcampalans\/imatges\/volcans2.jpg?attachauth=ANoY7co3lDVxMfkTL2VOGNsnGlRFSL4Nal2yo94hqzZyVZxKJTfSYgO_Tyu_09MGsHqkpHYrkCC2nlC7zHYqmctil9VB63DbvAI_xaTU9ZRJTzTrMZKqnzD5JJQ5-Y-D5jN6wBusD03dVXJro2bt_n3v-nIP_yTHIJWwaSMIdjlRQtJESoK9jqrGa-R4qcAX5ctNwam4ox8KM7sHBcMmCGZRWvVbgdorO8V-SwwPtDZ_eP1KSiE2wPA%3D&amp;attredirects=0\" style=\"clear: right; float: right; margin-bottom: 1em; margin-left: 1em;\"><img decoding=\"async\" border=\"0\" src=\"https:\/\/1f38ada3-a-62cb3a1a-s-sites.googlegroups.com\/site\/magatzemcampalans\/imatges\/volcans2.jpg?attachauth=ANoY7co3lDVxMfkTL2VOGNsnGlRFSL4Nal2yo94hqzZyVZxKJTfSYgO_Tyu_09MGsHqkpHYrkCC2nlC7zHYqmctil9VB63DbvAI_xaTU9ZRJTzTrMZKqnzD5JJQ5-Y-D5jN6wBusD03dVXJro2bt_n3v-nIP_yTHIJWwaSMIdjlRQtJESoK9jqrGa-R4qcAX5ctNwam4ox8KM7sHBcMmCGZRWvVbgdorO8V-SwwPtDZ_eP1KSiE2wPA%3D&amp;attredirects=0\" \/><\/a>La jornada es va acabar a Castellfollit de la Roca, des d&#8217;on es pot admirar l\u2019impressionant cingle, un altre exemple espectacular de colada de lava.<\/div>\n<div style=\"text-align: justify;\"><\/div>\n<div style=\"text-align: justify;\">Al final del dia hom sent la satisfacci\u00f3 d&#8217;haver viscut un dia de treball de camp magn\u00edfic i molt ben aprofitat. I, si per acabar la cr\u00f2nica us diem que vam gaudir d&#8217;un dia de tardor amb molt bon temps, que a la sortida va haver-hi molt bon ambient i que el comportament  de tots els participants fou excel\u00b7lent, estareu amb mi que va valer molt la pena passejar-se per les cendres del Croscat          i tota la zona volc\u00e0nica olotina.&nbsp;<\/div>\n<div style=\"text-align: right;\"><i>\u201cFalc\u00f3 de not\u00edcies\u201d<\/i><\/div>\n<\/div>\n","protected":false},"excerpt":{"rendered":"<p>Si alguna vegada us pregunteu quin sentit tenen les sortides escolars per anar a con\u00e8ixer llocs que s\u00f3n un complement del que s&#8217;apr\u00e8n a l&#8217;aula, us ben asseguro que la visita a la zona volc\u00e0nica de la Garrotxa us desfar\u00e0 tots els vostres dubtes.&nbsp; El proppassat 7 de novembre els alumnes de segon d&#8217;ESO van [&hellip;]<\/p>\n","protected":false},"author":1,"featured_media":0,"comment_status":"closed","ping_status":"closed","sticky":false,"template":"","format":"standard","meta":{"_bbp_topic_count":0,"_bbp_reply_count":0,"_bbp_total_topic_count":0,"_bbp_total_reply_count":0,"_bbp_voice_count":0,"_bbp_anonymous_reply_count":0,"_bbp_topic_count_hidden":0,"_bbp_reply_count_hidden":0,"_bbp_forum_subforum_count":0,"site-sidebar-layout":"default","site-content-layout":"","ast-site-content-layout":"","site-content-style":"default","site-sidebar-style":"default","ast-global-header-display":"","ast-banner-title-visibility":"","ast-main-header-display":"","ast-hfb-above-header-display":"","ast-hfb-below-header-display":"","ast-hfb-mobile-header-display":"","site-post-title":"","ast-breadcrumbs-content":"","ast-featured-img":"","footer-sml-layout":"","theme-transparent-header-meta":"","adv-header-id-meta":"","stick-header-meta":"","header-above-stick-meta":"","header-main-stick-meta":"","header-below-stick-meta":"","astra-migrate-meta-layouts":"default","ast-page-background-enabled":"default","ast-page-background-meta":{"desktop":{"background-color":"var(--ast-global-color-4)","background-image":"","background-repeat":"repeat","background-position":"center center","background-size":"auto","background-attachment":"scroll","background-type":"","background-media":"","overlay-type":"","overlay-color":"","overlay-opacity":"","overlay-gradient":""},"tablet":{"background-color":"","background-image":"","background-repeat":"repeat","background-position":"center center","background-size":"auto","background-attachment":"scroll","background-type":"","background-media":"","overlay-type":"","overlay-color":"","overlay-opacity":"","overlay-gradient":""},"mobile":{"background-color":"","background-image":"","background-repeat":"repeat","background-position":"center center","background-size":"auto","background-attachment":"scroll","background-type":"","background-media":"","overlay-type":"","overlay-color":"","overlay-opacity":"","overlay-gradient":""}},"ast-content-background-meta":{"desktop":{"background-color":"var(--ast-global-color-5)","background-image":"","background-repeat":"repeat","background-position":"center center","background-size":"auto","background-attachment":"scroll","background-type":"","background-media":"","overlay-type":"","overlay-color":"","overlay-opacity":"","overlay-gradient":""},"tablet":{"background-color":"var(--ast-global-color-5)","background-image":"","background-repeat":"repeat","background-position":"center center","background-size":"auto","background-attachment":"scroll","background-type":"","background-media":"","overlay-type":"","overlay-color":"","overlay-opacity":"","overlay-gradient":""},"mobile":{"background-color":"var(--ast-global-color-5)","background-image":"","background-repeat":"repeat","background-position":"center center","background-size":"auto","background-attachment":"scroll","background-type":"","background-media":"","overlay-type":"","overlay-color":"","overlay-opacity":"","overlay-gradient":""}},"footnotes":""},"categories":[1,29],"tags":[],"class_list":["post-1202","post","type-post","status-publish","format-standard","hentry","category-general","category-portada"],"post_mailing_queue_ids":[],"_links":{"self":[{"href":"https:\/\/agora.xtec.cat\/iesrafaelcampalans\/wp-json\/wp\/v2\/posts\/1202","targetHints":{"allow":["GET"]}}],"collection":[{"href":"https:\/\/agora.xtec.cat\/iesrafaelcampalans\/wp-json\/wp\/v2\/posts"}],"about":[{"href":"https:\/\/agora.xtec.cat\/iesrafaelcampalans\/wp-json\/wp\/v2\/types\/post"}],"author":[{"embeddable":true,"href":"https:\/\/agora.xtec.cat\/iesrafaelcampalans\/wp-json\/wp\/v2\/users\/1"}],"replies":[{"embeddable":true,"href":"https:\/\/agora.xtec.cat\/iesrafaelcampalans\/wp-json\/wp\/v2\/comments?post=1202"}],"version-history":[{"count":1,"href":"https:\/\/agora.xtec.cat\/iesrafaelcampalans\/wp-json\/wp\/v2\/posts\/1202\/revisions"}],"predecessor-version":[{"id":1883,"href":"https:\/\/agora.xtec.cat\/iesrafaelcampalans\/wp-json\/wp\/v2\/posts\/1202\/revisions\/1883"}],"wp:attachment":[{"href":"https:\/\/agora.xtec.cat\/iesrafaelcampalans\/wp-json\/wp\/v2\/media?parent=1202"}],"wp:term":[{"taxonomy":"category","embeddable":true,"href":"https:\/\/agora.xtec.cat\/iesrafaelcampalans\/wp-json\/wp\/v2\/categories?post=1202"},{"taxonomy":"post_tag","embeddable":true,"href":"https:\/\/agora.xtec.cat\/iesrafaelcampalans\/wp-json\/wp\/v2\/tags?post=1202"}],"curies":[{"name":"wp","href":"https:\/\/api.w.org\/{rel}","templated":true}]}}