{"id":1169,"date":"2014-03-14T11:37:00","date_gmt":"2014-03-14T10:37:00","guid":{"rendered":"http:\/\/agora.xtec.cat\/iesrafaelcampalans\/general\/un-cafe-de-poble-el-cafe-de-la-granota\/"},"modified":"2017-09-25T23:49:04","modified_gmt":"2017-09-25T21:49:04","slug":"un-cafe-de-poble-el-cafe-de-la-granota","status":"publish","type":"post","link":"https:\/\/agora.xtec.cat\/iesrafaelcampalans\/general\/un-cafe-de-poble-el-cafe-de-la-granota\/","title":{"rendered":"Un caf\u00e8 de poble: el Caf\u00e8 de la Granota"},"content":{"rendered":"<div style=\"text-align: justify;\">Una trobada liter\u00e0ria en un mat\u00ed de mar\u00e7 amb Jes\u00fas Montcada al Caf\u00e8 de la Granota. Aquest podria ser el resum o el titular que parlaria de la trobada simb\u00f2lica que van fer els alumnes de 1r i 2n de Batxillerat amb l\u2019escriptor Jes\u00fas Montcada. I qui \u00e9s aquest autor?&nbsp;<\/div>\n<div style=\"text-align: justify;\"><\/div>\n<div style=\"text-align: justify;\"><a name='more'><\/a><\/div>\n<div style=\"text-align: justify;\"><a href=\"https:\/\/1f38ada3-a-62cb3a1a-s-sites.googlegroups.com\/site\/magatzemcampalans\/imatges2\/moncada-portada.jpg?attachauth=ANoY7cqC6NTL8G6M_2vof6o5VkNFjpIIj86aCnK49BbaTUDFJ-IUkiBJlLH2hFe6xiPOhrKvjJX25GrvQ9dJ8aQOZ8GkzLq2HeBHKVjhyvc33q3mVOin-JD-VyR894y-SJOQ64c6vdOYC5WKRrp69fPiGA4CODI2zDbQQx5nJ9NpGcRSbyuKfOzrm-xU34YTexky8JbP2WDaaZwlzhLDcDN2sGFGqyvdSpoGkkF0Mn5AbVB9l0M-ha0%3D&amp;attredirects=0\" style=\"clear: right; float: right; margin-bottom: 1em; margin-left: 1em; text-align: center;\"><img loading=\"lazy\" decoding=\"async\" border=\"0\" height=\"127\" src=\"https:\/\/1f38ada3-a-62cb3a1a-s-sites.googlegroups.com\/site\/magatzemcampalans\/imatges2\/moncada-portada.jpg?attachauth=ANoY7cqC6NTL8G6M_2vof6o5VkNFjpIIj86aCnK49BbaTUDFJ-IUkiBJlLH2hFe6xiPOhrKvjJX25GrvQ9dJ8aQOZ8GkzLq2HeBHKVjhyvc33q3mVOin-JD-VyR894y-SJOQ64c6vdOYC5WKRrp69fPiGA4CODI2zDbQQx5nJ9NpGcRSbyuKfOzrm-xU34YTexky8JbP2WDaaZwlzhLDcDN2sGFGqyvdSpoGkkF0Mn5AbVB9l0M-ha0%3D&amp;attredirects=0\" width=\"200\" \/><\/a>Doncs, ras i curt, \u00e9s l\u2019escriptor de Mequinen\u00e7a, \u00e9s el cronista d\u2019aquesta poblaci\u00f3 del Baix Cinca, a la Franja de Ponent, que va ser negada per les aig\u00fces del pant\u00e0 de Riba-roja. Les cases d\u2019aquest poble van ser derru\u00efdes perqu\u00e8 mai m\u00e9s, ni que poguessin treure un xic el morro de l\u2019aigua, en \u00e8poca de sequera, no es poguessin veure ni ser reivindicades pels seus antics habitants. Jes\u00fas Montcada, a trav\u00e9s de la seva obra, fa aflorar les hist\u00f2ries de la seva gent, -curiosa i ins\u00f2lita- de la gent que habitava aquell poble carregat de vida, una vida lligada absolutament al riu.&nbsp;<\/div>\n<div style=\"text-align: justify;\"><\/div>\n<div style=\"text-align: justify;\">Els alumnes de Batxillerat del nostre centre i els d\u2019altres centres varen anar al teatre municipal de Girona a visionar un muntatge teatral a partir dels contes de El Caf\u00e8 de la granota de Jes\u00fas Montcada.&nbsp;<\/div>\n<div style=\"text-align: justify;\"><\/div>\n<div style=\"text-align: justify;\">Es tractava de veure una dramatitzaci\u00f3 d\u2019uns quants contes, que eren representats per dos actors, que condu\u00efen els alumnes-espectadors per uns camins de ficci\u00f3 dramat\u00fargica i de ficci\u00f3 liter\u00e0ria ben interessant de viure. Alguns alumnes tenen aquesta lectura com a obligat\u00f2ria dins del batxillerat, per aix\u00f2 calia que la llegissin. Els de 1r encara no l\u2019han llegida per\u00f2 quan ho facin podran reviure les hist\u00f2ries que ahir van veure dramatitzades. A partir del visionat d\u2019aquest muntatge teatral, es tracta que els alumnes siguin capa\u00e7os de fer el salt entre ficci\u00f3 i realitat, com un element m\u00e9s del seu aprenentatge com a lectors i futurs universitaris.<\/div>\n<div style=\"text-align: justify;\"><\/div>\n<div style=\"text-align: justify;\">D\u2019entre les obres fonamentals de Jes\u00fas Montcada hi ha Cam\u00ed de sirga, s\u2019ha de tenir com a llibre de cap\u00e7alera i llegir-lo aix\u00ed que es pugui. Val molt la pena.<\/div>\n<div style=\"text-align: justify;\"><\/div>\n<div style=\"text-align: right;\"><i>\u201cFalc\u00f3 de not\u00edcies\u201d<\/i><\/div>\n","protected":false},"excerpt":{"rendered":"<p>Una trobada liter\u00e0ria en un mat\u00ed de mar\u00e7 amb Jes\u00fas Montcada al Caf\u00e8 de la Granota. Aquest podria ser el resum o el titular que parlaria de la trobada simb\u00f2lica que van fer els alumnes de 1r i 2n de Batxillerat amb l\u2019escriptor Jes\u00fas Montcada. I qui \u00e9s aquest autor?&nbsp; Doncs, ras i curt, \u00e9s [&hellip;]<\/p>\n","protected":false},"author":1,"featured_media":0,"comment_status":"closed","ping_status":"closed","sticky":false,"template":"","format":"standard","meta":{"_bbp_topic_count":0,"_bbp_reply_count":0,"_bbp_total_topic_count":0,"_bbp_total_reply_count":0,"_bbp_voice_count":0,"_bbp_anonymous_reply_count":0,"_bbp_topic_count_hidden":0,"_bbp_reply_count_hidden":0,"_bbp_forum_subforum_count":0,"site-sidebar-layout":"default","site-content-layout":"","ast-site-content-layout":"","site-content-style":"default","site-sidebar-style":"default","ast-global-header-display":"","ast-banner-title-visibility":"","ast-main-header-display":"","ast-hfb-above-header-display":"","ast-hfb-below-header-display":"","ast-hfb-mobile-header-display":"","site-post-title":"","ast-breadcrumbs-content":"","ast-featured-img":"","footer-sml-layout":"","theme-transparent-header-meta":"","adv-header-id-meta":"","stick-header-meta":"","header-above-stick-meta":"","header-main-stick-meta":"","header-below-stick-meta":"","astra-migrate-meta-layouts":"default","ast-page-background-enabled":"default","ast-page-background-meta":{"desktop":{"background-color":"var(--ast-global-color-4)","background-image":"","background-repeat":"repeat","background-position":"center center","background-size":"auto","background-attachment":"scroll","background-type":"","background-media":"","overlay-type":"","overlay-color":"","overlay-opacity":"","overlay-gradient":""},"tablet":{"background-color":"","background-image":"","background-repeat":"repeat","background-position":"center center","background-size":"auto","background-attachment":"scroll","background-type":"","background-media":"","overlay-type":"","overlay-color":"","overlay-opacity":"","overlay-gradient":""},"mobile":{"background-color":"","background-image":"","background-repeat":"repeat","background-position":"center center","background-size":"auto","background-attachment":"scroll","background-type":"","background-media":"","overlay-type":"","overlay-color":"","overlay-opacity":"","overlay-gradient":""}},"ast-content-background-meta":{"desktop":{"background-color":"var(--ast-global-color-5)","background-image":"","background-repeat":"repeat","background-position":"center center","background-size":"auto","background-attachment":"scroll","background-type":"","background-media":"","overlay-type":"","overlay-color":"","overlay-opacity":"","overlay-gradient":""},"tablet":{"background-color":"var(--ast-global-color-5)","background-image":"","background-repeat":"repeat","background-position":"center center","background-size":"auto","background-attachment":"scroll","background-type":"","background-media":"","overlay-type":"","overlay-color":"","overlay-opacity":"","overlay-gradient":""},"mobile":{"background-color":"var(--ast-global-color-5)","background-image":"","background-repeat":"repeat","background-position":"center center","background-size":"auto","background-attachment":"scroll","background-type":"","background-media":"","overlay-type":"","overlay-color":"","overlay-opacity":"","overlay-gradient":""}},"footnotes":""},"categories":[1,29],"tags":[],"class_list":["post-1169","post","type-post","status-publish","format-standard","hentry","category-general","category-portada"],"post_mailing_queue_ids":[],"_links":{"self":[{"href":"https:\/\/agora.xtec.cat\/iesrafaelcampalans\/wp-json\/wp\/v2\/posts\/1169","targetHints":{"allow":["GET"]}}],"collection":[{"href":"https:\/\/agora.xtec.cat\/iesrafaelcampalans\/wp-json\/wp\/v2\/posts"}],"about":[{"href":"https:\/\/agora.xtec.cat\/iesrafaelcampalans\/wp-json\/wp\/v2\/types\/post"}],"author":[{"embeddable":true,"href":"https:\/\/agora.xtec.cat\/iesrafaelcampalans\/wp-json\/wp\/v2\/users\/1"}],"replies":[{"embeddable":true,"href":"https:\/\/agora.xtec.cat\/iesrafaelcampalans\/wp-json\/wp\/v2\/comments?post=1169"}],"version-history":[{"count":1,"href":"https:\/\/agora.xtec.cat\/iesrafaelcampalans\/wp-json\/wp\/v2\/posts\/1169\/revisions"}],"predecessor-version":[{"id":1853,"href":"https:\/\/agora.xtec.cat\/iesrafaelcampalans\/wp-json\/wp\/v2\/posts\/1169\/revisions\/1853"}],"wp:attachment":[{"href":"https:\/\/agora.xtec.cat\/iesrafaelcampalans\/wp-json\/wp\/v2\/media?parent=1169"}],"wp:term":[{"taxonomy":"category","embeddable":true,"href":"https:\/\/agora.xtec.cat\/iesrafaelcampalans\/wp-json\/wp\/v2\/categories?post=1169"},{"taxonomy":"post_tag","embeddable":true,"href":"https:\/\/agora.xtec.cat\/iesrafaelcampalans\/wp-json\/wp\/v2\/tags?post=1169"}],"curies":[{"name":"wp","href":"https:\/\/api.w.org\/{rel}","templated":true}]}}