{"id":1096,"date":"2015-01-15T15:06:00","date_gmt":"2015-01-15T14:06:00","guid":{"rendered":"http:\/\/agora.xtec.cat\/iesrafaelcampalans\/general\/la-vida-apassionant-dun-home-apassionat\/"},"modified":"2017-09-25T23:47:12","modified_gmt":"2017-09-25T21:47:12","slug":"la-vida-apassionant-dun-home-apassionat","status":"publish","type":"post","link":"https:\/\/agora.xtec.cat\/iesrafaelcampalans\/general\/la-vida-apassionant-dun-home-apassionat\/","title":{"rendered":"La vida apassionant d\u2019un home apassionat"},"content":{"rendered":"<div style=\"clear: both; text-align: center;\"><a href=\"https:\/\/1f38ada3-a-62cb3a1a-s-sites.googlegroups.com\/site\/magatzemcampalans\/imatges\/Ramon%20llull%20arbre.jpg?attachauth=ANoY7cqjo3Jkf1aHaK9XlPnHF8wOiLoRLnTqss_CCBq9UQ83xAS5nS1qB_JVulutYoRwGl9dknMH4n1JV0BdWW-zc-seQRGRcstQD3PuH0FZRoI9LBzyaDMlm0vXEy_qsZcXtgjedGoG8VxPHdTLpM2vZADcMoNQ6ffZqSYjZVRqL2nMoeDY_QLy8mCrXOyrH_U-FzaGy8mH4yJqUiZq-VMcbDImigzxS1RcDQuQ4EJ7NTBLP8usMVI%3D&amp;attredirects=0\" style=\"margin-left: 1em; margin-right: 1em;\"><img loading=\"lazy\" decoding=\"async\" border=\"0\" height=\"400\" src=\"https:\/\/1f38ada3-a-62cb3a1a-s-sites.googlegroups.com\/site\/magatzemcampalans\/imatges\/Ramon%20llull%20arbre.jpg?attachauth=ANoY7cqjo3Jkf1aHaK9XlPnHF8wOiLoRLnTqss_CCBq9UQ83xAS5nS1qB_JVulutYoRwGl9dknMH4n1JV0BdWW-zc-seQRGRcstQD3PuH0FZRoI9LBzyaDMlm0vXEy_qsZcXtgjedGoG8VxPHdTLpM2vZADcMoNQ6ffZqSYjZVRqL2nMoeDY_QLy8mCrXOyrH_U-FzaGy8mH4yJqUiZq-VMcbDImigzxS1RcDQuQ4EJ7NTBLP8usMVI%3D&amp;attredirects=0\" width=\"333\" \/><\/a><\/div>\n<div style=\"text-align: justify;\"><\/div>\n<div style=\"text-align: justify;\">Aquest any en sentirem a parlar, i molt, de Ramon Llull, que va n\u00e9ixer a Mallorca al 1232, en una \u00e8poca en qu\u00e8 Catalunya i Mallorca eren la mateixa naci\u00f3, i va morir el 29 de juny del 1315. Enguany far\u00e0, doncs, 700 anys de la seva mort, que va succeir a bord d\u2019un vaixell al mar Mediterrani que anava rumb a Mallorca. Va ser enterrat al convent de Sant Francesc de Palma, la ciutat de Mallorca.<\/div>\n<div style=\"text-align: justify;\"><a name='more'><\/a><\/div>\n<div style=\"text-align: justify;\">Els estudiosos consideren Ramon Llull uns dels creadors del catal\u00e0 literari i un dels primers que va utilitzar una llengua rom\u00e0nica, concretament el catal\u00e0, per tractar de coneixements filos\u00f2fics, cient\u00edfics i t\u00e8cnics. Ramon Llull va ser per damunt de tot un rellevant escriptor, fil\u00f2sof, m\u00edstic, te\u00f2leg, professor i missioner del segle XIII.<\/div>\n<div style=\"text-align: justify;\"><\/div>\n<div style=\"text-align: justify;\">La seva obra escrita \u00e9s molt extensa i la va redactar en quatre lleng\u00fces: catal\u00e0, occit\u00e0, llat\u00ed i \u00e0rab. Actualment es conserven 240 obres de Ramon Llull, d\u2019entre les quals destaquen:&nbsp;<i>Llibre de l\u2019ordre de cavalleria<\/i>, <i>Llibre de Santa Maria<\/i>, <i>Llibre de meravelles<\/i>, <i>Lo desconhort<\/i>, <i>El Cant de Ramon <\/i>i&nbsp;<i>Llibre de les b\u00e8sties<\/i>.<\/div>\n<div style=\"text-align: justify;\"><\/div>\n<div style=\"text-align: justify;\">Se li atribueix la invenci\u00f3 de la Rosa dels vents i del \u201cNocturlabi\u201d. Llull fou nomenat beat (el beat, \u00e9s un t\u00edtol atorgat a una persona difunta que ha viscut una vida bona i ha realitzat un miracle despr\u00e9s de la seva mort).<\/div>\n<div style=\"text-align: justify;\"><\/div>\n<div style=\"text-align: justify;\">El 2015 i 2016 ha estat declarat com a any Ramon Llull en commemoraci\u00f3 del set\u00e8 centenari de la seva mort.<\/div>\n<div><\/div>\n<div style=\"clear: both; text-align: center;\"><a href=\"https:\/\/1f38ada3-a-62cb3a1a-s-sites.googlegroups.com\/site\/magatzemcampalans\/imatges\/Llull.jpg?attachauth=ANoY7crYhaPywg4fXb6IVfJBJHgKk30G1sgUr4PMR15VuEroETNeqf3kqQZHteeDUIzvLmGOnE0nl-lm-yIKXv4fs25M290k0ITh9vAB2an6nfTB-1ZyqIDf1Z922nkMWEDtRwds0keEE7sbxYSQTZh5MbWjDWGUNfAlVdUa7DsUOAM1GlO1TVxFWdwcnh__aYFxYoH1ZbobLoebeyo3Y3E18zJoHiMF4Jh48KThjRFwvWQLSmfsdTo%3D&amp;attredirects=0\" style=\"margin-left: 1em; margin-right: 1em;\"><img loading=\"lazy\" decoding=\"async\" border=\"0\" height=\"400\" src=\"https:\/\/1f38ada3-a-62cb3a1a-s-sites.googlegroups.com\/site\/magatzemcampalans\/imatges\/Llull.jpg?attachauth=ANoY7crYhaPywg4fXb6IVfJBJHgKk30G1sgUr4PMR15VuEroETNeqf3kqQZHteeDUIzvLmGOnE0nl-lm-yIKXv4fs25M290k0ITh9vAB2an6nfTB-1ZyqIDf1Z922nkMWEDtRwds0keEE7sbxYSQTZh5MbWjDWGUNfAlVdUa7DsUOAM1GlO1TVxFWdwcnh__aYFxYoH1ZbobLoebeyo3Y3E18zJoHiMF4Jh48KThjRFwvWQLSmfsdTo%3D&amp;attredirects=0\" width=\"335\" \/><\/a><\/div>\n<div><\/div>\n<p><\/p>\n<div style=\"text-align: right;\"><i>\u201cLes veus del Falc\u00f3\u201d<\/i><\/div>\n","protected":false},"excerpt":{"rendered":"<p>Aquest any en sentirem a parlar, i molt, de Ramon Llull, que va n\u00e9ixer a Mallorca al 1232, en una \u00e8poca en qu\u00e8 Catalunya i Mallorca eren la mateixa naci\u00f3, i va morir el 29 de juny del 1315. Enguany far\u00e0, doncs, 700 anys de la seva mort, que va succeir a bord d\u2019un vaixell [&hellip;]<\/p>\n","protected":false},"author":1,"featured_media":0,"comment_status":"closed","ping_status":"closed","sticky":false,"template":"","format":"standard","meta":{"_bbp_topic_count":0,"_bbp_reply_count":0,"_bbp_total_topic_count":0,"_bbp_total_reply_count":0,"_bbp_voice_count":0,"_bbp_anonymous_reply_count":0,"_bbp_topic_count_hidden":0,"_bbp_reply_count_hidden":0,"_bbp_forum_subforum_count":0,"site-sidebar-layout":"default","site-content-layout":"","ast-site-content-layout":"","site-content-style":"default","site-sidebar-style":"default","ast-global-header-display":"","ast-banner-title-visibility":"","ast-main-header-display":"","ast-hfb-above-header-display":"","ast-hfb-below-header-display":"","ast-hfb-mobile-header-display":"","site-post-title":"","ast-breadcrumbs-content":"","ast-featured-img":"","footer-sml-layout":"","theme-transparent-header-meta":"","adv-header-id-meta":"","stick-header-meta":"","header-above-stick-meta":"","header-main-stick-meta":"","header-below-stick-meta":"","astra-migrate-meta-layouts":"default","ast-page-background-enabled":"default","ast-page-background-meta":{"desktop":{"background-color":"var(--ast-global-color-4)","background-image":"","background-repeat":"repeat","background-position":"center center","background-size":"auto","background-attachment":"scroll","background-type":"","background-media":"","overlay-type":"","overlay-color":"","overlay-opacity":"","overlay-gradient":""},"tablet":{"background-color":"","background-image":"","background-repeat":"repeat","background-position":"center center","background-size":"auto","background-attachment":"scroll","background-type":"","background-media":"","overlay-type":"","overlay-color":"","overlay-opacity":"","overlay-gradient":""},"mobile":{"background-color":"","background-image":"","background-repeat":"repeat","background-position":"center center","background-size":"auto","background-attachment":"scroll","background-type":"","background-media":"","overlay-type":"","overlay-color":"","overlay-opacity":"","overlay-gradient":""}},"ast-content-background-meta":{"desktop":{"background-color":"var(--ast-global-color-5)","background-image":"","background-repeat":"repeat","background-position":"center center","background-size":"auto","background-attachment":"scroll","background-type":"","background-media":"","overlay-type":"","overlay-color":"","overlay-opacity":"","overlay-gradient":""},"tablet":{"background-color":"var(--ast-global-color-5)","background-image":"","background-repeat":"repeat","background-position":"center center","background-size":"auto","background-attachment":"scroll","background-type":"","background-media":"","overlay-type":"","overlay-color":"","overlay-opacity":"","overlay-gradient":""},"mobile":{"background-color":"var(--ast-global-color-5)","background-image":"","background-repeat":"repeat","background-position":"center center","background-size":"auto","background-attachment":"scroll","background-type":"","background-media":"","overlay-type":"","overlay-color":"","overlay-opacity":"","overlay-gradient":""}},"footnotes":""},"categories":[1,29],"tags":[],"class_list":["post-1096","post","type-post","status-publish","format-standard","hentry","category-general","category-portada"],"post_mailing_queue_ids":[],"_links":{"self":[{"href":"https:\/\/agora.xtec.cat\/iesrafaelcampalans\/wp-json\/wp\/v2\/posts\/1096","targetHints":{"allow":["GET"]}}],"collection":[{"href":"https:\/\/agora.xtec.cat\/iesrafaelcampalans\/wp-json\/wp\/v2\/posts"}],"about":[{"href":"https:\/\/agora.xtec.cat\/iesrafaelcampalans\/wp-json\/wp\/v2\/types\/post"}],"author":[{"embeddable":true,"href":"https:\/\/agora.xtec.cat\/iesrafaelcampalans\/wp-json\/wp\/v2\/users\/1"}],"replies":[{"embeddable":true,"href":"https:\/\/agora.xtec.cat\/iesrafaelcampalans\/wp-json\/wp\/v2\/comments?post=1096"}],"version-history":[{"count":1,"href":"https:\/\/agora.xtec.cat\/iesrafaelcampalans\/wp-json\/wp\/v2\/posts\/1096\/revisions"}],"predecessor-version":[{"id":1789,"href":"https:\/\/agora.xtec.cat\/iesrafaelcampalans\/wp-json\/wp\/v2\/posts\/1096\/revisions\/1789"}],"wp:attachment":[{"href":"https:\/\/agora.xtec.cat\/iesrafaelcampalans\/wp-json\/wp\/v2\/media?parent=1096"}],"wp:term":[{"taxonomy":"category","embeddable":true,"href":"https:\/\/agora.xtec.cat\/iesrafaelcampalans\/wp-json\/wp\/v2\/categories?post=1096"},{"taxonomy":"post_tag","embeddable":true,"href":"https:\/\/agora.xtec.cat\/iesrafaelcampalans\/wp-json\/wp\/v2\/tags?post=1096"}],"curies":[{"name":"wp","href":"https:\/\/api.w.org\/{rel}","templated":true}]}}