{"id":1093,"date":"2015-01-22T14:48:00","date_gmt":"2015-01-22T13:48:00","guid":{"rendered":"http:\/\/agora.xtec.cat\/iesrafaelcampalans\/general\/exposicio-i-defensa-del-treballs-de-recerca-de-batxillerat\/"},"modified":"2017-09-25T23:47:12","modified_gmt":"2017-09-25T21:47:12","slug":"exposicio-i-defensa-del-treballs-de-recerca-de-batxillerat","status":"publish","type":"post","link":"https:\/\/agora.xtec.cat\/iesrafaelcampalans\/general\/exposicio-i-defensa-del-treballs-de-recerca-de-batxillerat\/","title":{"rendered":"Exposici\u00f3 i defensa del Treballs de Recerca de Batxillerat"},"content":{"rendered":"<div style=\"clear: both; text-align: center;\"><a href=\"https:\/\/1f38ada3-a-62cb3a1a-s-sites.googlegroups.com\/site\/magatzemcampalans\/imatges2\/Treballs%20recerca%2020%20gener%202015%20025.jpg?attachauth=ANoY7cpMIFcvWnUP6HdrQB8S2CUdHzEyAyhMvIEEzFySxmTDp55iTNEYxyGjRHzLACLdAGJ5zuQGCWVbTdqrxpxOgufpR4dRiilmu3gWHMfJzlLFpS9JlOO-xC3WMPqq77BBi8vp0jcLInglXHnvMuOnpCzKDVFzzG46mzt8jnzrmdo8GrvZk89PW0b9OFA3UL1fHCK6Qd8mUvJ9TK_BfiVDrcZVAsev5Qw97Mmnu9VfJ3yH6kXLomaIAKyY9QRfN0yI2tFSdOeWQr64Muud0THQqwa2xPXA0Q%3D%3D&amp;attredirects=0\" style=\"margin-left: 1em; margin-right: 1em;\"><img loading=\"lazy\" decoding=\"async\" border=\"0\" height=\"240\" src=\"https:\/\/1f38ada3-a-62cb3a1a-s-sites.googlegroups.com\/site\/magatzemcampalans\/imatges2\/Treballs%20recerca%2020%20gener%202015%20025.jpg?attachauth=ANoY7cpMIFcvWnUP6HdrQB8S2CUdHzEyAyhMvIEEzFySxmTDp55iTNEYxyGjRHzLACLdAGJ5zuQGCWVbTdqrxpxOgufpR4dRiilmu3gWHMfJzlLFpS9JlOO-xC3WMPqq77BBi8vp0jcLInglXHnvMuOnpCzKDVFzzG46mzt8jnzrmdo8GrvZk89PW0b9OFA3UL1fHCK6Qd8mUvJ9TK_BfiVDrcZVAsev5Qw97Mmnu9VfJ3yH6kXLomaIAKyY9QRfN0yI2tFSdOeWQr64Muud0THQqwa2xPXA0Q%3D%3D&amp;attredirects=0\" width=\"320\" \/><\/a><\/div>\n<div><\/div>\n<div style=\"text-align: justify;\">\u201cAlea iacta est!\u201d, \u201c La feina ja \u00e9s feta, ara nom\u00e9s \u00e9s q\u00fcesti\u00f3 d\u2019esperar la nota\u201d. Aquests i altres comentaris es van sentir a l\u2019institut aquest dimarts dia 20, i l\u2019anterior, dia 13. Eren comentaris habituals a l\u2019entorn de les exposicions i defensa dels treballs de recerca que els alumnes de batxillerat comencen quan fan primer i acaben a 2n. Els ocupa molt de temps material i molt de temps de preocupaci\u00f3, que sovint viuen conjuntament ells i les seves fam\u00edlies. <\/div>\n<p><a name='more'><\/a><\/p>\n<div style=\"text-align: justify;\"><\/div>\n<div style=\"text-align: justify;\">Per aix\u00f2 un cop han fet la presentaci\u00f3 p\u00fablica davant d\u2019un tribunal que els avalua, i davant d\u2019altres assistents a les exposicions, els alumnes queden ben alliberats i descansats. Per\u00f2 no pas destensionats ni relaxats del tot, ja que en un curs com a 2n de batxillerat no hi ha temps per a la relaxaci\u00f3. S\u2019acaben els treballs de recerca, s\u00ed, doncs ara caldr\u00e0 encarar aviat els ex\u00e0mens i treballs de la segona avaluaci\u00f3, un descans per Setmana Santa i altra volta el cap als llibres per preparar la tercera avaluaci\u00f3 i final, que el curs a segon de batxillerat s\u2019acaba m\u00e9s aviat&#8230; i de seguida preparar els ex\u00e0mens de selectivitat.<\/div>\n<div style=\"clear: both; text-align: center;\"><a href=\"https:\/\/1f38ada3-a-62cb3a1a-s-sites.googlegroups.com\/site\/magatzemcampalans\/imatges2\/Treballs%20recerca%202015%20004.jpg?attachauth=ANoY7coA06t1NSXAS0sYRnlE4X46SLchOCdt_anh-MQhXgOIdOHL30qe0D4dTMh2IBNyAG9YnIBgM5_pLGUNZbjCtMBKaopWLaFgh2DdgeHCJW-O9MpK_HKdWa0HwvDCkhzP1kn1u3sinqpQmdfI1s9QUVV3PHQsd9SO6au_OYsIlMjS5pxju19jqSFh7rgW7UzgwekDfhoQGN-NSVYT0oh4tXzQzsHwlvP4HjqpxGK5QnniOt3RNntSNt8M8qoc-fXJ8DnIUpcN&amp;attredirects=0\" style=\"margin-left: 1em; margin-right: 1em;\"><img loading=\"lazy\" decoding=\"async\" border=\"0\" height=\"150\" src=\"https:\/\/1f38ada3-a-62cb3a1a-s-sites.googlegroups.com\/site\/magatzemcampalans\/imatges2\/Treballs%20recerca%202015%20004.jpg?attachauth=ANoY7coA06t1NSXAS0sYRnlE4X46SLchOCdt_anh-MQhXgOIdOHL30qe0D4dTMh2IBNyAG9YnIBgM5_pLGUNZbjCtMBKaopWLaFgh2DdgeHCJW-O9MpK_HKdWa0HwvDCkhzP1kn1u3sinqpQmdfI1s9QUVV3PHQsd9SO6au_OYsIlMjS5pxju19jqSFh7rgW7UzgwekDfhoQGN-NSVYT0oh4tXzQzsHwlvP4HjqpxGK5QnniOt3RNntSNt8M8qoc-fXJ8DnIUpcN&amp;attredirects=0\" width=\"200\" \/><\/a><a href=\"https:\/\/1f38ada3-a-62cb3a1a-s-sites.googlegroups.com\/site\/magatzemcampalans\/imatges2\/Treballs%20recerca%202015%20025.jpg?attachauth=ANoY7cpU00BCbQIvt33z2Le2CgiB9hoUf8DBL85BOT7zx0bcnotsTTOHPPoqbLgAcYxBbhWdgyEBVsEW1PJdbWwvEATwfmHif1vbHHK8NUA8TSvSJAdqpqGtX9nLmNzb3QDl-UnVlcfoFmTneeKccRE7v3mHARytSlBn48nUJ9FInWf1GWPrAKjZCPMwKVjKufE41nM-IUSKYz2-PBTiAaQd9bw0nzVP0BRtz5OP1lAsoM9icneFFkx4MhbzxR135mVvTXarKpzr&amp;attredirects=0\" style=\"margin-left: 1em; margin-right: 1em;\"><img loading=\"lazy\" decoding=\"async\" border=\"0\" height=\"150\" src=\"https:\/\/1f38ada3-a-62cb3a1a-s-sites.googlegroups.com\/site\/magatzemcampalans\/imatges2\/Treballs%20recerca%202015%20025.jpg?attachauth=ANoY7cpU00BCbQIvt33z2Le2CgiB9hoUf8DBL85BOT7zx0bcnotsTTOHPPoqbLgAcYxBbhWdgyEBVsEW1PJdbWwvEATwfmHif1vbHHK8NUA8TSvSJAdqpqGtX9nLmNzb3QDl-UnVlcfoFmTneeKccRE7v3mHARytSlBn48nUJ9FInWf1GWPrAKjZCPMwKVjKufE41nM-IUSKYz2-PBTiAaQd9bw0nzVP0BRtz5OP1lAsoM9icneFFkx4MhbzxR135mVvTXarKpzr&amp;attredirects=0\" width=\"200\" \/><\/a><\/div>\n<div><\/p>\n<div style=\"text-align: justify;\">S\u00ed, el temps vola, \u00e9s cert. Aix\u00ed doncs, durant dos dimarts del mes de gener els alumnes han fet la presentaci\u00f3, exposici\u00f3 i defensa dels seus treballs de recerca amb molta dignitat i conscients que era un moment important dels seus estudis. Felicitats a tots pel seu esfor\u00e7!<\/div>\n<p><\/p>\n<div style=\"text-align: right;\"><i>\u201cFalc\u00f3 de not\u00edcies\u201d<\/i><\/div>\n<\/div>\n","protected":false},"excerpt":{"rendered":"<p>\u201cAlea iacta est!\u201d, \u201c La feina ja \u00e9s feta, ara nom\u00e9s \u00e9s q\u00fcesti\u00f3 d\u2019esperar la nota\u201d. Aquests i altres comentaris es van sentir a l\u2019institut aquest dimarts dia 20, i l\u2019anterior, dia 13. Eren comentaris habituals a l\u2019entorn de les exposicions i defensa dels treballs de recerca que els alumnes de batxillerat comencen quan fan [&hellip;]<\/p>\n","protected":false},"author":1,"featured_media":0,"comment_status":"closed","ping_status":"closed","sticky":false,"template":"","format":"standard","meta":{"_bbp_topic_count":0,"_bbp_reply_count":0,"_bbp_total_topic_count":0,"_bbp_total_reply_count":0,"_bbp_voice_count":0,"_bbp_anonymous_reply_count":0,"_bbp_topic_count_hidden":0,"_bbp_reply_count_hidden":0,"_bbp_forum_subforum_count":0,"site-sidebar-layout":"default","site-content-layout":"","ast-site-content-layout":"","site-content-style":"default","site-sidebar-style":"default","ast-global-header-display":"","ast-banner-title-visibility":"","ast-main-header-display":"","ast-hfb-above-header-display":"","ast-hfb-below-header-display":"","ast-hfb-mobile-header-display":"","site-post-title":"","ast-breadcrumbs-content":"","ast-featured-img":"","footer-sml-layout":"","theme-transparent-header-meta":"","adv-header-id-meta":"","stick-header-meta":"","header-above-stick-meta":"","header-main-stick-meta":"","header-below-stick-meta":"","astra-migrate-meta-layouts":"default","ast-page-background-enabled":"default","ast-page-background-meta":{"desktop":{"background-color":"var(--ast-global-color-4)","background-image":"","background-repeat":"repeat","background-position":"center center","background-size":"auto","background-attachment":"scroll","background-type":"","background-media":"","overlay-type":"","overlay-color":"","overlay-opacity":"","overlay-gradient":""},"tablet":{"background-color":"","background-image":"","background-repeat":"repeat","background-position":"center center","background-size":"auto","background-attachment":"scroll","background-type":"","background-media":"","overlay-type":"","overlay-color":"","overlay-opacity":"","overlay-gradient":""},"mobile":{"background-color":"","background-image":"","background-repeat":"repeat","background-position":"center center","background-size":"auto","background-attachment":"scroll","background-type":"","background-media":"","overlay-type":"","overlay-color":"","overlay-opacity":"","overlay-gradient":""}},"ast-content-background-meta":{"desktop":{"background-color":"var(--ast-global-color-5)","background-image":"","background-repeat":"repeat","background-position":"center center","background-size":"auto","background-attachment":"scroll","background-type":"","background-media":"","overlay-type":"","overlay-color":"","overlay-opacity":"","overlay-gradient":""},"tablet":{"background-color":"var(--ast-global-color-5)","background-image":"","background-repeat":"repeat","background-position":"center center","background-size":"auto","background-attachment":"scroll","background-type":"","background-media":"","overlay-type":"","overlay-color":"","overlay-opacity":"","overlay-gradient":""},"mobile":{"background-color":"var(--ast-global-color-5)","background-image":"","background-repeat":"repeat","background-position":"center center","background-size":"auto","background-attachment":"scroll","background-type":"","background-media":"","overlay-type":"","overlay-color":"","overlay-opacity":"","overlay-gradient":""}},"footnotes":""},"categories":[1,29],"tags":[],"class_list":["post-1093","post","type-post","status-publish","format-standard","hentry","category-general","category-portada"],"post_mailing_queue_ids":[],"_links":{"self":[{"href":"https:\/\/agora.xtec.cat\/iesrafaelcampalans\/wp-json\/wp\/v2\/posts\/1093","targetHints":{"allow":["GET"]}}],"collection":[{"href":"https:\/\/agora.xtec.cat\/iesrafaelcampalans\/wp-json\/wp\/v2\/posts"}],"about":[{"href":"https:\/\/agora.xtec.cat\/iesrafaelcampalans\/wp-json\/wp\/v2\/types\/post"}],"author":[{"embeddable":true,"href":"https:\/\/agora.xtec.cat\/iesrafaelcampalans\/wp-json\/wp\/v2\/users\/1"}],"replies":[{"embeddable":true,"href":"https:\/\/agora.xtec.cat\/iesrafaelcampalans\/wp-json\/wp\/v2\/comments?post=1093"}],"version-history":[{"count":1,"href":"https:\/\/agora.xtec.cat\/iesrafaelcampalans\/wp-json\/wp\/v2\/posts\/1093\/revisions"}],"predecessor-version":[{"id":1786,"href":"https:\/\/agora.xtec.cat\/iesrafaelcampalans\/wp-json\/wp\/v2\/posts\/1093\/revisions\/1786"}],"wp:attachment":[{"href":"https:\/\/agora.xtec.cat\/iesrafaelcampalans\/wp-json\/wp\/v2\/media?parent=1093"}],"wp:term":[{"taxonomy":"category","embeddable":true,"href":"https:\/\/agora.xtec.cat\/iesrafaelcampalans\/wp-json\/wp\/v2\/categories?post=1093"},{"taxonomy":"post_tag","embeddable":true,"href":"https:\/\/agora.xtec.cat\/iesrafaelcampalans\/wp-json\/wp\/v2\/tags?post=1093"}],"curies":[{"name":"wp","href":"https:\/\/api.w.org\/{rel}","templated":true}]}}