{"id":1087,"date":"2015-02-02T10:45:00","date_gmt":"2015-02-02T09:45:00","guid":{"rendered":"http:\/\/agora.xtec.cat\/iesrafaelcampalans\/general\/iii-jornada-de-lesport-femeni\/"},"modified":"2017-09-25T23:47:11","modified_gmt":"2017-09-25T21:47:11","slug":"iii-jornada-de-lesport-femeni","status":"publish","type":"post","link":"https:\/\/agora.xtec.cat\/iesrafaelcampalans\/general\/iii-jornada-de-lesport-femeni\/","title":{"rendered":"III Jornada de l\u2019esport femen\u00ed"},"content":{"rendered":"<div style=\"clear: both; text-align: center;\"><a href=\"https:\/\/1f38ada3-a-62cb3a1a-s-sites.googlegroups.com\/site\/magatzemcampalans\/imatges2\/dona%20i%20esport.jpg?attachauth=ANoY7coeTC9Jgc1Cp6gqMsFfVZ_bjUaeO0Fc_jkRVooflBbJU3g2k5ii0Y-e1Ogj2y-v5HO4PrMd99Du96csStlhlEWO0jMJUVmk4Hd1YYg7n3c8G3qF80qJuRkfBb3qc7Y7vchiP2IxzrEKwan3cwMKefdYgYB7oSJ9ZeCOmFp0X0X3MoGwh1awufu0YPKit2Tj6HT9a1pj1CsT7cVMbRFrK6nVLTEtdbLXKpbeVLh-JO2vTKlV0jU%3D&amp;attredirects=0\" style=\"margin-left: 1em; margin-right: 1em;\"><img loading=\"lazy\" decoding=\"async\" border=\"0\" height=\"200\" src=\"https:\/\/1f38ada3-a-62cb3a1a-s-sites.googlegroups.com\/site\/magatzemcampalans\/imatges2\/dona%20i%20esport.jpg?attachauth=ANoY7coeTC9Jgc1Cp6gqMsFfVZ_bjUaeO0Fc_jkRVooflBbJU3g2k5ii0Y-e1Ogj2y-v5HO4PrMd99Du96csStlhlEWO0jMJUVmk4Hd1YYg7n3c8G3qF80qJuRkfBb3qc7Y7vchiP2IxzrEKwan3cwMKefdYgYB7oSJ9ZeCOmFp0X0X3MoGwh1awufu0YPKit2Tj6HT9a1pj1CsT7cVMbRFrK6nVLTEtdbLXKpbeVLh-JO2vTKlV0jU%3D&amp;attredirects=0\" width=\"200\" \/><\/a><\/div>\n<div style=\"text-align: justify;\"><\/div>\n<div style=\"text-align: justify;\">El proper <b>diumenge 8 de mar\u00e7<\/b> Olga Praderas, en col.laboraci\u00f3 amb el Pla Catal\u00e0 per l\u2019esport, tornar\u00e0 a organitzar la <b>III Jornada de l\u2019esport femen\u00ed<\/b> i conviden els instituts i centres de secundaria de Girona i comarques perqu\u00e8 totes aquelles noies que vulguin puguin gaudir de noves experi\u00e8ncies esportives i s\u2019animin a la seva pr\u00e0ctica. Aquest any s\u2019ha canviat la ubicaci\u00f3 i es far\u00e0 a la Pla\u00e7a Francesc Calvet i Rubalcaba i a la Pla\u00e7a Salvador Espriu, al voltant del Mercat del Lle\u00f3, ben b\u00e9 al centre de Girona.&nbsp;<\/div>\n<div style=\"text-align: justify;\"><\/div>\n<div style=\"text-align: justify;\">Per arribar a l\u2019espai on es desenvolupar\u00e0 la Jornada, <b>la Diputaci\u00f3 de Girona facilita un autocar per a cada comarca<\/b> per tal que les noies que el diumenge 8 de mar\u00e7 vulguin participar en la Jornada de l\u2019Esport Femen\u00ed s\u2019hi puguin despla\u00e7ar.<\/div>\n<div style=\"text-align: justify;\"><a name='more'><\/a><\/div>\n<div style=\"text-align: justify;\">A la Jornada s\u2019hi podran trobar activitats d\u2019iniciaci\u00f3 a diferents esports, exhibicions, entrenaments magistrals. Aquests s\u00f3n els esports que podran practicar:  hoquei patins, gimn\u00e0stica r\u00edtmica, patinatge, gimn\u00e0stica esportiva, judo, handbol, b\u00e0squet, atletisme, rugbi, pirag\u00fcisme, tennis de taula, esgrima, v\u00f2lei, b\u00e0dminton, futbol, marxa n\u00f2rdica i kick-boxing.<\/div>\n<div style=\"text-align: justify;\"><\/div>\n<div style=\"text-align: justify;\">La participaci\u00f3 de les alumnes estar\u00e0 organitzada a partir d\u2019uns itineraris dels diferents esports com s\u2019ha fet en les dues anteriors edicions. En les properes setmanes es faran con\u00e8ixer els itineraris per poder-s\u2019hi inscriure i sol\u00b7licitar el transport. Aquest any tamb\u00e9 s\u2019ha incorporat un carnet de l\u2019esportista per incentivar que les noies s\u2019atreveixin a practicar tots els esports i despr\u00e9s de la seva participaci\u00f3 tindran un petit regal.<\/div>\n<div style=\"text-align: justify;\"><\/div>\n<div style=\"text-align: justify;\">Els organitzadors creuen en la potencialitat educativa i medi\u00e0tica de l\u2019esport i de l\u2019activitat f\u00edsica, en la incid\u00e8ncia en la salut, en el creixement personal i com a motor d\u2019experi\u00e8ncies i com a transmissor de valors.&nbsp;<\/div>\n<div style=\"text-align: justify;\"><\/div>\n<div style=\"text-align: justify;\">La Jornada vol ser una plataforma per trencar estereotips i difondre la pr\u00e0ctica esportiva, per donar a con\u00e8ixer grans esportistes i petites esportistes, per recon\u00e8ixer l\u2019esfor\u00e7 de la gent que d\u00f3na suport a l\u2019esport femen\u00ed i per aconseguir unes condicions d\u2019igualtat a l\u2019hora d\u2019accedir a la pr\u00e0ctica esportiva.&nbsp;<\/div>\n<div style=\"clear: both; text-align: center;\"><a href=\"https:\/\/1f38ada3-a-62cb3a1a-s-sites.googlegroups.com\/site\/magatzemcampalans\/imatges2\/esport1.jpg?attachauth=ANoY7crXDpCPPpWkLlQ4-p-fOu4hpN8E3mj2iDXQLBcXqlmtxTDHiF_jZlJZJg5yNQtklWr0YIyIhSXFjoC_WkRNnpg4WQUxwUF7DbLISuuIxTJnW43P9p5aq1THIRVl78Atnu0JQ1ZEgpv1_WLXP_vP00K9tTDt6YOn6cvwyVQZdl2CpZCS2Q2mQqtxnYKvCji21GD1Bapz_bKQ-M0-8k8HNcAb1p9HjEsrNHxalPRrkwiuR-g-Y1Y%3D&amp;attredirects=0\" style=\"margin-left: 1em; margin-right: 1em;\"><img loading=\"lazy\" decoding=\"async\" border=\"0\" height=\"133\" src=\"https:\/\/1f38ada3-a-62cb3a1a-s-sites.googlegroups.com\/site\/magatzemcampalans\/imatges2\/esport1.jpg?attachauth=ANoY7crXDpCPPpWkLlQ4-p-fOu4hpN8E3mj2iDXQLBcXqlmtxTDHiF_jZlJZJg5yNQtklWr0YIyIhSXFjoC_WkRNnpg4WQUxwUF7DbLISuuIxTJnW43P9p5aq1THIRVl78Atnu0JQ1ZEgpv1_WLXP_vP00K9tTDt6YOn6cvwyVQZdl2CpZCS2Q2mQqtxnYKvCji21GD1Bapz_bKQ-M0-8k8HNcAb1p9HjEsrNHxalPRrkwiuR-g-Y1Y%3D&amp;attredirects=0\" width=\"200\" \/><\/a><a href=\"https:\/\/1f38ada3-a-62cb3a1a-s-sites.googlegroups.com\/site\/magatzemcampalans\/imatges2\/espirt2.jpg?attachauth=ANoY7coRFCGmXfWOIyk1zRve7xmS7cFGTp9nvWdyZ0K_F_rcOAp6foOpfh-utEnyxq_XiM3sf2RCqxn5g2Y7GH4nwseCpCwQoml-CF-yeSuac-ghHpmjoFaVz0VZUs2ai0_HK0ypQUtx8MiO_ZpWgSMTBiMBswZwuJGGImGqYmGGh8aEwruumak-2TIE3EKBrlle4Umcp-2-ygp0Ji_49TL4_5CX33fRSK4EA8XHwxTmv3kayZK03s4%3D&amp;attredirects=0\" style=\"margin-left: 1em; margin-right: 1em;\"><img loading=\"lazy\" decoding=\"async\" border=\"0\" height=\"200\" src=\"https:\/\/1f38ada3-a-62cb3a1a-s-sites.googlegroups.com\/site\/magatzemcampalans\/imatges2\/espirt2.jpg?attachauth=ANoY7coRFCGmXfWOIyk1zRve7xmS7cFGTp9nvWdyZ0K_F_rcOAp6foOpfh-utEnyxq_XiM3sf2RCqxn5g2Y7GH4nwseCpCwQoml-CF-yeSuac-ghHpmjoFaVz0VZUs2ai0_HK0ypQUtx8MiO_ZpWgSMTBiMBswZwuJGGImGqYmGGh8aEwruumak-2TIE3EKBrlle4Umcp-2-ygp0Ji_49TL4_5CX33fRSK4EA8XHwxTmv3kayZK03s4%3D&amp;attredirects=0\" width=\"133\" \/><\/a><\/div>\n<div style=\"text-align: justify;\"><\/div>\n<div style=\"text-align: justify;\">Us adjuntem un v\u00eddeo de l\u2019ultima edici\u00f3: &nbsp;&nbsp;<a href=\"http:\/\/vimeo.com\/92596542\">http:\/\/vimeo.com\/92596542<\/a><\/div>\n<p><\/p>\n<div style=\"text-align: right;\"><i>\u201cFalc\u00f3 de not\u00edcies\u201d<\/i><\/div>\n","protected":false},"excerpt":{"rendered":"<p>El proper diumenge 8 de mar\u00e7 Olga Praderas, en col.laboraci\u00f3 amb el Pla Catal\u00e0 per l\u2019esport, tornar\u00e0 a organitzar la III Jornada de l\u2019esport femen\u00ed i conviden els instituts i centres de secundaria de Girona i comarques perqu\u00e8 totes aquelles noies que vulguin puguin gaudir de noves experi\u00e8ncies esportives i s\u2019animin a la seva pr\u00e0ctica. [&hellip;]<\/p>\n","protected":false},"author":1,"featured_media":0,"comment_status":"closed","ping_status":"closed","sticky":false,"template":"","format":"standard","meta":{"_bbp_topic_count":0,"_bbp_reply_count":0,"_bbp_total_topic_count":0,"_bbp_total_reply_count":0,"_bbp_voice_count":0,"_bbp_anonymous_reply_count":0,"_bbp_topic_count_hidden":0,"_bbp_reply_count_hidden":0,"_bbp_forum_subforum_count":0,"site-sidebar-layout":"default","site-content-layout":"","ast-site-content-layout":"","site-content-style":"default","site-sidebar-style":"default","ast-global-header-display":"","ast-banner-title-visibility":"","ast-main-header-display":"","ast-hfb-above-header-display":"","ast-hfb-below-header-display":"","ast-hfb-mobile-header-display":"","site-post-title":"","ast-breadcrumbs-content":"","ast-featured-img":"","footer-sml-layout":"","theme-transparent-header-meta":"","adv-header-id-meta":"","stick-header-meta":"","header-above-stick-meta":"","header-main-stick-meta":"","header-below-stick-meta":"","astra-migrate-meta-layouts":"default","ast-page-background-enabled":"default","ast-page-background-meta":{"desktop":{"background-color":"var(--ast-global-color-4)","background-image":"","background-repeat":"repeat","background-position":"center center","background-size":"auto","background-attachment":"scroll","background-type":"","background-media":"","overlay-type":"","overlay-color":"","overlay-opacity":"","overlay-gradient":""},"tablet":{"background-color":"","background-image":"","background-repeat":"repeat","background-position":"center center","background-size":"auto","background-attachment":"scroll","background-type":"","background-media":"","overlay-type":"","overlay-color":"","overlay-opacity":"","overlay-gradient":""},"mobile":{"background-color":"","background-image":"","background-repeat":"repeat","background-position":"center center","background-size":"auto","background-attachment":"scroll","background-type":"","background-media":"","overlay-type":"","overlay-color":"","overlay-opacity":"","overlay-gradient":""}},"ast-content-background-meta":{"desktop":{"background-color":"var(--ast-global-color-5)","background-image":"","background-repeat":"repeat","background-position":"center center","background-size":"auto","background-attachment":"scroll","background-type":"","background-media":"","overlay-type":"","overlay-color":"","overlay-opacity":"","overlay-gradient":""},"tablet":{"background-color":"var(--ast-global-color-5)","background-image":"","background-repeat":"repeat","background-position":"center center","background-size":"auto","background-attachment":"scroll","background-type":"","background-media":"","overlay-type":"","overlay-color":"","overlay-opacity":"","overlay-gradient":""},"mobile":{"background-color":"var(--ast-global-color-5)","background-image":"","background-repeat":"repeat","background-position":"center center","background-size":"auto","background-attachment":"scroll","background-type":"","background-media":"","overlay-type":"","overlay-color":"","overlay-opacity":"","overlay-gradient":""}},"footnotes":""},"categories":[1,29],"tags":[],"class_list":["post-1087","post","type-post","status-publish","format-standard","hentry","category-general","category-portada"],"post_mailing_queue_ids":[],"_links":{"self":[{"href":"https:\/\/agora.xtec.cat\/iesrafaelcampalans\/wp-json\/wp\/v2\/posts\/1087","targetHints":{"allow":["GET"]}}],"collection":[{"href":"https:\/\/agora.xtec.cat\/iesrafaelcampalans\/wp-json\/wp\/v2\/posts"}],"about":[{"href":"https:\/\/agora.xtec.cat\/iesrafaelcampalans\/wp-json\/wp\/v2\/types\/post"}],"author":[{"embeddable":true,"href":"https:\/\/agora.xtec.cat\/iesrafaelcampalans\/wp-json\/wp\/v2\/users\/1"}],"replies":[{"embeddable":true,"href":"https:\/\/agora.xtec.cat\/iesrafaelcampalans\/wp-json\/wp\/v2\/comments?post=1087"}],"version-history":[{"count":1,"href":"https:\/\/agora.xtec.cat\/iesrafaelcampalans\/wp-json\/wp\/v2\/posts\/1087\/revisions"}],"predecessor-version":[{"id":1780,"href":"https:\/\/agora.xtec.cat\/iesrafaelcampalans\/wp-json\/wp\/v2\/posts\/1087\/revisions\/1780"}],"wp:attachment":[{"href":"https:\/\/agora.xtec.cat\/iesrafaelcampalans\/wp-json\/wp\/v2\/media?parent=1087"}],"wp:term":[{"taxonomy":"category","embeddable":true,"href":"https:\/\/agora.xtec.cat\/iesrafaelcampalans\/wp-json\/wp\/v2\/categories?post=1087"},{"taxonomy":"post_tag","embeddable":true,"href":"https:\/\/agora.xtec.cat\/iesrafaelcampalans\/wp-json\/wp\/v2\/tags?post=1087"}],"curies":[{"name":"wp","href":"https:\/\/api.w.org\/{rel}","templated":true}]}}