{"id":1084,"date":"2015-02-05T14:56:00","date_gmt":"2015-02-05T13:56:00","guid":{"rendered":"http:\/\/agora.xtec.cat\/iesrafaelcampalans\/general\/30-de-gener-denip-dia-escolar-de-la-no-violencia-i-la-pau\/"},"modified":"2017-09-25T23:47:11","modified_gmt":"2017-09-25T21:47:11","slug":"30-de-gener-denip-dia-escolar-de-la-no-violencia-i-la-pau","status":"publish","type":"post","link":"https:\/\/agora.xtec.cat\/iesrafaelcampalans\/general\/30-de-gener-denip-dia-escolar-de-la-no-violencia-i-la-pau\/","title":{"rendered":"30 de gener, DENIP (Dia Escolar de la No viol\u00e8ncia I la Pau)"},"content":{"rendered":"<div style=\"clear: both; text-align: center;\"><a href=\"https:\/\/1f38ada3-a-62cb3a1a-s-sites.googlegroups.com\/site\/magatzemcampalans\/imatges\/DSCF1078.JPG?attachauth=ANoY7cqz1GUrtrZ3BU9navLJZiKinESm_YY679LRX-nxctWGwZOZN_HXLWvEdzLSXR6OMmfhfuVwl2PMErIYLUcNkO4WpdnwcajOKbGfXGmeQH7aMGhO2TSVjzDeP2HycmiqkCeOZr9FIoKHC7mYAIVr4q0inkh96gTHnEyllMq4FkX8gzMiuwHX1pyaHs4mrF1G6pW5d8rym_3uZtT5EYWL2ak_j6kICDqKTQ1SEIKrmk7AGO0vqMI%3D&amp;attredirects=0\" style=\"margin-left: 1em; margin-right: 1em;\"><img loading=\"lazy\" decoding=\"async\" border=\"0\" height=\"300\" src=\"https:\/\/1f38ada3-a-62cb3a1a-s-sites.googlegroups.com\/site\/magatzemcampalans\/imatges\/DSCF1078.JPG?attachauth=ANoY7cqz1GUrtrZ3BU9navLJZiKinESm_YY679LRX-nxctWGwZOZN_HXLWvEdzLSXR6OMmfhfuVwl2PMErIYLUcNkO4WpdnwcajOKbGfXGmeQH7aMGhO2TSVjzDeP2HycmiqkCeOZr9FIoKHC7mYAIVr4q0inkh96gTHnEyllMq4FkX8gzMiuwHX1pyaHs4mrF1G6pW5d8rym_3uZtT5EYWL2ak_j6kICDqKTQ1SEIKrmk7AGO0vqMI%3D&amp;attredirects=0\" width=\"400\" \/><\/a><\/div>\n<div style=\"text-align: justify;\"><\/div>\n<div style=\"text-align: justify;\">Divendres passat, 30 de gener, ens vam sumar a la celebraci\u00f3 internacional del DENIP. Va consistir en un breu acte simb\u00f2lic que recollia i culminava la preparaci\u00f3 que vam fer els dies previs a les aules.<\/div>\n<div style=\"text-align: justify;\"><\/div>\n<div style=\"text-align: justify;\">Aquest any ens hem centrat en les persones que han obtingut el premi nobel de la pau 2014, la Malala Yousarfai i en Kailash Satyarthi, i hem volgut saber qui s\u00f3n i qu\u00e8 fan per ser mereixedors d&#8217;aquest premi.&nbsp;<\/div>\n<div style=\"text-align: justify;\"><a name='more'><\/a><\/div>\n<div style=\"text-align: justify;\">Tots els cursos hem vist un documental sobre la Malala i potser algun altre sobre en Kailash Satyarthi. A m\u00e9s:&nbsp;<\/div>\n<div style=\"text-align: justify;\"><\/div>\n<div style=\"text-align: justify;\">\n<ul>\n<li>Els de 1r d\u2019ESO han fet els ja tradicionals coloms de la pau amb frases sobre el dret a l\u2019educaci\u00f3 i la pau. Els van exposar al vest\u00edbul de l\u2019entrada de l\u2019institut.&nbsp;<\/li>\n<li>Els de 2n, han triat i pintat unes vinyetes de c\u00f2mics que fan refer\u00e8ncia a la llibertat d\u2019expressi\u00f3, la pau en tots els \u00e0mbits de la vida i la toler\u00e0ncia. Tamb\u00e9 estan al vest\u00edbul de l\u2019entrada.&nbsp;<\/li>\n<li>Els de 3r han estat investigant sobre els pa\u00efsos d\u2019origen de la Malala i en Kailash: Pakistan i l\u2019\u00cdndia. I han fet uns mapes amb explicacions. Tamb\u00e9 n&#8217;han exposat algun.&nbsp;<\/li>\n<li>Els de 4t han estat reflexionant sobre el dret a l\u2019educaci\u00f3 que tenim tots els nens i nenes, tots els nois i noies. Ho han fet a partir dels Drets Humans i el conte de l\u2019\u00e0liga i la gallina.&nbsp;<\/li>\n<li>Els de 1r de Batxillerat han preparat una breu presentaci\u00f3 dels personatges d\u2019aquests any, els premis nobel de la pau de 2014: Malala Yousafai i Kailash Satyarthi.&nbsp;<\/li>\n<li>Els de 2n de bat. han preparat la presentaci\u00f3 de l\u2019acte conjunt del dia 30.&nbsp;<\/li>\n<\/ul>\n<div style=\"clear: both; text-align: center;\"><a href=\"https:\/\/1f38ada3-a-62cb3a1a-s-sites.googlegroups.com\/site\/magatzemcampalans\/imatges\/DSCF1061.JPG?attachauth=ANoY7cqHWAyEHTlBSdbyr4S5V0laqlDHEhWIZBlXvYN0tzPt374Vd7NEcU__CNvsaayHxYFk-RAyzX_pMxfL8934H63U2XsMKAOa3XyA-iT2fW0xmR3aZCpsKOsln-STrAfvz3iNyVjAMB1_XJo_v8ZY865_e4NlY44c1x-ugE4YfY7g_tJGQ8m5QNntPmxf5O2jIrn0j63rLQNRo4bF5BtNHKPXMWEi6FwMuchYV0yuQdLZO-aTu8s%3D&amp;attredirects=0\" style=\"margin-left: 1em; margin-right: 1em;\"><img loading=\"lazy\" decoding=\"async\" border=\"0\" height=\"300\" src=\"https:\/\/1f38ada3-a-62cb3a1a-s-sites.googlegroups.com\/site\/magatzemcampalans\/imatges\/DSCF1061.JPG?attachauth=ANoY7cqHWAyEHTlBSdbyr4S5V0laqlDHEhWIZBlXvYN0tzPt374Vd7NEcU__CNvsaayHxYFk-RAyzX_pMxfL8934H63U2XsMKAOa3XyA-iT2fW0xmR3aZCpsKOsln-STrAfvz3iNyVjAMB1_XJo_v8ZY865_e4NlY44c1x-ugE4YfY7g_tJGQ8m5QNntPmxf5O2jIrn0j63rLQNRo4bF5BtNHKPXMWEi6FwMuchYV0yuQdLZO-aTu8s%3D&amp;attredirects=0\" width=\"400\" \/><\/a><\/div>\n<div><\/div>\n<div><\/div>\n<\/div>\n<div style=\"text-align: justify;\">A m\u00e9s, a tots els cursos hem treballat la can\u00e7\u00f3 Where is the love? De The Black eyed peas, a l\u2019assignatura d\u2019angl\u00e8s, que \u00e9s la can\u00e7\u00f3 que sonava mentre an\u00e0vem arribant al pati.&nbsp;<\/div>\n<div style=\"text-align: justify;\"><\/div>\n<div style=\"text-align: justify;\">El missatge principal del DENIP \u00e9s el d&#8217; \u201dAmor universal, No-viol\u00e8ncia i Pau. L&#8217;amor \u00e9s millor que l&#8217;egoisme, la No-viol\u00e8ncia \u00e9s millor que la viol\u00e8ncia i la Pau \u00e9s millor que la guerra\u201d.<\/div>\n<div style=\"text-align: justify;\"><\/div>\n<div style=\"text-align: justify;\">El gest que hem triat com a resum de tot el que hem preparat i per expressar el nostre comprom\u00eds amb la pau i el dret a l\u2019educaci\u00f3 de tots els nens i nens del m\u00f3n, \u00e9s la construcci\u00f3 d\u2019un dels s\u00edmbols universals de la pau, el colom de la pau.<\/div>\n<div style=\"text-align: justify;\"><\/div>\n<div style=\"text-align: justify;\">Estava dibuixat al centre de la pista i els alumnes de 1r d&#8217;ESO l\u2019emplenaren mentre sent\u00edem i cant\u00e0vem la can\u00e7\u00f3 \u201cLlen\u00e7a\u2019t\u201d que ens anima a ser valents i decidits com la Malala Yousafi , en Kailash Satyarthi i tanta altra gent.<\/div>\n<div style=\"text-align: justify;\"><\/div>\n<div style=\"text-align: right;\"><i>&#8220;Falc\u00f3 de not\u00edcies&#8221;<\/i><\/div>\n","protected":false},"excerpt":{"rendered":"<p>Divendres passat, 30 de gener, ens vam sumar a la celebraci\u00f3 internacional del DENIP. Va consistir en un breu acte simb\u00f2lic que recollia i culminava la preparaci\u00f3 que vam fer els dies previs a les aules. Aquest any ens hem centrat en les persones que han obtingut el premi nobel de la pau 2014, la [&hellip;]<\/p>\n","protected":false},"author":1,"featured_media":0,"comment_status":"closed","ping_status":"closed","sticky":false,"template":"","format":"standard","meta":{"_bbp_topic_count":0,"_bbp_reply_count":0,"_bbp_total_topic_count":0,"_bbp_total_reply_count":0,"_bbp_voice_count":0,"_bbp_anonymous_reply_count":0,"_bbp_topic_count_hidden":0,"_bbp_reply_count_hidden":0,"_bbp_forum_subforum_count":0,"site-sidebar-layout":"default","site-content-layout":"","ast-site-content-layout":"","site-content-style":"default","site-sidebar-style":"default","ast-global-header-display":"","ast-banner-title-visibility":"","ast-main-header-display":"","ast-hfb-above-header-display":"","ast-hfb-below-header-display":"","ast-hfb-mobile-header-display":"","site-post-title":"","ast-breadcrumbs-content":"","ast-featured-img":"","footer-sml-layout":"","theme-transparent-header-meta":"","adv-header-id-meta":"","stick-header-meta":"","header-above-stick-meta":"","header-main-stick-meta":"","header-below-stick-meta":"","astra-migrate-meta-layouts":"default","ast-page-background-enabled":"default","ast-page-background-meta":{"desktop":{"background-color":"var(--ast-global-color-4)","background-image":"","background-repeat":"repeat","background-position":"center center","background-size":"auto","background-attachment":"scroll","background-type":"","background-media":"","overlay-type":"","overlay-color":"","overlay-opacity":"","overlay-gradient":""},"tablet":{"background-color":"","background-image":"","background-repeat":"repeat","background-position":"center center","background-size":"auto","background-attachment":"scroll","background-type":"","background-media":"","overlay-type":"","overlay-color":"","overlay-opacity":"","overlay-gradient":""},"mobile":{"background-color":"","background-image":"","background-repeat":"repeat","background-position":"center center","background-size":"auto","background-attachment":"scroll","background-type":"","background-media":"","overlay-type":"","overlay-color":"","overlay-opacity":"","overlay-gradient":""}},"ast-content-background-meta":{"desktop":{"background-color":"var(--ast-global-color-5)","background-image":"","background-repeat":"repeat","background-position":"center center","background-size":"auto","background-attachment":"scroll","background-type":"","background-media":"","overlay-type":"","overlay-color":"","overlay-opacity":"","overlay-gradient":""},"tablet":{"background-color":"var(--ast-global-color-5)","background-image":"","background-repeat":"repeat","background-position":"center center","background-size":"auto","background-attachment":"scroll","background-type":"","background-media":"","overlay-type":"","overlay-color":"","overlay-opacity":"","overlay-gradient":""},"mobile":{"background-color":"var(--ast-global-color-5)","background-image":"","background-repeat":"repeat","background-position":"center center","background-size":"auto","background-attachment":"scroll","background-type":"","background-media":"","overlay-type":"","overlay-color":"","overlay-opacity":"","overlay-gradient":""}},"footnotes":""},"categories":[1,29],"tags":[],"class_list":["post-1084","post","type-post","status-publish","format-standard","hentry","category-general","category-portada"],"post_mailing_queue_ids":[],"_links":{"self":[{"href":"https:\/\/agora.xtec.cat\/iesrafaelcampalans\/wp-json\/wp\/v2\/posts\/1084","targetHints":{"allow":["GET"]}}],"collection":[{"href":"https:\/\/agora.xtec.cat\/iesrafaelcampalans\/wp-json\/wp\/v2\/posts"}],"about":[{"href":"https:\/\/agora.xtec.cat\/iesrafaelcampalans\/wp-json\/wp\/v2\/types\/post"}],"author":[{"embeddable":true,"href":"https:\/\/agora.xtec.cat\/iesrafaelcampalans\/wp-json\/wp\/v2\/users\/1"}],"replies":[{"embeddable":true,"href":"https:\/\/agora.xtec.cat\/iesrafaelcampalans\/wp-json\/wp\/v2\/comments?post=1084"}],"version-history":[{"count":1,"href":"https:\/\/agora.xtec.cat\/iesrafaelcampalans\/wp-json\/wp\/v2\/posts\/1084\/revisions"}],"predecessor-version":[{"id":1648,"href":"https:\/\/agora.xtec.cat\/iesrafaelcampalans\/wp-json\/wp\/v2\/posts\/1084\/revisions\/1648"}],"wp:attachment":[{"href":"https:\/\/agora.xtec.cat\/iesrafaelcampalans\/wp-json\/wp\/v2\/media?parent=1084"}],"wp:term":[{"taxonomy":"category","embeddable":true,"href":"https:\/\/agora.xtec.cat\/iesrafaelcampalans\/wp-json\/wp\/v2\/categories?post=1084"},{"taxonomy":"post_tag","embeddable":true,"href":"https:\/\/agora.xtec.cat\/iesrafaelcampalans\/wp-json\/wp\/v2\/tags?post=1084"}],"curies":[{"name":"wp","href":"https:\/\/api.w.org\/{rel}","templated":true}]}}