{"id":1035,"date":"2015-06-17T18:39:00","date_gmt":"2015-06-17T16:39:00","guid":{"rendered":"http:\/\/agora.xtec.cat\/iesrafaelcampalans\/general\/final-del-campionat-de-futbol-3d\/"},"modified":"2017-09-25T23:45:15","modified_gmt":"2017-09-25T21:45:15","slug":"final-del-campionat-de-futbol-3d","status":"publish","type":"post","link":"https:\/\/agora.xtec.cat\/iesrafaelcampalans\/general\/final-del-campionat-de-futbol-3d\/","title":{"rendered":"Final del campionat de futbol 3D"},"content":{"rendered":"<div dir=\"ltr\">\n<p style=\"text-align:justify\">\n<div style=\"text-align:left\">El treball  participatiu engegat amb el programa Delegats\/des en 3 D, va donar com a  resultat la iniciativa de dur a terme, a l&#39;hora del pati, una lliga de futbol  entre els alumnes de primer, segon i tercer d&#39;ESO. El dilluns dia 15 de juny es  va celebrar al pavell\u00f3 poliesportiu d&#39;Angl\u00e8s la final d&#39;aquesta competici\u00f3. El  segon classificat, l&#39;equip de tercer d&#39;ESO B, va rebre un trofeu, mentre que el  guanyador, l&#39;equip de tercer d&#39;ESO A, va obtenir una copa com a premi.  Enhorabona a tots els paticipants, alumnes i professors, que han fet possible  aquesta iniciativa que esperem repetir en una propera ocasi\u00f3.<\/div>\n<div style=\"text-align:left\"><\/div>\n<p><span lang=\"EN-US\"><\/p>\n<div style=\"text-align:center\"><a href=\"http:\/\/3.bp.blogspot.com\/-iDAq3ee7cjc\/VYGi1oKpK6I\/AAAAAAAABOA\/80J_MT0vwMA\/s1600\/image-790478.png\"><img decoding=\"async\" src=\"http:\/\/3.bp.blogspot.com\/-iDAq3ee7cjc\/VYGi1oKpK6I\/AAAAAAAABOA\/80J_MT0vwMA\/s320\/image-790478.png\" border=\"0\" alt=\"\" id=\"BLOGGER_PHOTO_ID_6161384807418375074\" \/><\/a><\/div>\n<p><\/span><\/p>\n<p style=\"text-align:right\"><span lang=\"EN-US\">&nbsp;<\/span><i style=\"text-align:right\"><span lang=\"EN-US\">&ldquo;Falc\u00f3 de not\u00edcies&rdquo;<\/span><\/i><\/p>\n<\/div>\n","protected":false},"excerpt":{"rendered":"<p>El treball participatiu engegat amb el programa Delegats\/des en 3 D, va donar com a resultat la iniciativa de dur a terme, a l&#39;hora del pati, una lliga de futbol entre els alumnes de primer, segon i tercer d&#39;ESO. El dilluns dia 15 de juny es va celebrar al pavell\u00f3 poliesportiu d&#39;Angl\u00e8s la final d&#39;aquesta [&hellip;]<\/p>\n","protected":false},"author":1,"featured_media":0,"comment_status":"closed","ping_status":"closed","sticky":false,"template":"","format":"standard","meta":{"_bbp_topic_count":0,"_bbp_reply_count":0,"_bbp_total_topic_count":0,"_bbp_total_reply_count":0,"_bbp_voice_count":0,"_bbp_anonymous_reply_count":0,"_bbp_topic_count_hidden":0,"_bbp_reply_count_hidden":0,"_bbp_forum_subforum_count":0,"site-sidebar-layout":"default","site-content-layout":"","ast-site-content-layout":"","site-content-style":"default","site-sidebar-style":"default","ast-global-header-display":"","ast-banner-title-visibility":"","ast-main-header-display":"","ast-hfb-above-header-display":"","ast-hfb-below-header-display":"","ast-hfb-mobile-header-display":"","site-post-title":"","ast-breadcrumbs-content":"","ast-featured-img":"","footer-sml-layout":"","theme-transparent-header-meta":"","adv-header-id-meta":"","stick-header-meta":"","header-above-stick-meta":"","header-main-stick-meta":"","header-below-stick-meta":"","astra-migrate-meta-layouts":"default","ast-page-background-enabled":"default","ast-page-background-meta":{"desktop":{"background-color":"var(--ast-global-color-4)","background-image":"","background-repeat":"repeat","background-position":"center center","background-size":"auto","background-attachment":"scroll","background-type":"","background-media":"","overlay-type":"","overlay-color":"","overlay-opacity":"","overlay-gradient":""},"tablet":{"background-color":"","background-image":"","background-repeat":"repeat","background-position":"center center","background-size":"auto","background-attachment":"scroll","background-type":"","background-media":"","overlay-type":"","overlay-color":"","overlay-opacity":"","overlay-gradient":""},"mobile":{"background-color":"","background-image":"","background-repeat":"repeat","background-position":"center center","background-size":"auto","background-attachment":"scroll","background-type":"","background-media":"","overlay-type":"","overlay-color":"","overlay-opacity":"","overlay-gradient":""}},"ast-content-background-meta":{"desktop":{"background-color":"var(--ast-global-color-5)","background-image":"","background-repeat":"repeat","background-position":"center center","background-size":"auto","background-attachment":"scroll","background-type":"","background-media":"","overlay-type":"","overlay-color":"","overlay-opacity":"","overlay-gradient":""},"tablet":{"background-color":"var(--ast-global-color-5)","background-image":"","background-repeat":"repeat","background-position":"center center","background-size":"auto","background-attachment":"scroll","background-type":"","background-media":"","overlay-type":"","overlay-color":"","overlay-opacity":"","overlay-gradient":""},"mobile":{"background-color":"var(--ast-global-color-5)","background-image":"","background-repeat":"repeat","background-position":"center center","background-size":"auto","background-attachment":"scroll","background-type":"","background-media":"","overlay-type":"","overlay-color":"","overlay-opacity":"","overlay-gradient":""}},"footnotes":""},"categories":[1,29],"tags":[],"class_list":["post-1035","post","type-post","status-publish","format-standard","hentry","category-general","category-portada"],"post_mailing_queue_ids":[],"_links":{"self":[{"href":"https:\/\/agora.xtec.cat\/iesrafaelcampalans\/wp-json\/wp\/v2\/posts\/1035","targetHints":{"allow":["GET"]}}],"collection":[{"href":"https:\/\/agora.xtec.cat\/iesrafaelcampalans\/wp-json\/wp\/v2\/posts"}],"about":[{"href":"https:\/\/agora.xtec.cat\/iesrafaelcampalans\/wp-json\/wp\/v2\/types\/post"}],"author":[{"embeddable":true,"href":"https:\/\/agora.xtec.cat\/iesrafaelcampalans\/wp-json\/wp\/v2\/users\/1"}],"replies":[{"embeddable":true,"href":"https:\/\/agora.xtec.cat\/iesrafaelcampalans\/wp-json\/wp\/v2\/comments?post=1035"}],"version-history":[{"count":1,"href":"https:\/\/agora.xtec.cat\/iesrafaelcampalans\/wp-json\/wp\/v2\/posts\/1035\/revisions"}],"predecessor-version":[{"id":1736,"href":"https:\/\/agora.xtec.cat\/iesrafaelcampalans\/wp-json\/wp\/v2\/posts\/1035\/revisions\/1736"}],"wp:attachment":[{"href":"https:\/\/agora.xtec.cat\/iesrafaelcampalans\/wp-json\/wp\/v2\/media?parent=1035"}],"wp:term":[{"taxonomy":"category","embeddable":true,"href":"https:\/\/agora.xtec.cat\/iesrafaelcampalans\/wp-json\/wp\/v2\/categories?post=1035"},{"taxonomy":"post_tag","embeddable":true,"href":"https:\/\/agora.xtec.cat\/iesrafaelcampalans\/wp-json\/wp\/v2\/tags?post=1035"}],"curies":[{"name":"wp","href":"https:\/\/api.w.org\/{rel}","templated":true}]}}