{"id":10307,"date":"2026-03-24T13:39:28","date_gmt":"2026-03-24T12:39:28","guid":{"rendered":"https:\/\/agora.xtec.cat\/iesrafaelcampalans\/?p=10307"},"modified":"2026-03-24T13:39:28","modified_gmt":"2026-03-24T12:39:28","slug":"lins-rafael-campalans-participa-al-torneig-de-futbol-sala-extraescolar-organitzat-pel-consell-esportiu-de-la-selva","status":"publish","type":"post","link":"https:\/\/agora.xtec.cat\/iesrafaelcampalans\/general\/lins-rafael-campalans-participa-al-torneig-de-futbol-sala-extraescolar-organitzat-pel-consell-esportiu-de-la-selva\/","title":{"rendered":"L&#8217;INS Rafael Campalans participa al Torneig de futbol sala extraescolar organitzat pel Consell Esportiu de La Selva"},"content":{"rendered":"\n<figure class=\"wp-block-image aligncenter size-full\"><a href=\"https:\/\/agora.xtec.cat\/iesrafaelcampalans\/wp-content\/uploads\/usu1643\/2026\/03\/Captura-de-pantalla-2026-03-24-133631.png\"><img loading=\"lazy\" decoding=\"async\" width=\"942\" height=\"645\" src=\"https:\/\/agora.xtec.cat\/iesrafaelcampalans\/wp-content\/uploads\/usu1643\/2026\/03\/Captura-de-pantalla-2026-03-24-133631.png\" alt=\"\" class=\"wp-image-10308\" srcset=\"https:\/\/agora.xtec.cat\/iesrafaelcampalans\/wp-content\/uploads\/usu1643\/2026\/03\/Captura-de-pantalla-2026-03-24-133631.png 942w, https:\/\/agora.xtec.cat\/iesrafaelcampalans\/wp-content\/uploads\/usu1643\/2026\/03\/Captura-de-pantalla-2026-03-24-133631-300x205.png 300w, https:\/\/agora.xtec.cat\/iesrafaelcampalans\/wp-content\/uploads\/usu1643\/2026\/03\/Captura-de-pantalla-2026-03-24-133631-768x526.png 768w\" sizes=\"auto, (max-width: 942px) 100vw, 942px\" \/><\/a><\/figure>\n\n\n\n<p>El passat dilluns 16 de mar\u00e7, alumnes de 1r i 2n ESO que participen a l&#8217;extraescolar de futbol sala, es van despla\u00e7ar fins a l&#8217;INS Santa Coloma de Farners per participar en un torneig organitzat pel Consell Esportiu de La Selva.<\/p>\n\n\n\n<p>El torneig va comptar amb la participaci\u00f3 d&#8217;alumnat vingut dels instituts de Santa Coloma de Farners, Sant Hilari, Arb\u00facies, Blanes i Angl\u00e8s.<\/p>\n\n\n\n<p>A la fase de grups, l&#8217;alumnat de l&#8217;INS Rafael Campalans va disputar dos partits, aconseguint una vict\u00f2ria contra l&#8217;INS Serrallarga (2-0) i una derrota contra l&#8217;INS Escola Sant Hilari (1-3). Aix\u00f2 els va permetre finalitzar la fase de grups com a 2n classificats, i disputar la final B.<\/p>\n\n\n\n<p>A la final B, l&#8217;INS Rafael Campalans va enfrontar-se contra l&#8217;INS Montsoriu, arribant al final del temps reglamentari amb empat al marcador (1-1). A la tanda de penals, l&#8217;INS Rafael Campalans aconseguiria la vict\u00f2ria i finalitzaria el torneig com a 3r classificat.<\/p>\n\n\n\n<p>M\u00e9s enll\u00e0 de la vessant esportiva, aquest torneig tamb\u00e9 va servir per donar l&#8217;oportunitat de con\u00e8ixer a nois i noies d&#8217;altres instituts de La Selva, compartint l&#8217;esport del futbol sala.&#8221;<\/p>\n\n\n\n<figure class=\"wp-block-image aligncenter size-large\"><a href=\"https:\/\/agora.xtec.cat\/iesrafaelcampalans\/wp-content\/uploads\/usu1643\/2026\/03\/Captura-de-pantalla-2026-03-24-133839.png\"><img loading=\"lazy\" decoding=\"async\" width=\"1024\" height=\"441\" src=\"https:\/\/agora.xtec.cat\/iesrafaelcampalans\/wp-content\/uploads\/usu1643\/2026\/03\/Captura-de-pantalla-2026-03-24-133839-1024x441.png\" alt=\"\" class=\"wp-image-10310\" srcset=\"https:\/\/agora.xtec.cat\/iesrafaelcampalans\/wp-content\/uploads\/usu1643\/2026\/03\/Captura-de-pantalla-2026-03-24-133839-1024x441.png 1024w, https:\/\/agora.xtec.cat\/iesrafaelcampalans\/wp-content\/uploads\/usu1643\/2026\/03\/Captura-de-pantalla-2026-03-24-133839-300x129.png 300w, https:\/\/agora.xtec.cat\/iesrafaelcampalans\/wp-content\/uploads\/usu1643\/2026\/03\/Captura-de-pantalla-2026-03-24-133839-768x330.png 768w, https:\/\/agora.xtec.cat\/iesrafaelcampalans\/wp-content\/uploads\/usu1643\/2026\/03\/Captura-de-pantalla-2026-03-24-133839.png 1118w\" sizes=\"auto, (max-width: 1024px) 100vw, 1024px\" \/><\/a><\/figure>\n","protected":false},"excerpt":{"rendered":"<p>El passat dilluns 16 de mar\u00e7, alumnes de 1r i 2n ESO que participen a l&#8217;extraescolar de futbol sala, es van despla\u00e7ar fins a l&#8217;INS Santa Coloma de Farners per participar en un torneig organitzat pel Consell Esportiu de La Selva. El torneig va comptar amb la participaci\u00f3 d&#8217;alumnat vingut dels instituts de Santa Coloma [&hellip;]<\/p>\n","protected":false},"author":6,"featured_media":10308,"comment_status":"closed","ping_status":"open","sticky":false,"template":"","format":"standard","meta":{"_bbp_topic_count":0,"_bbp_reply_count":0,"_bbp_total_topic_count":0,"_bbp_total_reply_count":0,"_bbp_voice_count":0,"_bbp_anonymous_reply_count":0,"_bbp_topic_count_hidden":0,"_bbp_reply_count_hidden":0,"_bbp_forum_subforum_count":0,"site-sidebar-layout":"default","site-content-layout":"","ast-site-content-layout":"default","site-content-style":"default","site-sidebar-style":"default","ast-global-header-display":"","ast-banner-title-visibility":"","ast-main-header-display":"","ast-hfb-above-header-display":"","ast-hfb-below-header-display":"","ast-hfb-mobile-header-display":"","site-post-title":"","ast-breadcrumbs-content":"","ast-featured-img":"","footer-sml-layout":"","theme-transparent-header-meta":"","adv-header-id-meta":"","stick-header-meta":"","header-above-stick-meta":"","header-main-stick-meta":"","header-below-stick-meta":"","astra-migrate-meta-layouts":"set","ast-page-background-enabled":"default","ast-page-background-meta":{"desktop":{"background-color":"var(--ast-global-color-4)","background-image":"","background-repeat":"repeat","background-position":"center center","background-size":"auto","background-attachment":"scroll","background-type":"","background-media":"","overlay-type":"","overlay-color":"","overlay-opacity":"","overlay-gradient":""},"tablet":{"background-color":"","background-image":"","background-repeat":"repeat","background-position":"center center","background-size":"auto","background-attachment":"scroll","background-type":"","background-media":"","overlay-type":"","overlay-color":"","overlay-opacity":"","overlay-gradient":""},"mobile":{"background-color":"","background-image":"","background-repeat":"repeat","background-position":"center center","background-size":"auto","background-attachment":"scroll","background-type":"","background-media":"","overlay-type":"","overlay-color":"","overlay-opacity":"","overlay-gradient":""}},"ast-content-background-meta":{"desktop":{"background-color":"var(--ast-global-color-5)","background-image":"","background-repeat":"repeat","background-position":"center center","background-size":"auto","background-attachment":"scroll","background-type":"","background-media":"","overlay-type":"","overlay-color":"","overlay-opacity":"","overlay-gradient":""},"tablet":{"background-color":"var(--ast-global-color-5)","background-image":"","background-repeat":"repeat","background-position":"center center","background-size":"auto","background-attachment":"scroll","background-type":"","background-media":"","overlay-type":"","overlay-color":"","overlay-opacity":"","overlay-gradient":""},"mobile":{"background-color":"var(--ast-global-color-5)","background-image":"","background-repeat":"repeat","background-position":"center center","background-size":"auto","background-attachment":"scroll","background-type":"","background-media":"","overlay-type":"","overlay-color":"","overlay-opacity":"","overlay-gradient":""}},"footnotes":""},"categories":[182,3,1,189,29],"tags":[],"class_list":["post-10307","post","type-post","status-publish","format-standard","has-post-thumbnail","hentry","category-projectes","category-eso","category-general","category-esport","category-portada"],"post_mailing_queue_ids":[],"_links":{"self":[{"href":"https:\/\/agora.xtec.cat\/iesrafaelcampalans\/wp-json\/wp\/v2\/posts\/10307","targetHints":{"allow":["GET"]}}],"collection":[{"href":"https:\/\/agora.xtec.cat\/iesrafaelcampalans\/wp-json\/wp\/v2\/posts"}],"about":[{"href":"https:\/\/agora.xtec.cat\/iesrafaelcampalans\/wp-json\/wp\/v2\/types\/post"}],"author":[{"embeddable":true,"href":"https:\/\/agora.xtec.cat\/iesrafaelcampalans\/wp-json\/wp\/v2\/users\/6"}],"replies":[{"embeddable":true,"href":"https:\/\/agora.xtec.cat\/iesrafaelcampalans\/wp-json\/wp\/v2\/comments?post=10307"}],"version-history":[{"count":2,"href":"https:\/\/agora.xtec.cat\/iesrafaelcampalans\/wp-json\/wp\/v2\/posts\/10307\/revisions"}],"predecessor-version":[{"id":10311,"href":"https:\/\/agora.xtec.cat\/iesrafaelcampalans\/wp-json\/wp\/v2\/posts\/10307\/revisions\/10311"}],"wp:featuredmedia":[{"embeddable":true,"href":"https:\/\/agora.xtec.cat\/iesrafaelcampalans\/wp-json\/wp\/v2\/media\/10308"}],"wp:attachment":[{"href":"https:\/\/agora.xtec.cat\/iesrafaelcampalans\/wp-json\/wp\/v2\/media?parent=10307"}],"wp:term":[{"taxonomy":"category","embeddable":true,"href":"https:\/\/agora.xtec.cat\/iesrafaelcampalans\/wp-json\/wp\/v2\/categories?post=10307"},{"taxonomy":"post_tag","embeddable":true,"href":"https:\/\/agora.xtec.cat\/iesrafaelcampalans\/wp-json\/wp\/v2\/tags?post=10307"}],"curies":[{"name":"wp","href":"https:\/\/api.w.org\/{rel}","templated":true}]}}