{"id":1020,"date":"2015-10-13T19:00:00","date_gmt":"2015-10-13T17:00:00","guid":{"rendered":"http:\/\/agora.xtec.cat\/iesrafaelcampalans\/general\/reunio-de-pares-i-mares-amb-lampa\/"},"modified":"2017-09-25T23:43:39","modified_gmt":"2017-09-25T21:43:39","slug":"reunio-de-pares-i-mares-amb-lampa","status":"publish","type":"post","link":"https:\/\/agora.xtec.cat\/iesrafaelcampalans\/general\/reunio-de-pares-i-mares-amb-lampa\/","title":{"rendered":"Reuni\u00f3 de pares i mares amb l\u2019AMPA"},"content":{"rendered":"<div dir=\"ltr\">\n<div><span lang=\"ES-TRAD\" style=\"font-family: &quot;Times New Roman&quot;,&quot;serif&quot;; font-size: 12pt; line-height: 115%;\"><\/span><\/div>\n<div style=\"text-align: justify;\">Dimarts de la setmana vinent, dia 20 d&#8217;octubre, hi haur\u00e0 reuni\u00f3 de l&#8217;assemblea de l&#8217;AMPA a la qual esteu tots convidats a assistir. La vostra pres\u00e8ncia i participaci\u00f3 \u00e9s molt important.&nbsp;<\/div>\n<div style=\"text-align: right;\"><\/div>\n<div style=\"text-align: right;\">La Direcci\u00f3<\/div>\n<div style=\"text-align: right;\"><\/div>\n<div style=\"clear: both; text-align: center;\"><a href=\"https:\/\/1f38ada3-a-62cb3a1a-s-sites.googlegroups.com\/site\/magatzemcampalans\/imatges2\/ampa_junta.png?attachauth=ANoY7crQd-KMfNPtDzIoTdz1AKuAKZ_S4p5afP2IoVPrlBZjlRfuKTLEPDKt6eTeOlEiMJgbmJwDmpo2f9F2QS0rtg95s0Bf_j3EHdaXCTq5pcOUzD4TFSoV6ovGJgbeU8qLrAU2p_YjOmP0GSX4-s_tzrQ8s63T9564CvcwNGS-ZH2p0f5wLiYPqpg781KH3HbHekBhFtrnB_H3pelFbsDx1zuiY0WUap1WYm89ba8xThBG_EwBNgY%3D&amp;attredirects=0\" style=\"margin-left: 1em; margin-right: 1em;\"><img loading=\"lazy\" decoding=\"async\" border=\"0\" height=\"640\" src=\"https:\/\/1f38ada3-a-62cb3a1a-s-sites.googlegroups.com\/site\/magatzemcampalans\/imatges2\/ampa_junta.png?attachauth=ANoY7crQd-KMfNPtDzIoTdz1AKuAKZ_S4p5afP2IoVPrlBZjlRfuKTLEPDKt6eTeOlEiMJgbmJwDmpo2f9F2QS0rtg95s0Bf_j3EHdaXCTq5pcOUzD4TFSoV6ovGJgbeU8qLrAU2p_YjOmP0GSX4-s_tzrQ8s63T9564CvcwNGS-ZH2p0f5wLiYPqpg781KH3HbHekBhFtrnB_H3pelFbsDx1zuiY0WUap1WYm89ba8xThBG_EwBNgY%3D&amp;attredirects=0\" width=\"545\" \/><\/a><\/div>\n<div><span lang=\"ES-TRAD\" style=\"font-family: &quot;Times New Roman&quot;,&quot;serif&quot;; font-size: 12pt; line-height: 115%;\"><\/span><\/div>\n<p><\/p>\n<div style=\"text-align: center;\"><\/div>\n<\/div>\n","protected":false},"excerpt":{"rendered":"<p>Dimarts de la setmana vinent, dia 20 d&#8217;octubre, hi haur\u00e0 reuni\u00f3 de l&#8217;assemblea de l&#8217;AMPA a la qual esteu tots convidats a assistir. La vostra pres\u00e8ncia i participaci\u00f3 \u00e9s molt important.&nbsp; La Direcci\u00f3<\/p>\n","protected":false},"author":1,"featured_media":0,"comment_status":"closed","ping_status":"closed","sticky":false,"template":"","format":"standard","meta":{"_bbp_topic_count":0,"_bbp_reply_count":0,"_bbp_total_topic_count":0,"_bbp_total_reply_count":0,"_bbp_voice_count":0,"_bbp_anonymous_reply_count":0,"_bbp_topic_count_hidden":0,"_bbp_reply_count_hidden":0,"_bbp_forum_subforum_count":0,"site-sidebar-layout":"default","site-content-layout":"","ast-site-content-layout":"","site-content-style":"default","site-sidebar-style":"default","ast-global-header-display":"","ast-banner-title-visibility":"","ast-main-header-display":"","ast-hfb-above-header-display":"","ast-hfb-below-header-display":"","ast-hfb-mobile-header-display":"","site-post-title":"","ast-breadcrumbs-content":"","ast-featured-img":"","footer-sml-layout":"","theme-transparent-header-meta":"","adv-header-id-meta":"","stick-header-meta":"","header-above-stick-meta":"","header-main-stick-meta":"","header-below-stick-meta":"","astra-migrate-meta-layouts":"default","ast-page-background-enabled":"default","ast-page-background-meta":{"desktop":{"background-color":"var(--ast-global-color-4)","background-image":"","background-repeat":"repeat","background-position":"center center","background-size":"auto","background-attachment":"scroll","background-type":"","background-media":"","overlay-type":"","overlay-color":"","overlay-opacity":"","overlay-gradient":""},"tablet":{"background-color":"","background-image":"","background-repeat":"repeat","background-position":"center center","background-size":"auto","background-attachment":"scroll","background-type":"","background-media":"","overlay-type":"","overlay-color":"","overlay-opacity":"","overlay-gradient":""},"mobile":{"background-color":"","background-image":"","background-repeat":"repeat","background-position":"center center","background-size":"auto","background-attachment":"scroll","background-type":"","background-media":"","overlay-type":"","overlay-color":"","overlay-opacity":"","overlay-gradient":""}},"ast-content-background-meta":{"desktop":{"background-color":"var(--ast-global-color-5)","background-image":"","background-repeat":"repeat","background-position":"center center","background-size":"auto","background-attachment":"scroll","background-type":"","background-media":"","overlay-type":"","overlay-color":"","overlay-opacity":"","overlay-gradient":""},"tablet":{"background-color":"var(--ast-global-color-5)","background-image":"","background-repeat":"repeat","background-position":"center center","background-size":"auto","background-attachment":"scroll","background-type":"","background-media":"","overlay-type":"","overlay-color":"","overlay-opacity":"","overlay-gradient":""},"mobile":{"background-color":"var(--ast-global-color-5)","background-image":"","background-repeat":"repeat","background-position":"center center","background-size":"auto","background-attachment":"scroll","background-type":"","background-media":"","overlay-type":"","overlay-color":"","overlay-opacity":"","overlay-gradient":""}},"footnotes":""},"categories":[1,29],"tags":[],"class_list":["post-1020","post","type-post","status-publish","format-standard","hentry","category-general","category-portada"],"post_mailing_queue_ids":[],"_links":{"self":[{"href":"https:\/\/agora.xtec.cat\/iesrafaelcampalans\/wp-json\/wp\/v2\/posts\/1020","targetHints":{"allow":["GET"]}}],"collection":[{"href":"https:\/\/agora.xtec.cat\/iesrafaelcampalans\/wp-json\/wp\/v2\/posts"}],"about":[{"href":"https:\/\/agora.xtec.cat\/iesrafaelcampalans\/wp-json\/wp\/v2\/types\/post"}],"author":[{"embeddable":true,"href":"https:\/\/agora.xtec.cat\/iesrafaelcampalans\/wp-json\/wp\/v2\/users\/1"}],"replies":[{"embeddable":true,"href":"https:\/\/agora.xtec.cat\/iesrafaelcampalans\/wp-json\/wp\/v2\/comments?post=1020"}],"version-history":[{"count":1,"href":"https:\/\/agora.xtec.cat\/iesrafaelcampalans\/wp-json\/wp\/v2\/posts\/1020\/revisions"}],"predecessor-version":[{"id":1721,"href":"https:\/\/agora.xtec.cat\/iesrafaelcampalans\/wp-json\/wp\/v2\/posts\/1020\/revisions\/1721"}],"wp:attachment":[{"href":"https:\/\/agora.xtec.cat\/iesrafaelcampalans\/wp-json\/wp\/v2\/media?parent=1020"}],"wp:term":[{"taxonomy":"category","embeddable":true,"href":"https:\/\/agora.xtec.cat\/iesrafaelcampalans\/wp-json\/wp\/v2\/categories?post=1020"},{"taxonomy":"post_tag","embeddable":true,"href":"https:\/\/agora.xtec.cat\/iesrafaelcampalans\/wp-json\/wp\/v2\/tags?post=1020"}],"curies":[{"name":"wp","href":"https:\/\/api.w.org\/{rel}","templated":true}]}}