{"id":9772,"date":"2023-04-27T09:52:16","date_gmt":"2023-04-27T07:52:16","guid":{"rendered":"https:\/\/agora.xtec.cat\/iespviana\/?p=9772"},"modified":"2023-04-27T16:11:13","modified_gmt":"2023-04-27T14:11:13","slug":"premi-de-recerca-marti-pous-i-serra","status":"publish","type":"post","link":"https:\/\/agora.xtec.cat\/iespviana\/general\/premi-de-recerca-marti-pous-i-serra\/","title":{"rendered":"Premi de Recerca Mart\u00ed Pous i Serra"},"content":{"rendered":"<p>Estem d&#8217;enhorabona!<\/p>\n<p>El nostre alumne de 2n de Batxillerat, \u00c0lex Gonz\u00e1lez, ha obtingut el 22\u00e8 Premi de Recerca Mart\u00ed Pous i Serra, organitzat per l&#8217;entitat <a href=\"https:\/\/ceiisantandreu.cat\/\" target=\"_blank\" rel=\"noopener\">Centre d&#8217;Estudis Ignasi Igl\u00e9sias<\/a>, del nostre districte.<\/p>\n<p>El seu treball premiat \u00e9s: &#8221; El franquisme viscut per la meva fam\u00edlia&#8221;.<\/p>\n<p>Felicitem a l&#8217;alumne i al seu tutor \u00c1ngel Aroca.<\/p>\n<div dir=\"auto\"><\/div>\n<p><img loading=\"lazy\" decoding=\"async\" class=\"aligncenter wp-image-9774 size-large\" src=\"https:\/\/agora.xtec.cat\/iespviana\/wp-content\/uploads\/usu1199\/2023\/04\/20230426_195617-retallada-1024x768.jpg\" alt=\"\" width=\"1024\" height=\"768\" srcset=\"https:\/\/agora.xtec.cat\/iespviana\/wp-content\/uploads\/usu1199\/2023\/04\/20230426_195617-retallada-1024x768.jpg 1024w, https:\/\/agora.xtec.cat\/iespviana\/wp-content\/uploads\/usu1199\/2023\/04\/20230426_195617-retallada-300x225.jpg 300w, https:\/\/agora.xtec.cat\/iespviana\/wp-content\/uploads\/usu1199\/2023\/04\/20230426_195617-retallada-768x576.jpg 768w, https:\/\/agora.xtec.cat\/iespviana\/wp-content\/uploads\/usu1199\/2023\/04\/20230426_195617-retallada-1536x1152.jpg 1536w, https:\/\/agora.xtec.cat\/iespviana\/wp-content\/uploads\/usu1199\/2023\/04\/20230426_195617-retallada-2048x1536.jpg 2048w, https:\/\/agora.xtec.cat\/iespviana\/wp-content\/uploads\/usu1199\/2023\/04\/20230426_195617-retallada-200x150.jpg 200w\" sizes=\"auto, (max-width: 1024px) 100vw, 1024px\" \/><\/p>\n<p>Podeu veure totes les <a href=\"https:\/\/photos.app.goo.gl\/n7Q5QTcZBpQK1bVM8\" target=\"_blank\" rel=\"noopener\">fotografies<\/a> a la <a href=\"https:\/\/agora.xtec.cat\/iespviana\/mediateca\/\" target=\"_blank\" rel=\"noopener\">mediateca<\/a>.<\/p>\n","protected":false},"excerpt":{"rendered":"<p>Estem d&#8217;enhorabona! El nostre alumne de 2n de Batxillerat, \u00c0lex Gonz\u00e1lez, ha obtingut el 22\u00e8 Premi de Recerca Mart\u00ed Pous [&hellip;]<\/p>\n","protected":false},"author":1,"featured_media":9774,"comment_status":"closed","ping_status":"closed","sticky":false,"template":"","format":"standard","meta":{"_bbp_topic_count":0,"_bbp_reply_count":0,"_bbp_total_topic_count":0,"_bbp_total_reply_count":0,"_bbp_voice_count":0,"_bbp_anonymous_reply_count":0,"_bbp_topic_count_hidden":0,"_bbp_reply_count_hidden":0,"_bbp_forum_subforum_count":0,"site-sidebar-layout":"default","site-content-layout":"","ast-site-content-layout":"","site-content-style":"default","site-sidebar-style":"default","ast-global-header-display":"","ast-banner-title-visibility":"","ast-main-header-display":"","ast-hfb-above-header-display":"","ast-hfb-below-header-display":"","ast-hfb-mobile-header-display":"","site-post-title":"","ast-breadcrumbs-content":"","ast-featured-img":"","footer-sml-layout":"","theme-transparent-header-meta":"","adv-header-id-meta":"","stick-header-meta":"","header-above-stick-meta":"","header-main-stick-meta":"","header-below-stick-meta":"","astra-migrate-meta-layouts":"default","ast-page-background-enabled":"default","ast-page-background-meta":{"desktop":{"background-color":"var(--ast-global-color-4)","background-image":"","background-repeat":"repeat","background-position":"center center","background-size":"auto","background-attachment":"scroll","background-type":"","background-media":"","overlay-type":"","overlay-color":"","overlay-opacity":"","overlay-gradient":""},"tablet":{"background-color":"","background-image":"","background-repeat":"repeat","background-position":"center center","background-size":"auto","background-attachment":"scroll","background-type":"","background-media":"","overlay-type":"","overlay-color":"","overlay-opacity":"","overlay-gradient":""},"mobile":{"background-color":"","background-image":"","background-repeat":"repeat","background-position":"center center","background-size":"auto","background-attachment":"scroll","background-type":"","background-media":"","overlay-type":"","overlay-color":"","overlay-opacity":"","overlay-gradient":""}},"ast-content-background-meta":{"desktop":{"background-color":"var(--ast-global-color-5)","background-image":"","background-repeat":"repeat","background-position":"center center","background-size":"auto","background-attachment":"scroll","background-type":"","background-media":"","overlay-type":"","overlay-color":"","overlay-opacity":"","overlay-gradient":""},"tablet":{"background-color":"var(--ast-global-color-5)","background-image":"","background-repeat":"repeat","background-position":"center center","background-size":"auto","background-attachment":"scroll","background-type":"","background-media":"","overlay-type":"","overlay-color":"","overlay-opacity":"","overlay-gradient":""},"mobile":{"background-color":"var(--ast-global-color-5)","background-image":"","background-repeat":"repeat","background-position":"center center","background-size":"auto","background-attachment":"scroll","background-type":"","background-media":"","overlay-type":"","overlay-color":"","overlay-opacity":"","overlay-gradient":""}},"footnotes":""},"categories":[8,58,59,3,24,25,26,1,29],"tags":[108,62],"class_list":["post-9772","post","type-post","status-publish","format-standard","has-post-thumbnail","hentry","category-batxillerat","category-batxillerat-1","category-batxillerat-2","category-eso","category-eso-4a","category-eso-4b","category-eso-4c","category-general","category-noticies","tag-premi","tag-treball-de-recerca"],"post_mailing_queue_ids":[],"_links":{"self":[{"href":"https:\/\/agora.xtec.cat\/iespviana\/wp-json\/wp\/v2\/posts\/9772","targetHints":{"allow":["GET"]}}],"collection":[{"href":"https:\/\/agora.xtec.cat\/iespviana\/wp-json\/wp\/v2\/posts"}],"about":[{"href":"https:\/\/agora.xtec.cat\/iespviana\/wp-json\/wp\/v2\/types\/post"}],"author":[{"embeddable":true,"href":"https:\/\/agora.xtec.cat\/iespviana\/wp-json\/wp\/v2\/users\/1"}],"replies":[{"embeddable":true,"href":"https:\/\/agora.xtec.cat\/iespviana\/wp-json\/wp\/v2\/comments?post=9772"}],"version-history":[{"count":4,"href":"https:\/\/agora.xtec.cat\/iespviana\/wp-json\/wp\/v2\/posts\/9772\/revisions"}],"predecessor-version":[{"id":9790,"href":"https:\/\/agora.xtec.cat\/iespviana\/wp-json\/wp\/v2\/posts\/9772\/revisions\/9790"}],"wp:featuredmedia":[{"embeddable":true,"href":"https:\/\/agora.xtec.cat\/iespviana\/wp-json\/wp\/v2\/media\/9774"}],"wp:attachment":[{"href":"https:\/\/agora.xtec.cat\/iespviana\/wp-json\/wp\/v2\/media?parent=9772"}],"wp:term":[{"taxonomy":"category","embeddable":true,"href":"https:\/\/agora.xtec.cat\/iespviana\/wp-json\/wp\/v2\/categories?post=9772"},{"taxonomy":"post_tag","embeddable":true,"href":"https:\/\/agora.xtec.cat\/iespviana\/wp-json\/wp\/v2\/tags?post=9772"}],"curies":[{"name":"wp","href":"https:\/\/api.w.org\/{rel}","templated":true}]}}