{"id":9714,"date":"2023-03-31T11:31:05","date_gmt":"2023-03-31T09:31:05","guid":{"rendered":"https:\/\/agora.xtec.cat\/iespviana\/?p=9714"},"modified":"2023-03-31T11:33:46","modified_gmt":"2023-03-31T09:33:46","slug":"cartell-guanyador-rebost-solidari","status":"publish","type":"post","link":"https:\/\/agora.xtec.cat\/iespviana\/general\/cartell-guanyador-rebost-solidari\/","title":{"rendered":"Cartell guanyador Rebost Solidari"},"content":{"rendered":"<p><span style=\"color: #000000;\">J<\/span>a tenim la guanyadora d&#8217;enguany del Cartell per a la recollida d&#8217;aliments del Rebost Solidari:<\/p>\n<p><b>IRENE CAVA GRAELLS<\/b>, de 4t d&#8217;ESO.<\/p>\n<p>Amb la seva proposta, ens acostem als\u00a0<b>colors del Pop Art de l&#8217;artista d&#8217;Andy Warhol<\/b>. Partint d&#8217;un \u00fanic disseny, hem creat 9 propostes de colors diferents, utilitzant els mateixos tons que l&#8217;artista va fer servir en la seva famosa obra &#8220;Campbell Soup&#8221;.<\/p>\n<p>A l&#8217;instagram tamb\u00e9 podeu trobar la versi\u00f3 animada del cartell.<\/p>\n<p>Els cartells per fer la campanya de la recollida d&#8217;aliments ha estat una proposta realitzada amb els alumnes de l&#8217;optativa de ViP de 4t ESO.<\/p>\n<p><b>El Rebost Solidari:<\/b><\/p>\n<p>de l&#8217;11 al 20 d&#8217;abril l&#8217;institut Pr\u00edncep de Viana organitza una recollida d&#8217;aliments per al\u00a0<b>Rebost Solidari del DISA de Sant Andreu<\/b>.<\/p>\n<p>Els productes que m\u00e9s es necessiten s\u00f3n pasta d&#8217;amanida, llaunes de sardines, sucs de fruita en format 1 litre i cereals per esmorzar, per\u00f2 tamb\u00e9 es poden portar-ne d&#8217;altres. La recollida dels aliments es centralitzar\u00e0 a les hores de tutoria que tingueu entre l&#8217;11 i el 20 d&#8217;abril.Recordeu que nom\u00e9s si participeu en la recollida d&#8217;aliments us lliurarem, m\u00e9s endavant, una samarreta amb el logo de l&#8217;institut.<\/p>\n<p>Esperem la vostra col\u00b7laboraci\u00f3 i que puguem omplir molts carros d&#8217;aliments<span style=\"color: #000000;\">!<\/span><\/p>\n<table style=\"border-collapse: collapse; width: 100%;\">\n<tbody>\n<tr>\n<td style=\"width: 50%;\"><img loading=\"lazy\" decoding=\"async\" class=\"aligncenter size-full wp-image-9717\" src=\"https:\/\/agora.xtec.cat\/iespviana\/wp-content\/uploads\/usu1199\/2023\/03\/ALIMENTS-WARHOL.png\" alt=\"\" width=\"1414\" height=\"2000\" srcset=\"https:\/\/agora.xtec.cat\/iespviana\/wp-content\/uploads\/usu1199\/2023\/03\/ALIMENTS-WARHOL.png 1414w, https:\/\/agora.xtec.cat\/iespviana\/wp-content\/uploads\/usu1199\/2023\/03\/ALIMENTS-WARHOL-212x300.png 212w, https:\/\/agora.xtec.cat\/iespviana\/wp-content\/uploads\/usu1199\/2023\/03\/ALIMENTS-WARHOL-724x1024.png 724w, https:\/\/agora.xtec.cat\/iespviana\/wp-content\/uploads\/usu1199\/2023\/03\/ALIMENTS-WARHOL-768x1086.png 768w, https:\/\/agora.xtec.cat\/iespviana\/wp-content\/uploads\/usu1199\/2023\/03\/ALIMENTS-WARHOL-1086x1536.png 1086w\" sizes=\"auto, (max-width: 1414px) 100vw, 1414px\" \/><\/td>\n<td style=\"width: 50%;\"><img loading=\"lazy\" decoding=\"async\" class=\"aligncenter size-full wp-image-9718\" src=\"https:\/\/agora.xtec.cat\/iespviana\/wp-content\/uploads\/usu1199\/2023\/03\/CARTELL-CAMPBELL.png\" alt=\"\" width=\"1414\" height=\"2000\" srcset=\"https:\/\/agora.xtec.cat\/iespviana\/wp-content\/uploads\/usu1199\/2023\/03\/CARTELL-CAMPBELL.png 1414w, https:\/\/agora.xtec.cat\/iespviana\/wp-content\/uploads\/usu1199\/2023\/03\/CARTELL-CAMPBELL-212x300.png 212w, https:\/\/agora.xtec.cat\/iespviana\/wp-content\/uploads\/usu1199\/2023\/03\/CARTELL-CAMPBELL-724x1024.png 724w, https:\/\/agora.xtec.cat\/iespviana\/wp-content\/uploads\/usu1199\/2023\/03\/CARTELL-CAMPBELL-768x1086.png 768w, https:\/\/agora.xtec.cat\/iespviana\/wp-content\/uploads\/usu1199\/2023\/03\/CARTELL-CAMPBELL-1086x1536.png 1086w\" sizes=\"auto, (max-width: 1414px) 100vw, 1414px\" \/><\/td>\n<\/tr>\n<\/tbody>\n<\/table>\n<p>&nbsp;<\/p>\n","protected":false},"excerpt":{"rendered":"<p>Ja tenim la guanyadora d&#8217;enguany del Cartell per a la recollida d&#8217;aliments del Rebost Solidari: IRENE CAVA GRAELLS, de 4t [&hellip;]<\/p>\n","protected":false},"author":1,"featured_media":9715,"comment_status":"open","ping_status":"closed","sticky":false,"template":"","format":"standard","meta":{"_bbp_topic_count":0,"_bbp_reply_count":0,"_bbp_total_topic_count":0,"_bbp_total_reply_count":0,"_bbp_voice_count":0,"_bbp_anonymous_reply_count":0,"_bbp_topic_count_hidden":0,"_bbp_reply_count_hidden":0,"_bbp_forum_subforum_count":0,"site-sidebar-layout":"default","site-content-layout":"","ast-site-content-layout":"","site-content-style":"default","site-sidebar-style":"default","ast-global-header-display":"","ast-banner-title-visibility":"","ast-main-header-display":"","ast-hfb-above-header-display":"","ast-hfb-below-header-display":"","ast-hfb-mobile-header-display":"","site-post-title":"","ast-breadcrumbs-content":"","ast-featured-img":"","footer-sml-layout":"","theme-transparent-header-meta":"","adv-header-id-meta":"","stick-header-meta":"","header-above-stick-meta":"","header-main-stick-meta":"","header-below-stick-meta":"","astra-migrate-meta-layouts":"default","ast-page-background-enabled":"default","ast-page-background-meta":{"desktop":{"background-color":"var(--ast-global-color-4)","background-image":"","background-repeat":"repeat","background-position":"center center","background-size":"auto","background-attachment":"scroll","background-type":"","background-media":"","overlay-type":"","overlay-color":"","overlay-opacity":"","overlay-gradient":""},"tablet":{"background-color":"","background-image":"","background-repeat":"repeat","background-position":"center center","background-size":"auto","background-attachment":"scroll","background-type":"","background-media":"","overlay-type":"","overlay-color":"","overlay-opacity":"","overlay-gradient":""},"mobile":{"background-color":"","background-image":"","background-repeat":"repeat","background-position":"center center","background-size":"auto","background-attachment":"scroll","background-type":"","background-media":"","overlay-type":"","overlay-color":"","overlay-opacity":"","overlay-gradient":""}},"ast-content-background-meta":{"desktop":{"background-color":"var(--ast-global-color-5)","background-image":"","background-repeat":"repeat","background-position":"center center","background-size":"auto","background-attachment":"scroll","background-type":"","background-media":"","overlay-type":"","overlay-color":"","overlay-opacity":"","overlay-gradient":""},"tablet":{"background-color":"var(--ast-global-color-5)","background-image":"","background-repeat":"repeat","background-position":"center center","background-size":"auto","background-attachment":"scroll","background-type":"","background-media":"","overlay-type":"","overlay-color":"","overlay-opacity":"","overlay-gradient":""},"mobile":{"background-color":"var(--ast-global-color-5)","background-image":"","background-repeat":"repeat","background-position":"center center","background-size":"auto","background-attachment":"scroll","background-type":"","background-media":"","overlay-type":"","overlay-color":"","overlay-opacity":"","overlay-gradient":""}},"footnotes":""},"categories":[1,29],"tags":[],"class_list":["post-9714","post","type-post","status-publish","format-standard","has-post-thumbnail","hentry","category-general","category-noticies"],"post_mailing_queue_ids":[],"_links":{"self":[{"href":"https:\/\/agora.xtec.cat\/iespviana\/wp-json\/wp\/v2\/posts\/9714","targetHints":{"allow":["GET"]}}],"collection":[{"href":"https:\/\/agora.xtec.cat\/iespviana\/wp-json\/wp\/v2\/posts"}],"about":[{"href":"https:\/\/agora.xtec.cat\/iespviana\/wp-json\/wp\/v2\/types\/post"}],"author":[{"embeddable":true,"href":"https:\/\/agora.xtec.cat\/iespviana\/wp-json\/wp\/v2\/users\/1"}],"replies":[{"embeddable":true,"href":"https:\/\/agora.xtec.cat\/iespviana\/wp-json\/wp\/v2\/comments?post=9714"}],"version-history":[{"count":2,"href":"https:\/\/agora.xtec.cat\/iespviana\/wp-json\/wp\/v2\/posts\/9714\/revisions"}],"predecessor-version":[{"id":9719,"href":"https:\/\/agora.xtec.cat\/iespviana\/wp-json\/wp\/v2\/posts\/9714\/revisions\/9719"}],"wp:featuredmedia":[{"embeddable":true,"href":"https:\/\/agora.xtec.cat\/iespviana\/wp-json\/wp\/v2\/media\/9715"}],"wp:attachment":[{"href":"https:\/\/agora.xtec.cat\/iespviana\/wp-json\/wp\/v2\/media?parent=9714"}],"wp:term":[{"taxonomy":"category","embeddable":true,"href":"https:\/\/agora.xtec.cat\/iespviana\/wp-json\/wp\/v2\/categories?post=9714"},{"taxonomy":"post_tag","embeddable":true,"href":"https:\/\/agora.xtec.cat\/iespviana\/wp-json\/wp\/v2\/tags?post=9714"}],"curies":[{"name":"wp","href":"https:\/\/api.w.org\/{rel}","templated":true}]}}