{"id":9345,"date":"2022-11-04T11:05:00","date_gmt":"2022-11-04T10:05:00","guid":{"rendered":"https:\/\/agora.xtec.cat\/iespviana\/?p=9345"},"modified":"2022-11-04T11:05:00","modified_gmt":"2022-11-04T10:05:00","slug":"sortida-al-teatre-4t-eso","status":"publish","type":"post","link":"https:\/\/agora.xtec.cat\/iespviana\/general\/sortida-al-teatre-4t-eso\/","title":{"rendered":"SORTIDA AL TEATRE 4t ESO"},"content":{"rendered":"<p>Divendres passat, 28 d&#8217;octubre, els alumnes de 4t d&#8217;ESO va fer fer una sortida al teatre, al SAT, per veure una representaci\u00f3 de l&#8217;obra &#8220;Aig\u00fces encantades&#8221;, de Joan Puig i Ferrater, drama que pr\u00e8viament havien llegit a classe. Tot va anar molt b\u00e9 i la majoria dels assistents van sortir plenament satisfets de l&#8217;experi\u00e8ncia. Heus-ne ac\u00ed unes quantes <a href=\"https:\/\/photos.app.goo.gl\/guw542jgKdxBPG218\" target=\"_blank\" rel=\"noopener\">imatges<\/a> que podeu trobar a la <a href=\"https:\/\/agora.xtec.cat\/iespviana\/mediateca\/\" target=\"_blank\" rel=\"noopener\">mediateca<\/a>.<\/p>\n<p>&nbsp;<\/p>\n<p><img loading=\"lazy\" decoding=\"async\" class=\"aligncenter size-full wp-image-9349\" src=\"https:\/\/agora.xtec.cat\/iespviana\/wp-content\/uploads\/usu1199\/2022\/11\/Screenshot_20221028_222527_edit_109497116978601.jpg\" alt=\"\" width=\"1509\" height=\"956\" srcset=\"https:\/\/agora.xtec.cat\/iespviana\/wp-content\/uploads\/usu1199\/2022\/11\/Screenshot_20221028_222527_edit_109497116978601.jpg 1509w, https:\/\/agora.xtec.cat\/iespviana\/wp-content\/uploads\/usu1199\/2022\/11\/Screenshot_20221028_222527_edit_109497116978601-300x190.jpg 300w, https:\/\/agora.xtec.cat\/iespviana\/wp-content\/uploads\/usu1199\/2022\/11\/Screenshot_20221028_222527_edit_109497116978601-1024x649.jpg 1024w, https:\/\/agora.xtec.cat\/iespviana\/wp-content\/uploads\/usu1199\/2022\/11\/Screenshot_20221028_222527_edit_109497116978601-768x487.jpg 768w\" sizes=\"auto, (max-width: 1509px) 100vw, 1509px\" \/><\/p>\n","protected":false},"excerpt":{"rendered":"<p>Divendres passat, 28 d&#8217;octubre, els alumnes de 4t d&#8217;ESO va fer fer una sortida al teatre, al SAT, per veure [&hellip;]<\/p>\n","protected":false},"author":1,"featured_media":9349,"comment_status":"open","ping_status":"closed","sticky":false,"template":"","format":"standard","meta":{"_bbp_topic_count":0,"_bbp_reply_count":0,"_bbp_total_topic_count":0,"_bbp_total_reply_count":0,"_bbp_voice_count":0,"_bbp_anonymous_reply_count":0,"_bbp_topic_count_hidden":0,"_bbp_reply_count_hidden":0,"_bbp_forum_subforum_count":0,"site-sidebar-layout":"default","site-content-layout":"","ast-site-content-layout":"","site-content-style":"default","site-sidebar-style":"default","ast-global-header-display":"","ast-banner-title-visibility":"","ast-main-header-display":"","ast-hfb-above-header-display":"","ast-hfb-below-header-display":"","ast-hfb-mobile-header-display":"","site-post-title":"","ast-breadcrumbs-content":"","ast-featured-img":"","footer-sml-layout":"","theme-transparent-header-meta":"","adv-header-id-meta":"","stick-header-meta":"","header-above-stick-meta":"","header-main-stick-meta":"","header-below-stick-meta":"","astra-migrate-meta-layouts":"default","ast-page-background-enabled":"default","ast-page-background-meta":{"desktop":{"background-color":"var(--ast-global-color-4)","background-image":"","background-repeat":"repeat","background-position":"center center","background-size":"auto","background-attachment":"scroll","background-type":"","background-media":"","overlay-type":"","overlay-color":"","overlay-opacity":"","overlay-gradient":""},"tablet":{"background-color":"","background-image":"","background-repeat":"repeat","background-position":"center center","background-size":"auto","background-attachment":"scroll","background-type":"","background-media":"","overlay-type":"","overlay-color":"","overlay-opacity":"","overlay-gradient":""},"mobile":{"background-color":"","background-image":"","background-repeat":"repeat","background-position":"center center","background-size":"auto","background-attachment":"scroll","background-type":"","background-media":"","overlay-type":"","overlay-color":"","overlay-opacity":"","overlay-gradient":""}},"ast-content-background-meta":{"desktop":{"background-color":"var(--ast-global-color-5)","background-image":"","background-repeat":"repeat","background-position":"center center","background-size":"auto","background-attachment":"scroll","background-type":"","background-media":"","overlay-type":"","overlay-color":"","overlay-opacity":"","overlay-gradient":""},"tablet":{"background-color":"var(--ast-global-color-5)","background-image":"","background-repeat":"repeat","background-position":"center center","background-size":"auto","background-attachment":"scroll","background-type":"","background-media":"","overlay-type":"","overlay-color":"","overlay-opacity":"","overlay-gradient":""},"mobile":{"background-color":"var(--ast-global-color-5)","background-image":"","background-repeat":"repeat","background-position":"center center","background-size":"auto","background-attachment":"scroll","background-type":"","background-media":"","overlay-type":"","overlay-color":"","overlay-opacity":"","overlay-gradient":""}},"footnotes":""},"categories":[3,7,24,25,26,1,29],"tags":[121],"class_list":["post-9345","post","type-post","status-publish","format-standard","has-post-thumbnail","hentry","category-eso","category-eso-4","category-eso-4a","category-eso-4b","category-eso-4c","category-general","category-noticies","tag-sortida"],"post_mailing_queue_ids":[],"_links":{"self":[{"href":"https:\/\/agora.xtec.cat\/iespviana\/wp-json\/wp\/v2\/posts\/9345","targetHints":{"allow":["GET"]}}],"collection":[{"href":"https:\/\/agora.xtec.cat\/iespviana\/wp-json\/wp\/v2\/posts"}],"about":[{"href":"https:\/\/agora.xtec.cat\/iespviana\/wp-json\/wp\/v2\/types\/post"}],"author":[{"embeddable":true,"href":"https:\/\/agora.xtec.cat\/iespviana\/wp-json\/wp\/v2\/users\/1"}],"replies":[{"embeddable":true,"href":"https:\/\/agora.xtec.cat\/iespviana\/wp-json\/wp\/v2\/comments?post=9345"}],"version-history":[{"count":3,"href":"https:\/\/agora.xtec.cat\/iespviana\/wp-json\/wp\/v2\/posts\/9345\/revisions"}],"predecessor-version":[{"id":9350,"href":"https:\/\/agora.xtec.cat\/iespviana\/wp-json\/wp\/v2\/posts\/9345\/revisions\/9350"}],"wp:featuredmedia":[{"embeddable":true,"href":"https:\/\/agora.xtec.cat\/iespviana\/wp-json\/wp\/v2\/media\/9349"}],"wp:attachment":[{"href":"https:\/\/agora.xtec.cat\/iespviana\/wp-json\/wp\/v2\/media?parent=9345"}],"wp:term":[{"taxonomy":"category","embeddable":true,"href":"https:\/\/agora.xtec.cat\/iespviana\/wp-json\/wp\/v2\/categories?post=9345"},{"taxonomy":"post_tag","embeddable":true,"href":"https:\/\/agora.xtec.cat\/iespviana\/wp-json\/wp\/v2\/tags?post=9345"}],"curies":[{"name":"wp","href":"https:\/\/api.w.org\/{rel}","templated":true}]}}