{"id":9033,"date":"2022-08-31T14:41:52","date_gmt":"2022-08-31T12:41:52","guid":{"rendered":"https:\/\/agora.xtec.cat\/iespviana\/?p=9033"},"modified":"2022-09-06T17:46:17","modified_gmt":"2022-09-06T15:46:17","slug":"inici-curs-2022-2023","status":"publish","type":"post","link":"https:\/\/agora.xtec.cat\/iespviana\/general\/inici-curs-2022-2023\/","title":{"rendered":"INICI CURS 2022-2023"},"content":{"rendered":"<p>Benvolgudes fam\u00edlies i benvolgut alumnat,<\/p>\n<div><\/div>\n<p>Desitgem que h\u00e0giu passat unes bones vacances i us donem la benvinguda al nou curs.<\/p>\n<p><img loading=\"lazy\" decoding=\"async\" class=\"size-full wp-image-9035 alignright\" src=\"https:\/\/agora.xtec.cat\/iespviana\/wp-content\/uploads\/usu1199\/2022\/08\/inicicurs.jpg\" alt=\"\" width=\"393\" height=\"261\" srcset=\"https:\/\/agora.xtec.cat\/iespviana\/wp-content\/uploads\/usu1199\/2022\/08\/inicicurs.jpg 393w, https:\/\/agora.xtec.cat\/iespviana\/wp-content\/uploads\/usu1199\/2022\/08\/inicicurs-300x199.jpg 300w\" sizes=\"auto, (max-width: 393px) 100vw, 393px\" \/><\/p>\n<p>L&#8217;acollida\u00a0i la presentaci\u00f3 del curs\u00a0es far\u00e0 el\u00a0dimecres 7 de setembre\u00a0a la sala d&#8217;actes en l&#8217;horari que hi ha a continuaci\u00f3:<\/p>\n<p><span style=\"font-family: inherit; font-size: 1em;\">1r ESO\u00a0 \u00a0 \u00a0 \u00a09:30 h<\/span><\/p>\n<div>\n<p><span style=\"font-family: inherit; font-size: 1em;\">2n ESO\u00a0 \u00a0 \u00a0 10:15 h<\/span><\/p>\n<p>3r ESO\u00a0 \u00a0 \u00a0 \u00a011:00 h<\/p>\n<p>4t ESO\u00a0 \u00a0 \u00a0 \u00a011:30 h<\/p>\n<p>Batxillerat\u00a0 \u00a0 12:30 h<\/p>\n<p>En aquesta sessi\u00f3 l&#8217;alumnat coneixer\u00e0 l&#8217;equip de tutors i tutores i rebr\u00e0 una agenda i una carpeta. Cal portar paper i bol\u00edgraf per anotar les informacions que es donaran.<\/p>\n<p>Les classes comen\u00e7aran el dijous 8 de setembre a les 8:00 h.<\/p>\n<p>Aprofitem per comunicar el dia i l&#8217;horari de les reunions d&#8217;inici de curs amb les fam\u00edlies per tal que us pugueu planificar. Aquestes reunions es faran presencialment a l&#8217;institut.<\/p>\n<blockquote>\n<div>Reunions fam\u00edlies 1r ESO &#8211; dimarts 13 de setembre a les 17:00 h a la sala d&#8217;actes<\/div>\n<div>Reunions fam\u00edlies 2n, 3r, 4t ESO i 2n Batx &#8211;\u00a0 dimarts 13 de setembre a les 17:30 h a l&#8217;aula del grup classe<\/div>\n<div>Reunions fam\u00edlies 1r Batx &#8211;\u00a0 dimarts 13 de setembre a les 18:00 h a la sala d&#8217;actes<\/div>\n<\/blockquote>\n<p>Molt benvinguts\/des a tots i totes!<\/p>\n<p><a href=\"https:\/\/agora.xtec.cat\/iespviana\/administracio-i-serveis\/secretaria-nova\/beques-i-ajuts\/\" target=\"_blank\" rel=\"noopener\">Beques<\/a><\/p>\n<\/div>\n","protected":false},"excerpt":{"rendered":"<p>Benvolgudes fam\u00edlies i benvolgut alumnat, Desitgem que h\u00e0giu passat unes bones vacances i us donem la benvinguda al nou curs. [&hellip;]<\/p>\n","protected":false},"author":1,"featured_media":9035,"comment_status":"closed","ping_status":"closed","sticky":false,"template":"","format":"standard","meta":{"_bbp_topic_count":0,"_bbp_reply_count":0,"_bbp_total_topic_count":0,"_bbp_total_reply_count":0,"_bbp_voice_count":0,"_bbp_anonymous_reply_count":0,"_bbp_topic_count_hidden":0,"_bbp_reply_count_hidden":0,"_bbp_forum_subforum_count":0,"site-sidebar-layout":"default","site-content-layout":"","ast-site-content-layout":"","site-content-style":"default","site-sidebar-style":"default","ast-global-header-display":"","ast-banner-title-visibility":"","ast-main-header-display":"","ast-hfb-above-header-display":"","ast-hfb-below-header-display":"","ast-hfb-mobile-header-display":"","site-post-title":"","ast-breadcrumbs-content":"","ast-featured-img":"","footer-sml-layout":"","theme-transparent-header-meta":"","adv-header-id-meta":"","stick-header-meta":"","header-above-stick-meta":"","header-main-stick-meta":"","header-below-stick-meta":"","astra-migrate-meta-layouts":"default","ast-page-background-enabled":"default","ast-page-background-meta":{"desktop":{"background-color":"var(--ast-global-color-4)","background-image":"","background-repeat":"repeat","background-position":"center center","background-size":"auto","background-attachment":"scroll","background-type":"","background-media":"","overlay-type":"","overlay-color":"","overlay-opacity":"","overlay-gradient":""},"tablet":{"background-color":"","background-image":"","background-repeat":"repeat","background-position":"center center","background-size":"auto","background-attachment":"scroll","background-type":"","background-media":"","overlay-type":"","overlay-color":"","overlay-opacity":"","overlay-gradient":""},"mobile":{"background-color":"","background-image":"","background-repeat":"repeat","background-position":"center center","background-size":"auto","background-attachment":"scroll","background-type":"","background-media":"","overlay-type":"","overlay-color":"","overlay-opacity":"","overlay-gradient":""}},"ast-content-background-meta":{"desktop":{"background-color":"var(--ast-global-color-5)","background-image":"","background-repeat":"repeat","background-position":"center center","background-size":"auto","background-attachment":"scroll","background-type":"","background-media":"","overlay-type":"","overlay-color":"","overlay-opacity":"","overlay-gradient":""},"tablet":{"background-color":"var(--ast-global-color-5)","background-image":"","background-repeat":"repeat","background-position":"center center","background-size":"auto","background-attachment":"scroll","background-type":"","background-media":"","overlay-type":"","overlay-color":"","overlay-opacity":"","overlay-gradient":""},"mobile":{"background-color":"var(--ast-global-color-5)","background-image":"","background-repeat":"repeat","background-position":"center center","background-size":"auto","background-attachment":"scroll","background-type":"","background-media":"","overlay-type":"","overlay-color":"","overlay-opacity":"","overlay-gradient":""}},"footnotes":""},"categories":[31,8,58,59,3,4,5,6,7,1,29],"tags":[165],"class_list":["post-9033","post","type-post","status-publish","format-standard","has-post-thumbnail","hentry","category-ampa","category-batxillerat","category-batxillerat-1","category-batxillerat-2","category-eso","category-eso-1","category-eso-2","category-eso-3","category-eso-4","category-general","category-noticies","tag-inici-de-curs"],"post_mailing_queue_ids":[],"_links":{"self":[{"href":"https:\/\/agora.xtec.cat\/iespviana\/wp-json\/wp\/v2\/posts\/9033","targetHints":{"allow":["GET"]}}],"collection":[{"href":"https:\/\/agora.xtec.cat\/iespviana\/wp-json\/wp\/v2\/posts"}],"about":[{"href":"https:\/\/agora.xtec.cat\/iespviana\/wp-json\/wp\/v2\/types\/post"}],"author":[{"embeddable":true,"href":"https:\/\/agora.xtec.cat\/iespviana\/wp-json\/wp\/v2\/users\/1"}],"replies":[{"embeddable":true,"href":"https:\/\/agora.xtec.cat\/iespviana\/wp-json\/wp\/v2\/comments?post=9033"}],"version-history":[{"count":3,"href":"https:\/\/agora.xtec.cat\/iespviana\/wp-json\/wp\/v2\/posts\/9033\/revisions"}],"predecessor-version":[{"id":9037,"href":"https:\/\/agora.xtec.cat\/iespviana\/wp-json\/wp\/v2\/posts\/9033\/revisions\/9037"}],"wp:featuredmedia":[{"embeddable":true,"href":"https:\/\/agora.xtec.cat\/iespviana\/wp-json\/wp\/v2\/media\/9035"}],"wp:attachment":[{"href":"https:\/\/agora.xtec.cat\/iespviana\/wp-json\/wp\/v2\/media?parent=9033"}],"wp:term":[{"taxonomy":"category","embeddable":true,"href":"https:\/\/agora.xtec.cat\/iespviana\/wp-json\/wp\/v2\/categories?post=9033"},{"taxonomy":"post_tag","embeddable":true,"href":"https:\/\/agora.xtec.cat\/iespviana\/wp-json\/wp\/v2\/tags?post=9033"}],"curies":[{"name":"wp","href":"https:\/\/api.w.org\/{rel}","templated":true}]}}