{"id":8791,"date":"2022-04-25T20:34:34","date_gmt":"2022-04-25T18:34:34","guid":{"rendered":"https:\/\/agora.xtec.cat\/iespviana\/?p=8791"},"modified":"2022-04-25T20:37:23","modified_gmt":"2022-04-25T18:37:23","slug":"venda-samarretes-aps-de-3r-eso","status":"publish","type":"post","link":"https:\/\/agora.xtec.cat\/iespviana\/general\/venda-samarretes-aps-de-3r-eso\/","title":{"rendered":"Venda samarretes ApS de 3r ESO"},"content":{"rendered":"<p><span lang=\"CA\">L&#8217;alumnat de 3rB a la mat\u00e8ria d&#8217;Aprenentatge i Servei col\u00b7laboren amb amb la <a href=\"http:\/\/www.alkaria.org\/\" target=\"_blank\" rel=\"noopener\">ONGD Alkaria<\/a>. L\u2019ONGD est\u00e0 desenvolupant un projecte esportiu d&#8217;empoderament de la dona a l&#8217;\u00c0frica des de la din\u00e0mica de l&#8217;esport amb un equip de b\u00e0squet femen\u00ed del Senegal. Un dels objectius d&#8217;Alkaria \u00e9s recollir diners i material (sobretot bambes de b\u00e0squet) per a que les noies tinguin material adequat per a poder practicar l\u2019esport.<\/span><\/p>\n<p><span lang=\"CA\">L&#8217;alumnat de 3rB han fet un Instagram del projecte per a ajudar a la difusi\u00f3 del projecte, i col\u00b7laboren amb l&#8217;equip de b\u00e0squet Sant Joan de Mata del nostre barri per a la recollida de material i venda de samarretes.<\/span><\/p>\n<p><span lang=\"CA\">Per aquesta ra\u00f3 aquesta setmana l&#8217;alumnat de 3rB posaran una paradeta venent les samarretes del projecte. Hi ha altres centres que tamb\u00e9 hi col\u00b7laboren.<\/span><\/p>\n<p><img loading=\"lazy\" decoding=\"async\" class=\"aligncenter size-full wp-image-8790\" src=\"https:\/\/agora.xtec.cat\/iespviana\/wp-content\/uploads\/usu1199\/2022\/04\/Samarretes.png\" alt=\"\" width=\"904\" height=\"1280\" srcset=\"https:\/\/agora.xtec.cat\/iespviana\/wp-content\/uploads\/usu1199\/2022\/04\/Samarretes.png 904w, https:\/\/agora.xtec.cat\/iespviana\/wp-content\/uploads\/usu1199\/2022\/04\/Samarretes-212x300.png 212w, https:\/\/agora.xtec.cat\/iespviana\/wp-content\/uploads\/usu1199\/2022\/04\/Samarretes-723x1024.png 723w, https:\/\/agora.xtec.cat\/iespviana\/wp-content\/uploads\/usu1199\/2022\/04\/Samarretes-768x1087.png 768w\" sizes=\"auto, (max-width: 904px) 100vw, 904px\" \/><\/p>\n","protected":false},"excerpt":{"rendered":"<p>L&#8217;alumnat de 3rB a la mat\u00e8ria d&#8217;Aprenentatge i Servei col\u00b7laboren amb amb la ONGD Alkaria. L\u2019ONGD est\u00e0 desenvolupant un projecte [&hellip;]<\/p>\n","protected":false},"author":1,"featured_media":8790,"comment_status":"closed","ping_status":"closed","sticky":false,"template":"","format":"standard","meta":{"_bbp_topic_count":0,"_bbp_reply_count":0,"_bbp_total_topic_count":0,"_bbp_total_reply_count":0,"_bbp_voice_count":0,"_bbp_anonymous_reply_count":0,"_bbp_topic_count_hidden":0,"_bbp_reply_count_hidden":0,"_bbp_forum_subforum_count":0,"site-sidebar-layout":"default","site-content-layout":"","ast-site-content-layout":"","site-content-style":"default","site-sidebar-style":"default","ast-global-header-display":"","ast-banner-title-visibility":"","ast-main-header-display":"","ast-hfb-above-header-display":"","ast-hfb-below-header-display":"","ast-hfb-mobile-header-display":"","site-post-title":"","ast-breadcrumbs-content":"","ast-featured-img":"","footer-sml-layout":"","theme-transparent-header-meta":"","adv-header-id-meta":"","stick-header-meta":"","header-above-stick-meta":"","header-main-stick-meta":"","header-below-stick-meta":"","astra-migrate-meta-layouts":"default","ast-page-background-enabled":"default","ast-page-background-meta":{"desktop":{"background-color":"var(--ast-global-color-4)","background-image":"","background-repeat":"repeat","background-position":"center center","background-size":"auto","background-attachment":"scroll","background-type":"","background-media":"","overlay-type":"","overlay-color":"","overlay-opacity":"","overlay-gradient":""},"tablet":{"background-color":"","background-image":"","background-repeat":"repeat","background-position":"center center","background-size":"auto","background-attachment":"scroll","background-type":"","background-media":"","overlay-type":"","overlay-color":"","overlay-opacity":"","overlay-gradient":""},"mobile":{"background-color":"","background-image":"","background-repeat":"repeat","background-position":"center center","background-size":"auto","background-attachment":"scroll","background-type":"","background-media":"","overlay-type":"","overlay-color":"","overlay-opacity":"","overlay-gradient":""}},"ast-content-background-meta":{"desktop":{"background-color":"var(--ast-global-color-5)","background-image":"","background-repeat":"repeat","background-position":"center center","background-size":"auto","background-attachment":"scroll","background-type":"","background-media":"","overlay-type":"","overlay-color":"","overlay-opacity":"","overlay-gradient":""},"tablet":{"background-color":"var(--ast-global-color-5)","background-image":"","background-repeat":"repeat","background-position":"center center","background-size":"auto","background-attachment":"scroll","background-type":"","background-media":"","overlay-type":"","overlay-color":"","overlay-opacity":"","overlay-gradient":""},"mobile":{"background-color":"var(--ast-global-color-5)","background-image":"","background-repeat":"repeat","background-position":"center center","background-size":"auto","background-attachment":"scroll","background-type":"","background-media":"","overlay-type":"","overlay-color":"","overlay-opacity":"","overlay-gradient":""}},"footnotes":""},"categories":[3,6,20,21,54,1,29],"tags":[131,120,160],"class_list":["post-8791","post","type-post","status-publish","format-standard","has-post-thumbnail","hentry","category-eso","category-eso-3","category-eso-3b","category-eso-3c","category-eso-3d","category-general","category-noticies","tag-aprenentatge-i-servei","tag-aps","tag-solida"],"post_mailing_queue_ids":[],"_links":{"self":[{"href":"https:\/\/agora.xtec.cat\/iespviana\/wp-json\/wp\/v2\/posts\/8791","targetHints":{"allow":["GET"]}}],"collection":[{"href":"https:\/\/agora.xtec.cat\/iespviana\/wp-json\/wp\/v2\/posts"}],"about":[{"href":"https:\/\/agora.xtec.cat\/iespviana\/wp-json\/wp\/v2\/types\/post"}],"author":[{"embeddable":true,"href":"https:\/\/agora.xtec.cat\/iespviana\/wp-json\/wp\/v2\/users\/1"}],"replies":[{"embeddable":true,"href":"https:\/\/agora.xtec.cat\/iespviana\/wp-json\/wp\/v2\/comments?post=8791"}],"version-history":[{"count":2,"href":"https:\/\/agora.xtec.cat\/iespviana\/wp-json\/wp\/v2\/posts\/8791\/revisions"}],"predecessor-version":[{"id":8793,"href":"https:\/\/agora.xtec.cat\/iespviana\/wp-json\/wp\/v2\/posts\/8791\/revisions\/8793"}],"wp:featuredmedia":[{"embeddable":true,"href":"https:\/\/agora.xtec.cat\/iespviana\/wp-json\/wp\/v2\/media\/8790"}],"wp:attachment":[{"href":"https:\/\/agora.xtec.cat\/iespviana\/wp-json\/wp\/v2\/media?parent=8791"}],"wp:term":[{"taxonomy":"category","embeddable":true,"href":"https:\/\/agora.xtec.cat\/iespviana\/wp-json\/wp\/v2\/categories?post=8791"},{"taxonomy":"post_tag","embeddable":true,"href":"https:\/\/agora.xtec.cat\/iespviana\/wp-json\/wp\/v2\/tags?post=8791"}],"curies":[{"name":"wp","href":"https:\/\/api.w.org\/{rel}","templated":true}]}}