{"id":8630,"date":"2022-03-28T09:37:33","date_gmt":"2022-03-28T07:37:33","guid":{"rendered":"https:\/\/agora.xtec.cat\/iespviana\/?p=8630"},"modified":"2022-03-28T09:37:33","modified_gmt":"2022-03-28T07:37:33","slug":"xerrada-els-oficis-de-laudiovisual","status":"publish","type":"post","link":"https:\/\/agora.xtec.cat\/iespviana\/general\/xerrada-els-oficis-de-laudiovisual\/","title":{"rendered":"Xerrada &#8220;Els oficis de l&#8217;audiovisual&#8221;"},"content":{"rendered":"<p>Durant dos dies del mes de mar\u00e7 l&#8217;alumnat de Cultura Audiovisual ha gaudit de la xerrada realitzada per Nacho Molin\u00e9, de l&#8217;ESCAC, sobre les diferents professions que entren en joc en la creaci\u00f3 audiovisual. Ha estat molt interessant!<\/p>\n<p>Podeu veure totes les <a href=\"https:\/\/photos.app.goo.gl\/dQ5SFcYAwjM6EHvv6\" target=\"_blank\" rel=\"noopener\">fotografies<\/a> a la <a href=\"https:\/\/agora.xtec.cat\/iespviana\/mediateca\/\" target=\"_blank\" rel=\"noopener\">mediateca<\/a>.<\/p>\n<p>&nbsp;<\/p>\n<p><img loading=\"lazy\" decoding=\"async\" class=\"aligncenter wp-image-8632 size-large\" src=\"https:\/\/agora.xtec.cat\/iespviana\/wp-content\/uploads\/usu1199\/2022\/03\/Portada-3-1024x768.jpg\" alt=\"\" width=\"1024\" height=\"768\" srcset=\"https:\/\/agora.xtec.cat\/iespviana\/wp-content\/uploads\/usu1199\/2022\/03\/Portada-3-1024x768.jpg 1024w, https:\/\/agora.xtec.cat\/iespviana\/wp-content\/uploads\/usu1199\/2022\/03\/Portada-3-300x225.jpg 300w, https:\/\/agora.xtec.cat\/iespviana\/wp-content\/uploads\/usu1199\/2022\/03\/Portada-3-768x576.jpg 768w, https:\/\/agora.xtec.cat\/iespviana\/wp-content\/uploads\/usu1199\/2022\/03\/Portada-3-1536x1152.jpg 1536w, https:\/\/agora.xtec.cat\/iespviana\/wp-content\/uploads\/usu1199\/2022\/03\/Portada-3-2048x1536.jpg 2048w, https:\/\/agora.xtec.cat\/iespviana\/wp-content\/uploads\/usu1199\/2022\/03\/Portada-3-200x150.jpg 200w\" sizes=\"auto, (max-width: 1024px) 100vw, 1024px\" \/><\/p>\n","protected":false},"excerpt":{"rendered":"<p>Durant dos dies del mes de mar\u00e7 l&#8217;alumnat de Cultura Audiovisual ha gaudit de la xerrada realitzada per Nacho Molin\u00e9, [&hellip;]<\/p>\n","protected":false},"author":1,"featured_media":8632,"comment_status":"closed","ping_status":"closed","sticky":false,"template":"","format":"standard","meta":{"_bbp_topic_count":0,"_bbp_reply_count":0,"_bbp_total_topic_count":0,"_bbp_total_reply_count":0,"_bbp_voice_count":0,"_bbp_anonymous_reply_count":0,"_bbp_topic_count_hidden":0,"_bbp_reply_count_hidden":0,"_bbp_forum_subforum_count":0,"site-sidebar-layout":"default","site-content-layout":"","ast-site-content-layout":"","site-content-style":"default","site-sidebar-style":"default","ast-global-header-display":"","ast-banner-title-visibility":"","ast-main-header-display":"","ast-hfb-above-header-display":"","ast-hfb-below-header-display":"","ast-hfb-mobile-header-display":"","site-post-title":"","ast-breadcrumbs-content":"","ast-featured-img":"","footer-sml-layout":"","theme-transparent-header-meta":"","adv-header-id-meta":"","stick-header-meta":"","header-above-stick-meta":"","header-main-stick-meta":"","header-below-stick-meta":"","astra-migrate-meta-layouts":"default","ast-page-background-enabled":"default","ast-page-background-meta":{"desktop":{"background-color":"var(--ast-global-color-4)","background-image":"","background-repeat":"repeat","background-position":"center center","background-size":"auto","background-attachment":"scroll","background-type":"","background-media":"","overlay-type":"","overlay-color":"","overlay-opacity":"","overlay-gradient":""},"tablet":{"background-color":"","background-image":"","background-repeat":"repeat","background-position":"center center","background-size":"auto","background-attachment":"scroll","background-type":"","background-media":"","overlay-type":"","overlay-color":"","overlay-opacity":"","overlay-gradient":""},"mobile":{"background-color":"","background-image":"","background-repeat":"repeat","background-position":"center center","background-size":"auto","background-attachment":"scroll","background-type":"","background-media":"","overlay-type":"","overlay-color":"","overlay-opacity":"","overlay-gradient":""}},"ast-content-background-meta":{"desktop":{"background-color":"var(--ast-global-color-5)","background-image":"","background-repeat":"repeat","background-position":"center center","background-size":"auto","background-attachment":"scroll","background-type":"","background-media":"","overlay-type":"","overlay-color":"","overlay-opacity":"","overlay-gradient":""},"tablet":{"background-color":"var(--ast-global-color-5)","background-image":"","background-repeat":"repeat","background-position":"center center","background-size":"auto","background-attachment":"scroll","background-type":"","background-media":"","overlay-type":"","overlay-color":"","overlay-opacity":"","overlay-gradient":""},"mobile":{"background-color":"var(--ast-global-color-5)","background-image":"","background-repeat":"repeat","background-position":"center center","background-size":"auto","background-attachment":"scroll","background-type":"","background-media":"","overlay-type":"","overlay-color":"","overlay-opacity":"","overlay-gradient":""}},"footnotes":""},"categories":[8,58,59,1,29],"tags":[44],"class_list":["post-8630","post","type-post","status-publish","format-standard","has-post-thumbnail","hentry","category-batxillerat","category-batxillerat-1","category-batxillerat-2","category-general","category-noticies","tag-xerrades"],"post_mailing_queue_ids":[],"_links":{"self":[{"href":"https:\/\/agora.xtec.cat\/iespviana\/wp-json\/wp\/v2\/posts\/8630","targetHints":{"allow":["GET"]}}],"collection":[{"href":"https:\/\/agora.xtec.cat\/iespviana\/wp-json\/wp\/v2\/posts"}],"about":[{"href":"https:\/\/agora.xtec.cat\/iespviana\/wp-json\/wp\/v2\/types\/post"}],"author":[{"embeddable":true,"href":"https:\/\/agora.xtec.cat\/iespviana\/wp-json\/wp\/v2\/users\/1"}],"replies":[{"embeddable":true,"href":"https:\/\/agora.xtec.cat\/iespviana\/wp-json\/wp\/v2\/comments?post=8630"}],"version-history":[{"count":2,"href":"https:\/\/agora.xtec.cat\/iespviana\/wp-json\/wp\/v2\/posts\/8630\/revisions"}],"predecessor-version":[{"id":8633,"href":"https:\/\/agora.xtec.cat\/iespviana\/wp-json\/wp\/v2\/posts\/8630\/revisions\/8633"}],"wp:featuredmedia":[{"embeddable":true,"href":"https:\/\/agora.xtec.cat\/iespviana\/wp-json\/wp\/v2\/media\/8632"}],"wp:attachment":[{"href":"https:\/\/agora.xtec.cat\/iespviana\/wp-json\/wp\/v2\/media?parent=8630"}],"wp:term":[{"taxonomy":"category","embeddable":true,"href":"https:\/\/agora.xtec.cat\/iespviana\/wp-json\/wp\/v2\/categories?post=8630"},{"taxonomy":"post_tag","embeddable":true,"href":"https:\/\/agora.xtec.cat\/iespviana\/wp-json\/wp\/v2\/tags?post=8630"}],"curies":[{"name":"wp","href":"https:\/\/api.w.org\/{rel}","templated":true}]}}