{"id":8569,"date":"2022-03-15T09:51:45","date_gmt":"2022-03-15T08:51:45","guid":{"rendered":"https:\/\/agora.xtec.cat\/iespviana\/?p=8569"},"modified":"2022-03-15T10:00:52","modified_gmt":"2022-03-15T09:00:52","slug":"les-beques-de-batxillerat-shan-avancat","status":"publish","type":"post","link":"https:\/\/agora.xtec.cat\/iespviana\/general\/les-beques-de-batxillerat-shan-avancat\/","title":{"rendered":"Les Beques de Batxillerat s&#8217;han avan\u00e7at!"},"content":{"rendered":"<p style=\"font-weight: 400;\">URGENT!\u00a0Les beques de batxillerat s&#8217;han avan\u00e7at.<\/p>\n<p style=\"font-weight: 400;\"><a href=\"https:\/\/www.becaseducacion.gob.es\/becas-y-ayudas.html\" target=\"_blank\" rel=\"noopener\">Beques per a Ensenyaments Post-obligatoris per al curs 22-23<\/a>, es pot demanar a partir del 30 de mar\u00e7 i fins al 12 de maig de 2022.<\/p>\n<p><a href=\"https:\/\/www.becaseducacion.gob.es\/becas-y-ayudas\/fp-bachillerato-otros\/como-solicitarla.html#pasos-para-solicitarla\" target=\"_blank\" rel=\"noopener\">Sol\u00b7licitud telem\u00e0tica de la beca<\/a>. Un cop feta la sol\u00b7licitud telem\u00e0tica, s&#8217;ha de lliurar una c\u00f2pia del resguard de la sol\u00b7licitud a la secretaria del centre.<\/p>\n<p style=\"font-weight: 400;\"><a href=\"https:\/\/agora.xtec.cat\/iespviana\/administracio-i-serveis\/secretaria-nova\/beques-i-ajuts\/\" target=\"_blank\" rel=\"noopener\"><img loading=\"lazy\" decoding=\"async\" class=\"aligncenter size-full wp-image-7893\" src=\"https:\/\/agora.xtec.cat\/iespviana\/wp-content\/uploads\/usu1199\/2021\/12\/beques.jpg\" alt=\"\" width=\"225\" height=\"225\" srcset=\"https:\/\/agora.xtec.cat\/iespviana\/wp-content\/uploads\/usu1199\/2021\/12\/beques.jpg 225w, https:\/\/agora.xtec.cat\/iespviana\/wp-content\/uploads\/usu1199\/2021\/12\/beques-150x150.jpg 150w\" sizes=\"auto, (max-width: 225px) 100vw, 225px\" \/><\/a><\/p>\n<p>Aquestes beques van dirigides a:<\/p>\n<p>Ense\u00f1anzas postobligatorias y superiores no universitarias del sistema educativo espa\u00f1ol y con validez en todo el territorio nacional:<\/p>\n<p>a)\u00a0Primer y segundo cursos de bachillerato.<\/p>\n<p>b)\u00a0Formaci\u00f3n Profesional de grado medio y de grado superior, incluidos los estudios de formaci\u00f3n profesional realizados en los centros docentes militares.<\/p>\n<p>c)\u00a0Ense\u00f1anzas art\u00edsticas profesionales.<\/p>\n<p>d)\u00a0Ense\u00f1anzas deportivas.<\/p>\n<p>e)\u00a0Ense\u00f1anzas art\u00edsticas superiores.<\/p>\n<p>f)\u00a0Estudios religiosos superiores.<\/p>\n<p>g)\u00a0Estudios de idiomas realizados en escuelas oficiales de titularidad de las administraciones educativas, incluida la modalidad de distancia.<\/p>\n<p>h) Cursos de acceso y cursos de preparaci\u00f3n para las pruebas de acceso a la formaci\u00f3n profesional y cursos de formaci\u00f3n espec\u00edficos para el acceso a los ciclos formativos de grado medio y de grado superior impartidos en centros p\u00fablicos y en centros privados concertados que tengan autorizadas ense\u00f1anzas de formaci\u00f3n profesional.<\/p>\n<p>i)\u00a0Ciclos Formativos de Grado B\u00e1sico<\/p>\n<p>&nbsp;<\/p>\n<p>Extracto de la Resoluci\u00f3n de 10 de marzo de 2022, de la Secretar\u00eda de Estado de Educaci\u00f3n, por la que se convocan becas de car\u00e1cter general para el curso acad\u00e9mico 2022-2023, para estudiantes que cursen estudios postobligatorios.<\/p>\n<p><a href=\"https:\/\/eur03.safelinks.protection.outlook.com\/?url=https%3A%2F%2Fwww.boe.es%2Fboe%2Fdias%2F2022%2F03%2F12%2Fpdfs%2FBOE-B-2022-7804.pdf&amp;data=04%7C01%7Ctsoler.ceb%40gencat.cat%7Cd92189c79e904ba9584808da059b2025%7C3b9427dcd30e43bc8c06ff7253676fec%7C1%7C0%7C637828461057151983%7CUnknown%7CTWFpbGZsb3d8eyJWIjoiMC4wLjAwMDAiLCJQIjoiV2luMzIiLCJBTiI6Ik1haWwiLCJXVCI6Mn0%3D%7C3000&amp;sdata=pNDM7nPviylUFYqIySJorYevkVZbQeeqsSsoxnfR1v4%3D&amp;reserved=0\" data-saferedirecturl=\"https:\/\/www.google.com\/url?q=https:\/\/eur03.safelinks.protection.outlook.com\/?url%3Dhttps%253A%252F%252Fwww.boe.es%252Fboe%252Fdias%252F2022%252F03%252F12%252Fpdfs%252FBOE-B-2022-7804.pdf%26data%3D04%257C01%257Ctsoler.ceb%2540gencat.cat%257Cd92189c79e904ba9584808da059b2025%257C3b9427dcd30e43bc8c06ff7253676fec%257C1%257C0%257C637828461057151983%257CUnknown%257CTWFpbGZsb3d8eyJWIjoiMC4wLjAwMDAiLCJQIjoiV2luMzIiLCJBTiI6Ik1haWwiLCJXVCI6Mn0%253D%257C3000%26sdata%3DpNDM7nPviylUFYqIySJorYevkVZbQeeqsSsoxnfR1v4%253D%26reserved%3D0&amp;source=gmail&amp;ust=1647420391146000&amp;usg=AOvVaw1oeyBB_3i8MpwvPz2O_x46\">PDF (BOE-B-2022-7804 &#8211; 3 p\u00e1gs. &#8211; 154 KB)<\/a><\/p>\n","protected":false},"excerpt":{"rendered":"<p>URGENT!\u00a0Les beques de batxillerat s&#8217;han avan\u00e7at. Beques per a Ensenyaments Post-obligatoris per al curs 22-23, es pot demanar a partir [&hellip;]<\/p>\n","protected":false},"author":1,"featured_media":7905,"comment_status":"closed","ping_status":"closed","sticky":false,"template":"","format":"standard","meta":{"_bbp_topic_count":0,"_bbp_reply_count":0,"_bbp_total_topic_count":0,"_bbp_total_reply_count":0,"_bbp_voice_count":0,"_bbp_anonymous_reply_count":0,"_bbp_topic_count_hidden":0,"_bbp_reply_count_hidden":0,"_bbp_forum_subforum_count":0,"site-sidebar-layout":"default","site-content-layout":"","ast-site-content-layout":"","site-content-style":"default","site-sidebar-style":"default","ast-global-header-display":"","ast-banner-title-visibility":"","ast-main-header-display":"","ast-hfb-above-header-display":"","ast-hfb-below-header-display":"","ast-hfb-mobile-header-display":"","site-post-title":"","ast-breadcrumbs-content":"","ast-featured-img":"","footer-sml-layout":"","theme-transparent-header-meta":"","adv-header-id-meta":"","stick-header-meta":"","header-above-stick-meta":"","header-main-stick-meta":"","header-below-stick-meta":"","astra-migrate-meta-layouts":"default","ast-page-background-enabled":"default","ast-page-background-meta":{"desktop":{"background-color":"var(--ast-global-color-4)","background-image":"","background-repeat":"repeat","background-position":"center center","background-size":"auto","background-attachment":"scroll","background-type":"","background-media":"","overlay-type":"","overlay-color":"","overlay-opacity":"","overlay-gradient":""},"tablet":{"background-color":"","background-image":"","background-repeat":"repeat","background-position":"center center","background-size":"auto","background-attachment":"scroll","background-type":"","background-media":"","overlay-type":"","overlay-color":"","overlay-opacity":"","overlay-gradient":""},"mobile":{"background-color":"","background-image":"","background-repeat":"repeat","background-position":"center center","background-size":"auto","background-attachment":"scroll","background-type":"","background-media":"","overlay-type":"","overlay-color":"","overlay-opacity":"","overlay-gradient":""}},"ast-content-background-meta":{"desktop":{"background-color":"var(--ast-global-color-5)","background-image":"","background-repeat":"repeat","background-position":"center center","background-size":"auto","background-attachment":"scroll","background-type":"","background-media":"","overlay-type":"","overlay-color":"","overlay-opacity":"","overlay-gradient":""},"tablet":{"background-color":"var(--ast-global-color-5)","background-image":"","background-repeat":"repeat","background-position":"center center","background-size":"auto","background-attachment":"scroll","background-type":"","background-media":"","overlay-type":"","overlay-color":"","overlay-opacity":"","overlay-gradient":""},"mobile":{"background-color":"var(--ast-global-color-5)","background-image":"","background-repeat":"repeat","background-position":"center center","background-size":"auto","background-attachment":"scroll","background-type":"","background-media":"","overlay-type":"","overlay-color":"","overlay-opacity":"","overlay-gradient":""}},"footnotes":""},"categories":[8,58,59,7,24,25,26,1,29],"tags":[138],"class_list":["post-8569","post","type-post","status-publish","format-standard","has-post-thumbnail","hentry","category-batxillerat","category-batxillerat-1","category-batxillerat-2","category-eso-4","category-eso-4a","category-eso-4b","category-eso-4c","category-general","category-noticies","tag-beques"],"post_mailing_queue_ids":[],"_links":{"self":[{"href":"https:\/\/agora.xtec.cat\/iespviana\/wp-json\/wp\/v2\/posts\/8569","targetHints":{"allow":["GET"]}}],"collection":[{"href":"https:\/\/agora.xtec.cat\/iespviana\/wp-json\/wp\/v2\/posts"}],"about":[{"href":"https:\/\/agora.xtec.cat\/iespviana\/wp-json\/wp\/v2\/types\/post"}],"author":[{"embeddable":true,"href":"https:\/\/agora.xtec.cat\/iespviana\/wp-json\/wp\/v2\/users\/1"}],"replies":[{"embeddable":true,"href":"https:\/\/agora.xtec.cat\/iespviana\/wp-json\/wp\/v2\/comments?post=8569"}],"version-history":[{"count":3,"href":"https:\/\/agora.xtec.cat\/iespviana\/wp-json\/wp\/v2\/posts\/8569\/revisions"}],"predecessor-version":[{"id":8574,"href":"https:\/\/agora.xtec.cat\/iespviana\/wp-json\/wp\/v2\/posts\/8569\/revisions\/8574"}],"wp:featuredmedia":[{"embeddable":true,"href":"https:\/\/agora.xtec.cat\/iespviana\/wp-json\/wp\/v2\/media\/7905"}],"wp:attachment":[{"href":"https:\/\/agora.xtec.cat\/iespviana\/wp-json\/wp\/v2\/media?parent=8569"}],"wp:term":[{"taxonomy":"category","embeddable":true,"href":"https:\/\/agora.xtec.cat\/iespviana\/wp-json\/wp\/v2\/categories?post=8569"},{"taxonomy":"post_tag","embeddable":true,"href":"https:\/\/agora.xtec.cat\/iespviana\/wp-json\/wp\/v2\/tags?post=8569"}],"curies":[{"name":"wp","href":"https:\/\/api.w.org\/{rel}","templated":true}]}}