{"id":7552,"date":"2021-09-16T16:55:47","date_gmt":"2021-09-16T14:55:47","guid":{"rendered":"https:\/\/agora.xtec.cat\/iespviana\/?p=7552"},"modified":"2021-09-30T09:06:44","modified_gmt":"2021-09-30T07:06:44","slug":"reunions-dinici-de-curs-2021-22","status":"publish","type":"post","link":"https:\/\/agora.xtec.cat\/iespviana\/general\/reunions-dinici-de-curs-2021-22\/","title":{"rendered":"REUNIONS D&#8217;INICI DE CURS 2021-22"},"content":{"rendered":"<p>Benvolgudes fam\u00edlies,<\/p>\n<p>Les reunions d&#8217;inici de curs amb els equips de tutors i tutores i la junta directiva es realitzaran telem\u00e0ticament a trav\u00e9s del meet.<\/p>\n<p>La sessi\u00f3 consta de dues parts,<strong> cada una amb el seu propi enlla\u00e7 al meet que rebreu al correu electr\u00f2nic que heu facilitat al centre.<\/strong><\/p>\n<p>La primera part de la sessi\u00f3 consistir\u00e0 en l\u2019acollida i la benvinguda al nou curs escolar per part de l\u2019equip directiu.<\/p>\n<p>La segona part de la sessi\u00f3 consistir\u00e0 en l\u2019acollida per part del tutor o la tutora del vostre fill\/a i trasp\u00e0s d\u2019informacions relatives al nou curs.<\/p>\n<p><img loading=\"lazy\" decoding=\"async\" class=\"size-full wp-image-7556 alignright\" src=\"https:\/\/agora.xtec.cat\/iespviana\/wp-content\/uploads\/usu1199\/2021\/09\/REUNIONS.jpg\" alt=\"\" width=\"168\" height=\"143\" \/>\u00c9s fonamental la vostra assist\u00e8ncia a aquesta reuni\u00f3.\u00a0L\u2019institut i les fam\u00edlies hem de treballar conjuntament en el proc\u00e9s educatiu, col\u00b7laborant per aconseguir un mateix objectiu.<\/p>\n<div>Calendari de les reunions:<\/div>\n<blockquote>\n<div><b>1r d\u2019ESO &#8211; dimarts 21 de setembre a les 17:00\u00a0<\/b><\/div>\n<div><b>2n i 3r d\u2019ESO &#8211; dimarts 21 de setembre a les 18:00\u00a0<\/b><\/div>\n<div><b>4t d&#8217;ESO &#8211; dimarts 28 de setembre a les 17:00\u00a0<\/b><\/div>\n<div><b>Batxillerat &#8211; dimarts 28 de setembre a les 18:00<\/b><\/div>\n<\/blockquote>\n<div>Cordialment,<\/div>\n<div>\n<div><\/div>\n<div>L&#8217;equip directiu<\/div>\n<\/div>\n","protected":false},"excerpt":{"rendered":"<p>Benvolgudes fam\u00edlies, Les reunions d&#8217;inici de curs amb els equips de tutors i tutores i la junta directiva es realitzaran [&hellip;]<\/p>\n","protected":false},"author":1,"featured_media":7556,"comment_status":"closed","ping_status":"closed","sticky":false,"template":"","format":"standard","meta":{"_bbp_topic_count":0,"_bbp_reply_count":0,"_bbp_total_topic_count":0,"_bbp_total_reply_count":0,"_bbp_voice_count":0,"_bbp_anonymous_reply_count":0,"_bbp_topic_count_hidden":0,"_bbp_reply_count_hidden":0,"_bbp_forum_subforum_count":0,"site-sidebar-layout":"default","site-content-layout":"","ast-site-content-layout":"","site-content-style":"default","site-sidebar-style":"default","ast-global-header-display":"","ast-banner-title-visibility":"","ast-main-header-display":"","ast-hfb-above-header-display":"","ast-hfb-below-header-display":"","ast-hfb-mobile-header-display":"","site-post-title":"","ast-breadcrumbs-content":"","ast-featured-img":"","footer-sml-layout":"","theme-transparent-header-meta":"","adv-header-id-meta":"","stick-header-meta":"","header-above-stick-meta":"","header-main-stick-meta":"","header-below-stick-meta":"","astra-migrate-meta-layouts":"default","ast-page-background-enabled":"default","ast-page-background-meta":{"desktop":{"background-color":"var(--ast-global-color-4)","background-image":"","background-repeat":"repeat","background-position":"center center","background-size":"auto","background-attachment":"scroll","background-type":"","background-media":"","overlay-type":"","overlay-color":"","overlay-opacity":"","overlay-gradient":""},"tablet":{"background-color":"","background-image":"","background-repeat":"repeat","background-position":"center center","background-size":"auto","background-attachment":"scroll","background-type":"","background-media":"","overlay-type":"","overlay-color":"","overlay-opacity":"","overlay-gradient":""},"mobile":{"background-color":"","background-image":"","background-repeat":"repeat","background-position":"center center","background-size":"auto","background-attachment":"scroll","background-type":"","background-media":"","overlay-type":"","overlay-color":"","overlay-opacity":"","overlay-gradient":""}},"ast-content-background-meta":{"desktop":{"background-color":"var(--ast-global-color-5)","background-image":"","background-repeat":"repeat","background-position":"center center","background-size":"auto","background-attachment":"scroll","background-type":"","background-media":"","overlay-type":"","overlay-color":"","overlay-opacity":"","overlay-gradient":""},"tablet":{"background-color":"var(--ast-global-color-5)","background-image":"","background-repeat":"repeat","background-position":"center center","background-size":"auto","background-attachment":"scroll","background-type":"","background-media":"","overlay-type":"","overlay-color":"","overlay-opacity":"","overlay-gradient":""},"mobile":{"background-color":"var(--ast-global-color-5)","background-image":"","background-repeat":"repeat","background-position":"center center","background-size":"auto","background-attachment":"scroll","background-type":"","background-media":"","overlay-type":"","overlay-color":"","overlay-opacity":"","overlay-gradient":""}},"footnotes":""},"categories":[31,8,3,1,29],"tags":[66],"class_list":["post-7552","post","type-post","status-publish","format-standard","has-post-thumbnail","hentry","category-ampa","category-batxillerat","category-eso","category-general","category-noticies","tag-benvinguda"],"post_mailing_queue_ids":[],"_links":{"self":[{"href":"https:\/\/agora.xtec.cat\/iespviana\/wp-json\/wp\/v2\/posts\/7552","targetHints":{"allow":["GET"]}}],"collection":[{"href":"https:\/\/agora.xtec.cat\/iespviana\/wp-json\/wp\/v2\/posts"}],"about":[{"href":"https:\/\/agora.xtec.cat\/iespviana\/wp-json\/wp\/v2\/types\/post"}],"author":[{"embeddable":true,"href":"https:\/\/agora.xtec.cat\/iespviana\/wp-json\/wp\/v2\/users\/1"}],"replies":[{"embeddable":true,"href":"https:\/\/agora.xtec.cat\/iespviana\/wp-json\/wp\/v2\/comments?post=7552"}],"version-history":[{"count":3,"href":"https:\/\/agora.xtec.cat\/iespviana\/wp-json\/wp\/v2\/posts\/7552\/revisions"}],"predecessor-version":[{"id":7582,"href":"https:\/\/agora.xtec.cat\/iespviana\/wp-json\/wp\/v2\/posts\/7552\/revisions\/7582"}],"wp:featuredmedia":[{"embeddable":true,"href":"https:\/\/agora.xtec.cat\/iespviana\/wp-json\/wp\/v2\/media\/7556"}],"wp:attachment":[{"href":"https:\/\/agora.xtec.cat\/iespviana\/wp-json\/wp\/v2\/media?parent=7552"}],"wp:term":[{"taxonomy":"category","embeddable":true,"href":"https:\/\/agora.xtec.cat\/iespviana\/wp-json\/wp\/v2\/categories?post=7552"},{"taxonomy":"post_tag","embeddable":true,"href":"https:\/\/agora.xtec.cat\/iespviana\/wp-json\/wp\/v2\/tags?post=7552"}],"curies":[{"name":"wp","href":"https:\/\/api.w.org\/{rel}","templated":true}]}}