{"id":7390,"date":"2021-06-28T15:20:24","date_gmt":"2021-06-28T13:20:24","guid":{"rendered":"http:\/\/agora.xtec.cat\/iespviana\/?p=7390"},"modified":"2021-06-29T08:25:09","modified_gmt":"2021-06-29T06:25:09","slug":"comunicat-concentracio-1-de-juliol-19h-esboremlassetjamentescolar","status":"publish","type":"post","link":"https:\/\/agora.xtec.cat\/iespviana\/general\/comunicat-concentracio-1-de-juliol-19h-esboremlassetjamentescolar\/","title":{"rendered":"Comunicat concentraci\u00f3 1 de juliol 19h #esboremlassetjamentescolar"},"content":{"rendered":"<p class=\"gmail_default\">L&#8217;AFA s&#8217;uneix al<b>\u00a0Grup de Fam\u00edlies Unides per Aturar l&#8217;Assetjament Escolar,\u00a0<\/b>i serem presents a la<b>\u00a0<\/b>concentraci\u00f3 el proper\u00a0<b>dijous 1 de juliol, a les 19h<\/b>,\u00a0amb el lema #<b>esborremlassetjamentescolar<\/b>.<\/p>\n<p class=\"gmail_default\">Convidem a tota la comunitat educativa del Pr\u00edncep de Viana a sumar-se a aquesta acci\u00f3 i anar-hi plegats. Si ens voleu acompanyar us esperem a les 18h a la porta del centre.<\/p>\n<p>Srs.\/Sres.,<\/p>\n<p>Som la &#8220;Plataforma de Grup de Fam\u00edlies Unides per aturar l&#8217;assetjament escolar&#8221;. Aquest grup neix fruit de les diferents experi\u00e8ncies viscudes en primera persona com a testimonis del que implica viure l&#8217;assetjament escolar.<\/p>\n<p>La nostra plataforma \u00e9s un projecte que s&#8217;est\u00e0 gestant i neix a principis de juny de 2021. Els darrers esdeveniments de casos d&#8217;assetjament i cyberbullying escolar que s&#8217;estan donant, ens ha remogut les nostres viv\u00e8ncies anteriors.<\/p>\n<p>A la present, us adjuntem <a href=\"https:\/\/drive.google.com\/file\/d\/1KeCOMDmIezkUcuOkqvNLo5uZF_vnN54N\/view?usp=sharing\" target=\"_blank\" rel=\"noopener noreferrer\">la carta d&#8217;objectius d&#8217;aquesta plataforma #esboremmlassetjamentescolar<\/a>.<\/p>\n<p>La nostra demanda es ser escoltats davant els casos d&#8217;assetjament escolar i revisar els protocols o circuits d&#8217;atenci\u00f3 d&#8217;aquests menors.<\/p>\n<p>Per tot aix\u00f2, us convidem a participar a la propera i primera manifestaci\u00f3 per aturar l&#8217;assetjament a les aules l&#8217;1 de juliol a les 19h a la pla\u00e7a Urquinaona amb Pau Claris.<\/p>\n<p><img loading=\"lazy\" decoding=\"async\" class=\"wp-image-7392 size-medium alignleft\" src=\"https:\/\/agora.xtec.cat\/iespviana\/wp-content\/uploads\/usu1199\/2021\/06\/Plataforma-2-300x300.jpeg\" alt=\"\" width=\"300\" height=\"300\" srcset=\"https:\/\/agora.xtec.cat\/iespviana\/wp-content\/uploads\/usu1199\/2021\/06\/Plataforma-2-300x300.jpeg 300w, https:\/\/agora.xtec.cat\/iespviana\/wp-content\/uploads\/usu1199\/2021\/06\/Plataforma-2-150x150.jpeg 150w, https:\/\/agora.xtec.cat\/iespviana\/wp-content\/uploads\/usu1199\/2021\/06\/Plataforma-2-768x768.jpeg 768w, https:\/\/agora.xtec.cat\/iespviana\/wp-content\/uploads\/usu1199\/2021\/06\/Plataforma-2-1024x1024.jpeg 1024w, https:\/\/agora.xtec.cat\/iespviana\/wp-content\/uploads\/usu1199\/2021\/06\/Plataforma-2.jpeg 1920w\" sizes=\"auto, (max-width: 300px) 100vw, 300px\" \/><\/p>\n<p><img loading=\"lazy\" decoding=\"async\" class=\"wp-image-7393 size-medium aligncenter\" src=\"https:\/\/agora.xtec.cat\/iespviana\/wp-content\/uploads\/usu1199\/2021\/06\/Convocatoria-300x200.jpeg\" alt=\"\" width=\"300\" height=\"200\" srcset=\"https:\/\/agora.xtec.cat\/iespviana\/wp-content\/uploads\/usu1199\/2021\/06\/Convocatoria-300x200.jpeg 300w, https:\/\/agora.xtec.cat\/iespviana\/wp-content\/uploads\/usu1199\/2021\/06\/Convocatoria-768x512.jpeg 768w, https:\/\/agora.xtec.cat\/iespviana\/wp-content\/uploads\/usu1199\/2021\/06\/Convocatoria.jpeg 1000w\" sizes=\"auto, (max-width: 300px) 100vw, 300px\" \/><\/p>\n<p>&nbsp;<\/p>\n<p>&nbsp;<\/p>\n<p>&nbsp;<\/p>\n<p>Comunicado convocatoria 1 de julio #borremoselacoso<\/p>\n<p>Se\u00f1ores\/as:<\/p>\n<p>Somos la &#8220;Plataforma Grupo de Familias Unidas para frenar el acoso escolar.&#8221;<br \/>\nEste grupo nace fruto de las diferentes experiencias vividas en primera persona como testigos de lo que implica vivir el acoso escolar.<\/p>\n<p>Nuestra plataforma es un proyecto que se est\u00e1 gestando y naci\u00f3 a principios de junio de 2021. Los \u00faltimos casos de acoso y cyberbullying escolar que se est\u00e1n dando nos han removido nuestras vivencias anteriores.<\/p>\n<p>En la presente, os adjuntamos<a href=\"https:\/\/drive.google.com\/file\/d\/1KeCOMDmIezkUcuOkqvNLo5uZF_vnN54N\/view?usp=sharing\" target=\"_blank\" rel=\"noopener noreferrer\"> la carta de objetivos de esta plataforma #esboremmlassetjamentescolar<\/a><br \/>\nNuestra demanda es ser escuchados en los casos de acoso escolar y revisar los protocolos o circuitos de atenci\u00f3n de estos menores.<br \/>\nPor todo ello, os invitamos a la pr\u00f3xima y primera manifestaci\u00f3n para parar el acoso en las aulas el 1 de julio a las 19h en la plaza Urquinaona con Pau Claris.<\/p>\n","protected":false},"excerpt":{"rendered":"<p>L&#8217;AFA s&#8217;uneix al\u00a0Grup de Fam\u00edlies Unides per Aturar l&#8217;Assetjament Escolar,\u00a0i serem presents a la\u00a0concentraci\u00f3 el proper\u00a0dijous 1 de juliol, a [&hellip;]<\/p>\n","protected":false},"author":1,"featured_media":7393,"comment_status":"closed","ping_status":"closed","sticky":false,"template":"","format":"standard","meta":{"_bbp_topic_count":0,"_bbp_reply_count":0,"_bbp_total_topic_count":0,"_bbp_total_reply_count":0,"_bbp_voice_count":0,"_bbp_anonymous_reply_count":0,"_bbp_topic_count_hidden":0,"_bbp_reply_count_hidden":0,"_bbp_forum_subforum_count":0,"site-sidebar-layout":"default","site-content-layout":"","ast-site-content-layout":"","site-content-style":"default","site-sidebar-style":"default","ast-global-header-display":"","ast-banner-title-visibility":"","ast-main-header-display":"","ast-hfb-above-header-display":"","ast-hfb-below-header-display":"","ast-hfb-mobile-header-display":"","site-post-title":"","ast-breadcrumbs-content":"","ast-featured-img":"","footer-sml-layout":"","theme-transparent-header-meta":"","adv-header-id-meta":"","stick-header-meta":"","header-above-stick-meta":"","header-main-stick-meta":"","header-below-stick-meta":"","astra-migrate-meta-layouts":"default","ast-page-background-enabled":"default","ast-page-background-meta":{"desktop":{"background-color":"var(--ast-global-color-4)","background-image":"","background-repeat":"repeat","background-position":"center center","background-size":"auto","background-attachment":"scroll","background-type":"","background-media":"","overlay-type":"","overlay-color":"","overlay-opacity":"","overlay-gradient":""},"tablet":{"background-color":"","background-image":"","background-repeat":"repeat","background-position":"center center","background-size":"auto","background-attachment":"scroll","background-type":"","background-media":"","overlay-type":"","overlay-color":"","overlay-opacity":"","overlay-gradient":""},"mobile":{"background-color":"","background-image":"","background-repeat":"repeat","background-position":"center center","background-size":"auto","background-attachment":"scroll","background-type":"","background-media":"","overlay-type":"","overlay-color":"","overlay-opacity":"","overlay-gradient":""}},"ast-content-background-meta":{"desktop":{"background-color":"var(--ast-global-color-5)","background-image":"","background-repeat":"repeat","background-position":"center center","background-size":"auto","background-attachment":"scroll","background-type":"","background-media":"","overlay-type":"","overlay-color":"","overlay-opacity":"","overlay-gradient":""},"tablet":{"background-color":"var(--ast-global-color-5)","background-image":"","background-repeat":"repeat","background-position":"center center","background-size":"auto","background-attachment":"scroll","background-type":"","background-media":"","overlay-type":"","overlay-color":"","overlay-opacity":"","overlay-gradient":""},"mobile":{"background-color":"var(--ast-global-color-5)","background-image":"","background-repeat":"repeat","background-position":"center center","background-size":"auto","background-attachment":"scroll","background-type":"","background-media":"","overlay-type":"","overlay-color":"","overlay-opacity":"","overlay-gradient":""}},"footnotes":""},"categories":[31,8,3,1,29],"tags":[],"class_list":["post-7390","post","type-post","status-publish","format-standard","has-post-thumbnail","hentry","category-ampa","category-batxillerat","category-eso","category-general","category-noticies"],"post_mailing_queue_ids":[],"_links":{"self":[{"href":"https:\/\/agora.xtec.cat\/iespviana\/wp-json\/wp\/v2\/posts\/7390","targetHints":{"allow":["GET"]}}],"collection":[{"href":"https:\/\/agora.xtec.cat\/iespviana\/wp-json\/wp\/v2\/posts"}],"about":[{"href":"https:\/\/agora.xtec.cat\/iespviana\/wp-json\/wp\/v2\/types\/post"}],"author":[{"embeddable":true,"href":"https:\/\/agora.xtec.cat\/iespviana\/wp-json\/wp\/v2\/users\/1"}],"replies":[{"embeddable":true,"href":"https:\/\/agora.xtec.cat\/iespviana\/wp-json\/wp\/v2\/comments?post=7390"}],"version-history":[{"count":3,"href":"https:\/\/agora.xtec.cat\/iespviana\/wp-json\/wp\/v2\/posts\/7390\/revisions"}],"predecessor-version":[{"id":7410,"href":"https:\/\/agora.xtec.cat\/iespviana\/wp-json\/wp\/v2\/posts\/7390\/revisions\/7410"}],"wp:featuredmedia":[{"embeddable":true,"href":"https:\/\/agora.xtec.cat\/iespviana\/wp-json\/wp\/v2\/media\/7393"}],"wp:attachment":[{"href":"https:\/\/agora.xtec.cat\/iespviana\/wp-json\/wp\/v2\/media?parent=7390"}],"wp:term":[{"taxonomy":"category","embeddable":true,"href":"https:\/\/agora.xtec.cat\/iespviana\/wp-json\/wp\/v2\/categories?post=7390"},{"taxonomy":"post_tag","embeddable":true,"href":"https:\/\/agora.xtec.cat\/iespviana\/wp-json\/wp\/v2\/tags?post=7390"}],"curies":[{"name":"wp","href":"https:\/\/api.w.org\/{rel}","templated":true}]}}