{"id":7364,"date":"2021-06-19T15:10:16","date_gmt":"2021-06-19T13:10:16","guid":{"rendered":"http:\/\/agora.xtec.cat\/iespviana\/?p=7364"},"modified":"2021-06-19T15:11:05","modified_gmt":"2021-06-19T13:11:05","slug":"trobada-amb-lalcaldessa","status":"publish","type":"post","link":"https:\/\/agora.xtec.cat\/iespviana\/general\/trobada-amb-lalcaldessa\/","title":{"rendered":"TROBADA AMB L&#8217;ALCALDESSA"},"content":{"rendered":"<p>Avui divendres 18 de juny la Gemma Cullell ha representat el nostre l&#8217;institut\u00a0 a l&#8217;acte del Proc\u00e9s Participatiu de la Ciutadania Adolescent de Barcelona, que ha tingut lloc al Sal\u00f3 de Cent de l&#8217;ajuntament de Barcelona i que ha comptat amb la pres\u00e8ncia de l&#8217;alcaldessa Ada Colau, el regidor de Medi Ambient Oriol Badia i la comissionada d&#8217;Educaci\u00f3 Maria Tru\u00f1\u00f3.<br \/>\nA l&#8217;acte s&#8217;ha presentat la s\u00edntesi de resultats de tota la feina duta a terme al llarg del curs.<\/p>\n<p><img loading=\"lazy\" decoding=\"async\" class=\"aligncenter wp-image-7366 size-medium\" src=\"https:\/\/agora.xtec.cat\/iespviana\/wp-content\/uploads\/usu1199\/2021\/06\/portada-1-300x225.jpg\" alt=\"\" width=\"300\" height=\"225\" srcset=\"https:\/\/agora.xtec.cat\/iespviana\/wp-content\/uploads\/usu1199\/2021\/06\/portada-1-300x225.jpg 300w, https:\/\/agora.xtec.cat\/iespviana\/wp-content\/uploads\/usu1199\/2021\/06\/portada-1-768x577.jpg 768w, https:\/\/agora.xtec.cat\/iespviana\/wp-content\/uploads\/usu1199\/2021\/06\/portada-1-1024x769.jpg 1024w, https:\/\/agora.xtec.cat\/iespviana\/wp-content\/uploads\/usu1199\/2021\/06\/portada-1-200x150.jpg 200w\" sizes=\"auto, (max-width: 300px) 100vw, 300px\" \/><\/p>\n<div dir=\"auto\" data-smartmail=\"gmail_signature\">Felicitats a tot l&#8217;alumnat de 1 d&#8217;ESO per la implicaci\u00f3. I gr\u00e0cies!<\/div>\n<div dir=\"auto\" data-smartmail=\"gmail_signature\"><\/div>\n<div dir=\"auto\" data-smartmail=\"gmail_signature\"><a href=\"https:\/\/photos.app.goo.gl\/yh3HVKz9y3q5NV4Y8\" target=\"_blank\" rel=\"noopener noreferrer\">Totes les fotografies<\/a><\/div>\n","protected":false},"excerpt":{"rendered":"<p>Avui divendres 18 de juny la Gemma Cullell ha representat el nostre l&#8217;institut\u00a0 a l&#8217;acte del Proc\u00e9s Participatiu de la [&hellip;]<\/p>\n","protected":false},"author":1,"featured_media":7366,"comment_status":"closed","ping_status":"closed","sticky":false,"template":"","format":"standard","meta":{"_bbp_topic_count":0,"_bbp_reply_count":0,"_bbp_total_topic_count":0,"_bbp_total_reply_count":0,"_bbp_voice_count":0,"_bbp_anonymous_reply_count":0,"_bbp_topic_count_hidden":0,"_bbp_reply_count_hidden":0,"_bbp_forum_subforum_count":0,"site-sidebar-layout":"default","site-content-layout":"","ast-site-content-layout":"","site-content-style":"default","site-sidebar-style":"default","ast-global-header-display":"","ast-banner-title-visibility":"","ast-main-header-display":"","ast-hfb-above-header-display":"","ast-hfb-below-header-display":"","ast-hfb-mobile-header-display":"","site-post-title":"","ast-breadcrumbs-content":"","ast-featured-img":"","footer-sml-layout":"","theme-transparent-header-meta":"","adv-header-id-meta":"","stick-header-meta":"","header-above-stick-meta":"","header-main-stick-meta":"","header-below-stick-meta":"","astra-migrate-meta-layouts":"default","ast-page-background-enabled":"default","ast-page-background-meta":{"desktop":{"background-color":"var(--ast-global-color-4)","background-image":"","background-repeat":"repeat","background-position":"center center","background-size":"auto","background-attachment":"scroll","background-type":"","background-media":"","overlay-type":"","overlay-color":"","overlay-opacity":"","overlay-gradient":""},"tablet":{"background-color":"","background-image":"","background-repeat":"repeat","background-position":"center center","background-size":"auto","background-attachment":"scroll","background-type":"","background-media":"","overlay-type":"","overlay-color":"","overlay-opacity":"","overlay-gradient":""},"mobile":{"background-color":"","background-image":"","background-repeat":"repeat","background-position":"center center","background-size":"auto","background-attachment":"scroll","background-type":"","background-media":"","overlay-type":"","overlay-color":"","overlay-opacity":"","overlay-gradient":""}},"ast-content-background-meta":{"desktop":{"background-color":"var(--ast-global-color-5)","background-image":"","background-repeat":"repeat","background-position":"center center","background-size":"auto","background-attachment":"scroll","background-type":"","background-media":"","overlay-type":"","overlay-color":"","overlay-opacity":"","overlay-gradient":""},"tablet":{"background-color":"var(--ast-global-color-5)","background-image":"","background-repeat":"repeat","background-position":"center center","background-size":"auto","background-attachment":"scroll","background-type":"","background-media":"","overlay-type":"","overlay-color":"","overlay-opacity":"","overlay-gradient":""},"mobile":{"background-color":"var(--ast-global-color-5)","background-image":"","background-repeat":"repeat","background-position":"center center","background-size":"auto","background-attachment":"scroll","background-type":"","background-media":"","overlay-type":"","overlay-color":"","overlay-opacity":"","overlay-gradient":""}},"footnotes":""},"categories":[3,4,9,10,11,52,1,29],"tags":[39],"class_list":["post-7364","post","type-post","status-publish","format-standard","has-post-thumbnail","hentry","category-eso","category-eso-1","category-eso-1a","category-eso-1b","category-eso-1c","category-eso-1d","category-general","category-noticies","tag-sortides"],"post_mailing_queue_ids":[],"_links":{"self":[{"href":"https:\/\/agora.xtec.cat\/iespviana\/wp-json\/wp\/v2\/posts\/7364","targetHints":{"allow":["GET"]}}],"collection":[{"href":"https:\/\/agora.xtec.cat\/iespviana\/wp-json\/wp\/v2\/posts"}],"about":[{"href":"https:\/\/agora.xtec.cat\/iespviana\/wp-json\/wp\/v2\/types\/post"}],"author":[{"embeddable":true,"href":"https:\/\/agora.xtec.cat\/iespviana\/wp-json\/wp\/v2\/users\/1"}],"replies":[{"embeddable":true,"href":"https:\/\/agora.xtec.cat\/iespviana\/wp-json\/wp\/v2\/comments?post=7364"}],"version-history":[{"count":2,"href":"https:\/\/agora.xtec.cat\/iespviana\/wp-json\/wp\/v2\/posts\/7364\/revisions"}],"predecessor-version":[{"id":7367,"href":"https:\/\/agora.xtec.cat\/iespviana\/wp-json\/wp\/v2\/posts\/7364\/revisions\/7367"}],"wp:featuredmedia":[{"embeddable":true,"href":"https:\/\/agora.xtec.cat\/iespviana\/wp-json\/wp\/v2\/media\/7366"}],"wp:attachment":[{"href":"https:\/\/agora.xtec.cat\/iespviana\/wp-json\/wp\/v2\/media?parent=7364"}],"wp:term":[{"taxonomy":"category","embeddable":true,"href":"https:\/\/agora.xtec.cat\/iespviana\/wp-json\/wp\/v2\/categories?post=7364"},{"taxonomy":"post_tag","embeddable":true,"href":"https:\/\/agora.xtec.cat\/iespviana\/wp-json\/wp\/v2\/tags?post=7364"}],"curies":[{"name":"wp","href":"https:\/\/api.w.org\/{rel}","templated":true}]}}